{"id":504024,"date":"2021-04-21T00:04:36","date_gmt":"2021-04-21T05:04:36","guid":{"rendered":"https:\/\/www.diarioimagen.net\/?p=504024"},"modified":"2021-04-21T00:14:44","modified_gmt":"2021-04-21T05:14:44","slug":"elecciones-intermedias-mediocres","status":"publish","type":"post","link":"https:\/\/www.diarioimagen.net\/?p=504024","title":{"rendered":"Elecciones intermedias mediocres"},"content":{"rendered":"<h2>Punto por punto<\/h2>\n<h5>Augusto Corro<\/h5>\n<p>&nbsp;<\/p>\n<p>En junio pr\u00f3ximo se efectuar\u00e1n las elecciones intermedias m\u00e1s importantes de los \u00faltimos sexenios. Los partidos trabajan intensamente para promover el voto. Solo que su oferta, si es que tienen alguna, no se ve o es muy pobre.<\/p>\n<p>Esta vez, la lucha pol\u00edtica tiene como meta controlar la C\u00e1mara de Diputados para continuar o frenar la pol\u00edtica obradorista, es decir el proyecto de la Cuarta Transformaci\u00f3n (4T).<\/p>\n<p>De ah\u00ed, la importancia que le dan las organizaciones pol\u00edticas a las candidaturas de diputados federales. No ofrecen programas que estimulen a votar.<\/p>\n<p>El partido en el gobierno, y el propio presidente L\u00f3pez Obrador, buscan mantener el mayor n\u00famero de legisladores federales.<\/p>\n<p>Por su parte, la oposici\u00f3n, sumida en la mediocridad, tendr\u00e1 que esmerarse si quiere ganar el control pol\u00edtico en San L\u00e1zaro. La alianza \u201cVa por M\u00e9xico\u201d poco o nada ofrece.<\/p>\n<p>En Morena, sus diputados participan en su reelecci\u00f3n sin rubor alguno, tras tres a\u00f1os de levanta de dedos. Quien sabe que ser\u00eda del partido guinda si existiera en M\u00e9xico una oposici\u00f3n real, fuerte.<\/p>\n<p>Morena despu\u00e9s de varios a\u00f1os de pasividad despert\u00f3 para participar en la contienda electoral, con un numeroso grupo de aspirantes impresentables.<\/p>\n<p>Por ejemplo, el candidato a la gubernatura de Guerrero, F\u00e9lix Salgado Macedonio, acusado de violaciones sexuales y de incumplimiento a las leyes electorales.<\/p>\n<p>Desde cualquier \u00e1ngulo que se le mire, dicho aspirante es la negaci\u00f3n de su partido y de la doctrina que se maneja en la 4T, de su protector L\u00f3pez Obrador.<\/p>\n<p>En la coalici\u00f3n \u201cVa por M\u00e9xico\u201d no deja de asombrar su capacidad para recolectar a personajes que ya demostraron su incompetencia pol\u00edtica.<\/p>\n<p>Ah\u00ed est\u00e1 la muestra de Margarita Zavala, la esposa del ex presidente Felipe Calder\u00f3n Hinojosa, quien sigue aferrada a continuar en la \u201cgrilla\u201d a pesar de que su participaci\u00f3n esta marcada por los fracasos.<\/p>\n<p>Entre los impresentables opositores se encuentra el excandidato presidencial, Gabriel Quadri, acusado de acosador sexual, presumi\u00f3 su trabajo en las campa\u00f1as del PRI-PAN-PRD.<\/p>\n<p>Margarita Zavala y Gabriel Quadri son candidatos a diputados federales por la alianza del PAN-PRI-PRD. La se\u00f1ora de Calder\u00f3n no entiende que no se le da pol\u00edtica. Sus fracasos son numerosos.<\/p>\n<p>En su primera etapa de panista la ex primera dama su partido le neg\u00f3 una diputaci\u00f3n. Molesta dej\u00f3 esa organizaci\u00f3n pol\u00edtica para participar como candidata independiente en las elecciones presidenciales. Fracas\u00f3.<\/p>\n<p>Los esposos Calder\u00f3n-Zavala buscaron el registro de su partido M\u00e9xico Libre pero las autoridades electorales se lo negaron.<\/p>\n<p>Falta poco para el 6 de junio y una gran mayor\u00eda de electores a\u00fan no conoce a los candidatos que participan en la contienda. Y es posible que nunca se sepa quienes nos representar\u00e1n en los cargos p\u00fablicos.<\/p>\n<p>Eso s\u00ed, nuestra democracia es una de las m\u00e1s caras del mundo.<\/p>\n<p style=\"text-align: center;\"><strong>Amenazan con subir precio de tortillas<\/strong><\/p>\n<p>En<strong><em> DIARIOIMAGEN <\/em><\/strong>se inform\u00f3 ayer sobre el posible incremento en el precio de la tortilla que podr\u00eda alcanzar hasta los 24 pesos el kilogramo.<\/p>\n<p>Lo anterior obedece al encarecimiento de los insumos para la elaboraci\u00f3n de la tortilla que aumentaron en m\u00e1s del 40% en el \u00faltimo a\u00f1o.<\/p>\n<p>En diferentes entidades var\u00eda el precio del kilogramo de dicho producto b\u00e1sico, pero el precio promedio es de 18 pesos.<\/p>\n<p>Adem\u00e1s, hay un acaparamiento del ma\u00edz por parte de las grandes comercializadoras.<\/p>\n<p>Las autoridades tienen que ponerse las pilas, para evitar que la tortilla, uno de los productos de la canasta b\u00e1sica, suba de precio.<\/p>\n<p>Son tiempos de cuidar que no haya abusos en los precios de los alimentos. Se debe entender que millones de personas se encuentran en condiciones econ\u00f3micas dif\u00edciles por la invasi\u00f3n de la pandemia por el Covid-19.<\/p>\n<p>No es momento para aceptar abusos.<\/p>\n<p>\u00bfUsted qu\u00e9 opina amable lector?<\/p>\n<p><a href=\"mailto:aco2742@hotmail.com\" target=\"_blank\" rel=\"noopener noreferrer\"><em>aco2742@hotmail.com<\/em><\/a><\/p>\n","protected":false},"excerpt":{"rendered":"<p><span style=\"color: #005497;\"><strong>Augusto Corro<\/strong><\/span><\/p>\n","protected":false},"author":3,"featured_media":0,"comment_status":"open","ping_status":"open","sticky":false,"template":"","format":"standard","meta":{"_monsterinsights_skip_tracking":false,"_monsterinsights_sitenote_active":false,"_monsterinsights_sitenote_note":"","_monsterinsights_sitenote_category":0,"footnotes":""},"categories":[157],"tags":[43686,43674,11515],"class_list":["post-504024","post","type-post","status-publish","format-standard","hentry","category-augusto-corro","tag-augusto-corro","tag-opinion","tag-punto-por-punto"],"_links":{"self":[{"href":"https:\/\/www.diarioimagen.net\/index.php?rest_route=\/wp\/v2\/posts\/504024","targetHints":{"allow":["GET"]}}],"collection":[{"href":"https:\/\/www.diarioimagen.net\/index.php?rest_route=\/wp\/v2\/posts"}],"about":[{"href":"https:\/\/www.diarioimagen.net\/index.php?rest_route=\/wp\/v2\/types\/post"}],"author":[{"embeddable":true,"href":"https:\/\/www.diarioimagen.net\/index.php?rest_route=\/wp\/v2\/users\/3"}],"replies":[{"embeddable":true,"href":"https:\/\/www.diarioimagen.net\/index.php?rest_route=%2Fwp%2Fv2%2Fcomments&post=504024"}],"version-history":[{"count":0,"href":"https:\/\/www.diarioimagen.net\/index.php?rest_route=\/wp\/v2\/posts\/504024\/revisions"}],"wp:attachment":[{"href":"https:\/\/www.diarioimagen.net\/index.php?rest_route=%2Fwp%2Fv2%2Fmedia&parent=504024"}],"wp:term":[{"taxonomy":"category","embeddable":true,"href":"https:\/\/www.diarioimagen.net\/index.php?rest_route=%2Fwp%2Fv2%2Fcategories&post=504024"},{"taxonomy":"post_tag","embeddable":true,"href":"https:\/\/www.diarioimagen.net\/index.php?rest_route=%2Fwp%2Fv2%2Ftags&post=504024"}],"curies":[{"name":"wp","href":"https:\/\/api.w.org\/{rel}","templated":true}]}}