{"id":504027,"date":"2021-04-21T00:12:47","date_gmt":"2021-04-21T05:12:47","guid":{"rendered":"https:\/\/www.diarioimagen.net\/?p=504027"},"modified":"2021-04-21T00:20:57","modified_gmt":"2021-04-21T05:20:57","slug":"ante-el-tronido-de-sus-chicharrones-la-ley-sale-sobrando","status":"publish","type":"post","link":"https:\/\/www.diarioimagen.net\/?p=504027","title":{"rendered":"Ante el tronido de sus chicharrones&#8230; la ley sale sobrando"},"content":{"rendered":"<h2>\u00cdndice pol\u00edtico<\/h2>\n<h5>Francisco Rodr\u00edguez<\/h5>\n<p>&nbsp;<\/p>\n<p>Es universalmente aceptado que desde que Justiniano recopil\u00f3 el Corpus Iuris civilis de la antig\u00fcedad cl\u00e1sica, el Derecho jam\u00e1s consider\u00f3 que el paso del tiempo pudiera atentar contra los derechos colectivos, la paz p\u00fablica o los fundamentos de la civilizaci\u00f3n. Pero la ignorancia y la corrupci\u00f3n han introducido el olvido para insertar en la memoria el ADN de la desigualdad.<\/p>\n<p>Justiniano llev\u00f3 a cabo una de las labores m\u00e1s trascendentes de su tiempo. Mientras otros pensaban en la guerra eterna y desplegaban los ej\u00e9rcitos sobre Finisterre, Britania, Las Galias, Iberia, \u00c1frica y los desiertos asi\u00e1ticos, Justiniano glos\u00f3 en sus <em>Pandectas<\/em> o <em>Digesto<\/em> sus famosas <em>Instituta<\/em>, la base y la norma de toda conducta.<\/p>\n<p>O sea, la recopilaci\u00f3n que sirvi\u00f3 de fundamento a los principios generales de la ley, aplicables en todo momento y espacio, para toda conducta humana del Occidente planetario.<\/p>\n<p>De la mayor importancia, o la misma si se quiere, que la Medicina de Galeno, la Geometr\u00eda de Euclides o los principios de Trigonometr\u00eda de Hiparco, pues las <em>Instituta<\/em> no admiten modernizaci\u00f3n por efectos del avance tecnol\u00f3gico, ni por los caprichos de nadie.<\/p>\n<p>Cualquier gesto hom\u00ednido, toda reacci\u00f3n del ser humano ante su entorno social, econ\u00f3mico, pol\u00edtico o cultural, el menor trazo de un arreglo, \u201cdesde el infierno hasta el cielo\u201d, pueden estar contemplados o resueltos con la ayuda de los principios generales de Derecho.<\/p>\n<p style=\"text-align: center;\"><strong>Las interpretaciones jur\u00eddicas, a trav\u00e9s de Justiniano<\/strong><\/p>\n<p>Cuando el juzgador no encuentra a la mano una norma casu\u00edstica que aplique perfectamente en el caso concreto, nuestra Constituci\u00f3n y todos los c\u00f3digos civiles modernos, desde Napole\u00f3n hasta la fecha, permiten que la int\u00e9rprete jur\u00eddica para resolverlo se asiente sobre dichos principios.<\/p>\n<p>Los principios generales del Derecho, recopilados por Justiniano, est\u00e1n presentes en nuestra vida cotidiana, como lo estuvieron entre los pueblos de siempre o en la vida civil, de todo el tiempo que podamos recordar. No hay nada nuevo que descubrir bajo el sol, como atinadamente lo dijo el rey Salom\u00f3n en El Eclesiast\u00e9s.<\/p>\n<p>El manto protector de los principios generales del Derecho cubre las operaciones mercantiles, lo mismo con el pronunciamiento del <em>Pacta sunt servanda<\/em> (lo pactado obliga), que con el famoso <em>Rebus sic stantibus <\/em>(las operaciones se cumplen respetando las condiciones del momento en que se contrajeron), que incluso conden\u00f3 a <em>Shylock<\/em>, en <em>El Mercader de Venecia<\/em>, de Shakespeare.<\/p>\n<p style=\"text-align: center;\"><strong>El Derecho siempre est\u00e1 donde se necesita que se exprese<\/strong><\/p>\n<p>Protegen las tipificaciones penales, con las c\u00e9lebres <em>Nulla poena sine previa lege<\/em> (ning\u00fan castigo sin ley previa) o el <em>Quod initio vitiosum est, non potest tractu temporis convalescere<\/em> (despejando toda duda acerca de que lo inicialmente viciado no se convalida por el transcurso del tiempo).<\/p>\n<p>Trascienden el Derecho de gentes, el Internacional, con el famoso <em>Ultra posse nemo obligatur <\/em>(nadie est\u00e1 obligado a lo imposible) o al decir que lo que no existe en el expediente, no existe en el mundo. Rige al derecho pol\u00edtico moderno, con el famoso \u201c no se puede ser juez y parte de una misma causa\u201d&#8230;<\/p>\n<p>&#8230;el <em>Ius suum cuique tribuere<\/em> (dar a cada quien lo suyo), o que a confesi\u00f3n de parte relevo de pruebas. Porque el Derecho siempre est\u00e1 ah\u00ed, donde se necesita que se exprese. A falta de ley aplicable operan sus principios generales. Su jerarqu\u00eda es equivalente en el tiempo y en el espacio. As\u00ed se establece en todas latitudes del mundo.<\/p>\n<p style=\"text-align: center;\"><strong>Compulsi\u00f3n mexicana: aprobar leyes sin ton ni son<\/strong><\/p>\n<p>Con absoluta seguridad podemos afirmar que aqu\u00ed no tenemos una vida m\u00e1s sofisticada que aquella de los pa\u00edses de Europa Occidental, ni de los nuevos pa\u00edses emergentes, ni la de algunos latinoamericanos a los que les basta una repisa del librero para exponer toda su legislaci\u00f3n. No obstante, aqu\u00ed continuamos produciendo normatividades al gusto de cada uno.<\/p>\n<p>La compulsi\u00f3n obsesiva que tenemos los mexicanos por legislar y aprobar leyes que se destinan al archivo y que s\u00f3lo salen a la luz cuando alg\u00fan magistrado quiere inspirar sus sentencias en el derecho antiguo o en las letras negras de leyes que duermen el sue\u00f1o de los justos es inexplicable.<\/p>\n<p>Lo mismo que las exigencias de nuevas leyes para delitos administrativos, invocadas al calor del combate a la corrupci\u00f3n, la transparencia y el derecho a la informaci\u00f3n. Toda esa legislaci\u00f3n ya existe en el Derecho Positivo, complementada con los principios generales de interpretaci\u00f3n jur\u00eddica.<\/p>\n<p>Los conflictos de inter\u00e9s, el enriquecimiento inexplicable, la omisi\u00f3n asesina, la prohibici\u00f3n de participar en negocios p\u00fablicos por parte de los misma servidores que los autorizan, el abuso de confianza, el fraude a la ley, el acceso expedito a los documentos p\u00fablicos, forman parte del archivo secular del Derecho Positivo mexicano.<\/p>\n<p style=\"text-align: center;\"><strong>La abundancia de leyes produce desprecio e ignorancia<\/strong><\/p>\n<p>Sobrecalentar al Estado con exceso de leyes causa m\u00e1s da\u00f1os que beneficios. La abundancia de leyes produce desprecio e ignorancia, provoca interpretaciones maliciosas y desavenencias entre las fuerzas pol\u00edticas, frena la competitividad y empantana la administraci\u00f3n.<\/p>\n<p>Constituye tambi\u00e9n un claro obst\u00e1culo cuando, en el desprop\u00f3sito, pretende recargar de normatividades a organismos que necesitan agilidad para actuar en la inmediatez de lo urgente e importante. Cubre de tejidos adiposos la ejecuci\u00f3n de los cometidos.<\/p>\n<p>La poblaci\u00f3n indefensa vaga desconcertada entre una nube de huizacheros cada vez que trata de defender un derecho fundamental. Est\u00e1 a expensas de los caprichos y de los embutes entre leguleyos y juzgadores, para acabar perdiendo ante un enredijo de intereses espurios.<\/p>\n<p style=\"text-align: center;\"><strong>Para el \u201ccaudillo\u201d la voz del pueblo est\u00e1 sobre la Constituci\u00f3n<\/strong><\/p>\n<p>Pero, afortunadamente ya lleg\u00f3, dice que para quedarse, el intelig\u00e9rrimo <em>Juan Trump Maduro<\/em> para poner orden en el cotarro. De nada sirven tantas leyes si se puede resolver que los ni\u00f1os mueran de c\u00e1ncer, mientras se acomoda la Cuarta Transformaci\u00f3n. Esos angelitos dar\u00e1n la vida por un M\u00e9xico mejor y ser\u00e1n los h\u00e9roes del futuro.<\/p>\n<p>\u00bfPara qu\u00e9 queremos tantas leyes esenciales, si a mano alzada se pueden cancelar todas las inversiones de miles de millones de d\u00f3lares de Iberdrola, de Constellation Brands, y de energ\u00edas limpias, si con acuerditos administrativos a modo del que manda se pueden cancelar las plataformas de empleos y la base del progreso?<\/p>\n<p>\u00bfPara qu\u00e9 queremos tantas leyes, estando el suelo tan parejo, si con un par de zapatos, pantalones ra\u00eddos, arroz y frijoles -gorgojos incluidos- se puede dar gracias a la vida? \u00bfPara qu\u00e9 nos devanamos los sesos, si la felicidad est\u00e1 al alcance de estampitas, invocaciones est\u00fapidas y abrazos sin balazos contra la delincuencia organizada? La ignorancia es un privilegio y una bendici\u00f3n para los profetas de nixtamal.<\/p>\n<p style=\"text-align: center;\"><strong>El progreso, decretado desde las \u201cma\u00f1aneras\u201d del Palacio<\/strong><\/p>\n<p>No necesitamos ya nada.<\/p>\n<p>El progreso est\u00e1 decretado desde las \u201cma\u00f1aneras\u201d del Palacio.<\/p>\n<p>A volar las leyes, los principios generales de derecho y si quiere la Constituci\u00f3n, como en el caso de la ampliaci\u00f3n de mandato del actual presidente de la <em>Corta<\/em> de Justicia.<\/p>\n<p>Aqu\u00ed nada m\u00e1s unos chicharrones son los que truenan.<\/p>\n<p>La ley sale sobrando.<\/p>\n<p>\u00bfNo cree usted?<\/p>\n<p><strong><em>\u00cdndice Flam\u00edgero<\/em>:<\/strong> Y pese a las evidencias y las opiniones de expertos, AMLO se monta en su macho, pues asegur\u00f3 que es constitucional la extensi\u00f3n de la presidencia de Arturo Zald\u00edvar en la <em>Corta<\/em>, pues sin la ampliaci\u00f3n habr\u00e1 \u201cm\u00e1s de lo mismo\u201d. \u201cYo entiendo que no, que es constitucional, que no es inconstitucional, pero eso lo van a decidir en la C\u00e1mara de Diputados. Mi opini\u00f3n ya la extern\u00e9, es que el Ministro Presidente de la Corte es \u00edntegro, honesto y que ayudar\u00eda mucho en la renovaci\u00f3n del Poder Judicial porque urge la reforma\u201d, afirm\u00f3 en la \u201cma\u00f1anera\u201d de este lunes reciente.<\/p>\n<p><em><u><a href=\"http:\/\/www.indicepolitico.com\" target=\"_blank\" rel=\"noopener noreferrer\">www.indicepolitico.com<\/a><\/u><u><br \/>\n<\/u><a href=\"mailto:indicepolitico@gmail.com\" target=\"_blank\" rel=\"noopener noreferrer\">indicepolitico@gmail.com<\/a><\/em><br \/>\n<em><a href=\"https:\/\/twitter.com\/indicepolitico?lang=es\" target=\"_blank\" rel=\"noopener noreferrer\">@IndicePolitico<\/a><\/em><br \/>\n<em><u><a href=\"https:\/\/twitter.com\/pacorodriguez\" target=\"_blank\" rel=\"noopener noreferrer\">@pacorodriguez<\/a><\/u><\/em><\/p>\n","protected":false},"excerpt":{"rendered":"<p><span style=\"color: #005497;\"><strong>Francisco Rodr\u00edguez<\/strong><\/span><br \/>\n<br \/>\nEs universalmente aceptado que desde que Justiniano recopil\u00f3 el Corpus Iuris civilis de la antig\u00fcedad cl\u00e1sica, el Derecho jam\u00e1s consider\u00f3 que el paso del tiempo pudiera atentar contra los derechos colectivos, la paz p\u00fablica o los fundamentos de la civilizaci\u00f3n. Pero la ignorancia y la corrupci\u00f3n han introducido el olvido para insertar en la memoria el ADN de la desigualdad.<\/p>\n","protected":false},"author":3,"featured_media":0,"comment_status":"open","ping_status":"open","sticky":false,"template":"","format":"standard","meta":{"_monsterinsights_skip_tracking":false,"_monsterinsights_sitenote_active":false,"_monsterinsights_sitenote_note":"","_monsterinsights_sitenote_category":0,"footnotes":""},"categories":[549],"tags":[43689,550,43674],"class_list":["post-504027","post","type-post","status-publish","format-standard","hentry","category-francisco-rodriguez","tag-francisco-rodriguez","tag-indice-politico","tag-opinion"],"_links":{"self":[{"href":"https:\/\/www.diarioimagen.net\/index.php?rest_route=\/wp\/v2\/posts\/504027","targetHints":{"allow":["GET"]}}],"collection":[{"href":"https:\/\/www.diarioimagen.net\/index.php?rest_route=\/wp\/v2\/posts"}],"about":[{"href":"https:\/\/www.diarioimagen.net\/index.php?rest_route=\/wp\/v2\/types\/post"}],"author":[{"embeddable":true,"href":"https:\/\/www.diarioimagen.net\/index.php?rest_route=\/wp\/v2\/users\/3"}],"replies":[{"embeddable":true,"href":"https:\/\/www.diarioimagen.net\/index.php?rest_route=%2Fwp%2Fv2%2Fcomments&post=504027"}],"version-history":[{"count":0,"href":"https:\/\/www.diarioimagen.net\/index.php?rest_route=\/wp\/v2\/posts\/504027\/revisions"}],"wp:attachment":[{"href":"https:\/\/www.diarioimagen.net\/index.php?rest_route=%2Fwp%2Fv2%2Fmedia&parent=504027"}],"wp:term":[{"taxonomy":"category","embeddable":true,"href":"https:\/\/www.diarioimagen.net\/index.php?rest_route=%2Fwp%2Fv2%2Fcategories&post=504027"},{"taxonomy":"post_tag","embeddable":true,"href":"https:\/\/www.diarioimagen.net\/index.php?rest_route=%2Fwp%2Fv2%2Ftags&post=504027"}],"curies":[{"name":"wp","href":"https:\/\/api.w.org\/{rel}","templated":true}]}}