{"id":504040,"date":"2021-04-21T00:12:52","date_gmt":"2021-04-21T05:12:52","guid":{"rendered":"https:\/\/www.diarioimagen.net\/?p=504040"},"modified":"2021-04-21T00:35:26","modified_gmt":"2021-04-21T05:35:26","slug":"senado-aprueba-reforma-de-outsourcing","status":"publish","type":"post","link":"https:\/\/www.diarioimagen.net\/?p=504040","title":{"rendered":"Senado aprueba reforma de <em>outsourcing<\/em>"},"content":{"rendered":"<h2>Tras la puerta del poder<\/h2>\n<h5>Roberto Vizca\u00edno<\/h5>\n<p>&nbsp;<\/p>\n<p>Sin duda, la regulaci\u00f3n del <em>outsourcing<\/em>, aprobada ayer por el Senado, es uno de los grandes logros reales de la 4T y del presidente <strong>Andr\u00e9s Manuel L\u00f3pez Obrador<\/strong>.<\/p>\n<p>Hoy s\u00f3lo habr\u00eda que agregar que esta compleja nueva ley estuvo a punto de provocar en varias ocasiones uno de los mayores desastres econ\u00f3micos, suspensi\u00f3n de inversiones y fuga de capitales porque en los hechos, incorporar a las empresas a todos los trabajadores que operan bajo este esquema, quiz\u00e1 unos 10 millones en total, hubiera significado acabar con la los m\u00e1rgenes de competitividad econ\u00f3mica internacional de M\u00e9xico.<\/p>\n<p>En este logro al final se enfrentaron los \u00abduros\u00bb de Morena y la 4T y los \u00abnegociadores\u00bb. Ganaron los \u00faltimos.<\/p>\n<p>Pero para ello, se debi\u00f3 batir a fondo\u00a0<strong>Ricardo Monreal<\/strong>\u00a0quien se acerc\u00f3 a los organismos c\u00fapula del capital y el empresariado del pa\u00eds, a fin de regresarlos a la mesa de negociaci\u00f3n en Palacio donde al final el presidente\u00a0<strong>L\u00f3pez Obrador<\/strong>\u00a0tambi\u00e9n entendi\u00f3 que no se pod\u00eda ir a la desaparici\u00f3n total del <em>outsourcing.<\/em><\/p>\n<p>El zacatecano ide\u00f3 un proceso de Parlamento Abierto, que por un lado detuvo en seco un dictamen ya aprobado en la Comisi\u00f3n del Trabajo del Senado, donde el senador <strong>Napole\u00f3n G\u00f3mez Urrutia<\/strong> hab\u00eda logrado casi desaparecer la figura del outsourcing lo que provoc\u00f3 el p\u00e1nico en las c\u00fapulas empresariales.<\/p>\n<p>Ayer, al subir a tribuna,\u00a0<strong>Monreal\u00a0<\/strong>record\u00f3 parte de este trayecto. Relat\u00f3 lo que se hizo para propiciar ir al Parlamento Abierto y as\u00ed enriquecer el trabajo legislativo, que no fue otra cosa que equilibrar las exigencias de todas las partes en juego.<\/p>\n<p>Se logr\u00f3, dijo para dar una explicaci\u00f3n, encontrar nuevos esquemas y reglas innovadoras para la subcontrataci\u00f3n hasta encontrar el punto de equilibrio perfecto.<\/p>\n<p>M\u00e9xico supera as\u00ed, afirm\u00f3, 16 a\u00f1os de atraso en cuanto a la protecci\u00f3n efectiva de los derechos de los trabajadores que son subcontratados.<\/p>\n<p>Al final, el equilibrio y las negociaciones dentro y fuera del Senado, lograron la aprobaci\u00f3n de la regulaci\u00f3n del <em>outsourcing <\/em>por 118 votos a favor y 2 abstenciones.<\/p>\n<p>Esta nueva Ley, afirm\u00f3\u00a0<strong>Monreal<\/strong>, fortalecer\u00e1 el empleo, robustecer\u00e1 la figura de la subcontrataci\u00f3n laboral y eliminar\u00e1 viejas pr\u00e1cticas que hasta hoy afectan a unos 10 millones de trabajadores.<\/p>\n<p>Con esta nueva regulaci\u00f3n, la Ley Federal del Trabajo proh\u00edbe la subcontrataci\u00f3n mayoritaria de personal, y quienes intervengan en el proceso de contrataci\u00f3n de personal, bajo la modalidad de agencias de empleo o intermediarias, s\u00f3lo podr\u00e1n participar en el reclutamiento, selecci\u00f3n, entrenamiento y capacitaci\u00f3n, entre otras actividades.<\/p>\n<p>Se permitir\u00e1 la subcontrataci\u00f3n, pero s\u00f3lo de servicios especializados, o de ejecuci\u00f3n de obras especializadas, con la obligaci\u00f3n de que el contratista est\u00e9 registrado ante la Secretar\u00eda de Trabajo y Previsi\u00f3n Social en el padr\u00f3n constituido para tal efecto.<\/p>\n<p>El logro mayor, concluy\u00f3, es que se termina con la simulaci\u00f3n de contrataci\u00f3n laboral en todos los sectores.<\/p>\n<p style=\"text-align: center;\"><strong>En boca cerrada no entran moscas<\/strong>&#8230;<\/p>\n<p>La imprudencia, sumada a falta de capacitaci\u00f3n en manejo de medios digitales le cobraron ayer una\u00a0factura pol\u00edtica cara\u00a0a la senadora de Morena\u00a0<strong>Mar\u00eda Mercedes Gonz\u00e1lez<\/strong>\u00a0-suplente de la senadora\u00a0<strong>Ang\u00e9lica Garc\u00eda<\/strong>, quien falleci\u00f3 el diciembre anterior-, quien dentro de un encuentro por <em>Zoom<\/em> con otros senadores coment\u00f3 que su l\u00edder pol\u00edtico,\u00a0<strong>Ricardo Monreal,<\/strong>\u00a0le hab\u00eda dicho que al presidente\u00a0<strong>Andr\u00e9s Manuel L\u00f3pez Obrado<\/strong>r le interesaba impulsar las campa\u00f1as de Morena en Jalisco y Nuevo Le\u00f3n.<\/p>\n<p>Con micr\u00f3fono abierto y con la atenci\u00f3n de senadores de todas las bancadas, dijo:<\/p>\n<p>\u00ab<strong>Monreal<\/strong>\u00a0nos dijo a la senadora\u00a0<strong>Antonia C\u00e1rdenas<\/strong>\u00a0y a una servidora que les hici\u00e9ramos este comunicado; que al Presidente le interesa mucho, en este caso coment\u00f3, los estados de Jalisco y Nuevo Le\u00f3n, bueno todos los estados\u00bb.<\/p>\n<p>La senadora tabasque\u00f1a\u00a0<strong>M\u00f3nica Fern\u00e1ndez<\/strong>, ex presidenta del Senado, la interrumpi\u00f3 y le advirti\u00f3 que estaba comentando asuntos de Morena en un chat abierto a senadores de otros partidos.<\/p>\n<p>\u00ab<strong>Mar\u00eda Mercedes<\/strong>, creo que est\u00e1s en el chat de todo el Senado de la Rep\u00fablica, est\u00e1n senadores de todos los grupos parlamentarios y tu mensaje est\u00e1 dirigido solamente al Grupo Parlamentario de Morena. Yo creo que ese mensaje podr\u00edas transmitirlo en otros espacios\u00bb, coment\u00f3 la senadora\u00a0<strong>Fern\u00e1ndez<\/strong>.<\/p>\n<p>\u00ab\u00a1Ah s\u00ed, s\u00ed!&#8230; tienes raz\u00f3n, tienes raz\u00f3n\u00bb, respondi\u00f3 <strong>Mar\u00eda Mercedes.\u00a0<\/strong><\/p>\n<p>Los memes y comentarios chuscos de otros legisladores corrieron durante toda la tarde por redes sociales, donde comentaban que AMLO deber\u00eda estar preocupado por todo el pa\u00eds, no s\u00f3lo por las elecciones en Jalisco y Nuevo Le\u00f3n.<\/p>\n<p style=\"text-align: center;\"><strong>Oootra de Bonilla<br \/>\n<\/strong><\/p>\n<p>Captado en filas preferentes en un juego de beisbol en San Diego, el gobernador de Baja California, el morenista\u00a0<strong>Jaime Bonilla,<\/strong>\u00a0se enfrent\u00f3 ayer a una investigaci\u00f3n que muestra una lujosa casa de su propiedad en Chula Vista, CA, que seg\u00fan el registro de la propiedad estar\u00eda valuada en 1 mill\u00f3n 192 mil d\u00f3lares.<\/p>\n<p><strong>Bonilla<\/strong>\u00a0ha sido acusado con documentos probatorios que es ciudadano estadounidense, lo cual le impedir\u00eda ser senador (con licencia) y gobernador de BC.<\/p>\n<p><em><a href=\"mailto:rvizcainoa@gmail.com\" target=\"_blank\" rel=\"noopener noreferrer\">rvizcainoa@gmail.com<\/a><br \/>\n<u><a href=\"http:\/\/endirecto.mx\" target=\"_blank\" rel=\"noopener noreferrer\">www.endirecto.mx<\/a><br \/>\n<a href=\"https:\/\/twitter.com\/_rvizcaino\" target=\"_blank\" rel=\"noopener noreferrer\">@_RVizcaino<\/a><br \/>\n<a href=\"https:\/\/www.facebook.com\/rvizcainoa\" target=\"_blank\" rel=\"noopener noreferrer\">facebook.com\/rvizcainoa<\/a><\/u><\/em><\/p>\n","protected":false},"excerpt":{"rendered":"<p><span style=\"color: #005497;\"><strong>Roberto Vizca\u00edno<\/strong><\/span><br \/>\n<br \/>\nSin duda, la regulaci\u00f3n del <em>outsourcing<\/em>, aprobada ayer por el Senado, es uno de los grandes logros reales de la 4T y del presidente <strong>Andr\u00e9s Manuel L\u00f3pez Obrador<\/strong>.<\/p>\n","protected":false},"author":3,"featured_media":0,"comment_status":"open","ping_status":"open","sticky":false,"template":"","format":"standard","meta":{"_monsterinsights_skip_tracking":false,"_monsterinsights_sitenote_active":false,"_monsterinsights_sitenote_note":"","_monsterinsights_sitenote_category":0,"footnotes":""},"categories":[136],"tags":[43674,93,94],"class_list":["post-504040","post","type-post","status-publish","format-standard","hentry","category-roberto-vizcaino-opinion","tag-opinion","tag-roberto-vizcaino","tag-tras-la-puerta-del-poder"],"_links":{"self":[{"href":"https:\/\/www.diarioimagen.net\/index.php?rest_route=\/wp\/v2\/posts\/504040","targetHints":{"allow":["GET"]}}],"collection":[{"href":"https:\/\/www.diarioimagen.net\/index.php?rest_route=\/wp\/v2\/posts"}],"about":[{"href":"https:\/\/www.diarioimagen.net\/index.php?rest_route=\/wp\/v2\/types\/post"}],"author":[{"embeddable":true,"href":"https:\/\/www.diarioimagen.net\/index.php?rest_route=\/wp\/v2\/users\/3"}],"replies":[{"embeddable":true,"href":"https:\/\/www.diarioimagen.net\/index.php?rest_route=%2Fwp%2Fv2%2Fcomments&post=504040"}],"version-history":[{"count":0,"href":"https:\/\/www.diarioimagen.net\/index.php?rest_route=\/wp\/v2\/posts\/504040\/revisions"}],"wp:attachment":[{"href":"https:\/\/www.diarioimagen.net\/index.php?rest_route=%2Fwp%2Fv2%2Fmedia&parent=504040"}],"wp:term":[{"taxonomy":"category","embeddable":true,"href":"https:\/\/www.diarioimagen.net\/index.php?rest_route=%2Fwp%2Fv2%2Fcategories&post=504040"},{"taxonomy":"post_tag","embeddable":true,"href":"https:\/\/www.diarioimagen.net\/index.php?rest_route=%2Fwp%2Fv2%2Ftags&post=504040"}],"curies":[{"name":"wp","href":"https:\/\/api.w.org\/{rel}","templated":true}]}}