{"id":504064,"date":"2021-04-21T00:01:36","date_gmt":"2021-04-21T05:01:36","guid":{"rendered":"https:\/\/www.diarioimagen.net\/?p=504064"},"modified":"2021-04-23T00:32:34","modified_gmt":"2021-04-23T05:32:34","slug":"del-25-al-27-de-abril-se-llevara-a-cabo-la-cumbre-mundial-del-wttc","status":"publish","type":"post","link":"https:\/\/www.diarioimagen.net\/?p=504064","title":{"rendered":"\u00a0Del 25 al 27 de abril se llevar\u00e1 a cabo la Cumbre Mundial del WTTC"},"content":{"rendered":"<h2>De cinco estrellas<\/h2>\n<h5>Victoria Gonz\u00e1lez Prado<\/h5>\n<p><strong>\u00a0<\/strong><\/p>\n<ul>\n<li><strong>Hacienda Jurica by Brisas<em>, remodelado totalmente, celebra su 52 aniversario<\/em><\/strong><\/li>\n<li><strong><em>Tom\u00f3 protesta la nueva mesa directiva de la filial AMAV-Tamaulipas<\/em><\/strong><\/li>\n<li><strong><em>A partir del 2 de julio Avianca conectar\u00e1 Medell\u00edn, Colombia con Canc\u00fan<\/em><\/strong><\/li>\n<\/ul>\n<p>&nbsp;<\/p>\n<div id=\"attachment_504116\" style=\"width: 470px\" class=\"wp-caption aligncenter\"><a href=\"https:\/\/www.diarioimagen.net\/?attachment_id=504116\" rel=\"attachment wp-att-504116\"><img loading=\"lazy\" decoding=\"async\" aria-describedby=\"caption-attachment-504116\" class=\"size-full wp-image-504116\" src=\"https:\/\/www.diarioimagen.net\/wp-content\/uploads\/2021\/04\/turismo-6.jpg\" alt=\"\" width=\"460\" height=\"270\" \/><\/a><p id=\"caption-attachment-504116\" class=\"wp-caption-text\">La Cumbre Mundial del WTTC en Canc\u00fan.<\/p><\/div>\n<p>&nbsp;<\/p>\n<p>La Cumbre Mundial organizada por el WTTC tendr\u00e1 lugar del 25 al 27 de abril en Canc\u00fan y se convierte en el primer gran evento del sector turismo en este a\u00f1o\u00a0 bajo el lema \u201cEl mundo unido por la recuperaci\u00f3n\u201d (<em>Uniting the World for Recovery<\/em>). Ser\u00e1 la plataforma para impulsar la recuperaci\u00f3n del sector \u2013severamente da\u00f1ado por los efectos de la pandemia\u2013 en la econom\u00eda internacional.<\/p>\n<p>El encuentro global se realizar\u00e1 de forma h\u00edbrida: 600 delegados presenciales\u00a0 y m\u00e1s de 30 mil v\u00eda remota, a trav\u00e9s de plataforma digital. Al momento han confirmado su participaci\u00f3n: <strong>Juan Manuel Santos<\/strong>, expresidente de Colombia y Premio Nobel de la Paz en 2016, as\u00ed como CEOs de empresas (<em>Carnival Corporation, Hilton, Marriot, Meli\u00e1<\/em> e I<em>nternova<\/em>, entre muchas otras), l\u00edderes de gobiernos, ministros de relaciones exteriores y de turismo, y m\u00e1s de cien oradores de primer nivel de pa\u00edses como Estados Unidos, Francia, Espa\u00f1a, Portugal, Grecia, Per\u00fa y Arabia Saudita, por mencionar solo algunos.<\/p>\n<p><strong>Gloria Guevara Manzo<\/strong>, presidenta y CEO del\u00a0WTTC indic\u00f3: \u201choy m\u00e1s que nunca, es de gran trascendencia la realizaci\u00f3n de la Cumbre Mundial de Viajes y Turismo en Canc\u00fan, ser\u00e1 la plataforma para la recuperaci\u00f3n global de esta importante industria. Es momento de que todos, autoridades, empresarios y sociedad, trabajemos juntos y saquemos adelante a este sector\u201d.<\/p>\n<p>Destac\u00f3 que hay gran confianza en el gobierno de Quintana Roo, que fue uno de los primeros destinos globales en recibir el\u00a0<em>Safe Travel Stamp<\/em>\u00a0por la aplicaci\u00f3n de protocolos de higiene y desinfecci\u00f3n.<\/p>\n<p>Durante la Cumbre Mundial se presentar\u00e1n diversas iniciativas relacionadas al sector de viajes y turismo en materia de sustentabilidad, agenda digital, impacto social y el empoderamiento de la mujer en el sector<em>\u00a0(Women in Global Travel<\/em>), con gran impacto en materia de equidad de g\u00e9nero.<\/p>\n<p>Sin duda el evento generar\u00e1 inversiones y promoci\u00f3n, pero tambi\u00e9n impulsar\u00e1 el desarrollo social en los destinos, as\u00ed como el empoderamiento de la mujer. Estos factores, le dar\u00e1n mayor fortaleza a la cumbre, que marcar\u00e1 un antes y un despu\u00e9s en el sector.<\/p>\n<p>Es importante recordar que el segmento de viajes y turismo genera uno de cada cuatro empleos en el mundo, y en este momento enfrenta el mayor reto en su historia. La crisis sanitaria lo ha impactado severamente y m\u00e1s de 174 millones de empleos se han visto afectados.<\/p>\n<p>\u2730\u2730\u2730\u2730\u2730 Hacienda Jurica by Brisas est\u00e1 de manteles largos al celebrar su 52 aniversario y ser el hotel m\u00e1s grande de Quer\u00e9taro que cuenta con lo \u00faltimo en tecnolog\u00eda, conectividad y dise\u00f1o vanguardista<\/p>\n<p>El inmueble cuenta con el restaurante Los Hules, el bar las Calandrias y spa con tratamientos para el cuerpo y el alma.<\/p>\n<p>Hoy el hotel est\u00e1 100 por ciento remodelado y brinda espacios para congresos y convenciones y todas las medidas de higiene y seguridad para sus visitantes.\u00a0 Ofrece 12 hect\u00e1reas con amplios jardines y \u00e1reas verdes y WiFi de alta velocidad en todo el inmueble.<\/p>\n<p>En Hacienda Jurica hay variedad de actividades de entretenimiento: paseos a caballo, alberca climatizada, minigolf, mesas de ping pong, billar, futbolito y canchas para practicar tenis, basquetball y voleiball.<\/p>\n<p>Digna es de mencionarse su reconocida y exquisita gastronom\u00eda internacional, en el restaurante que cuenta con el Distintivo H certificaci\u00f3n que se otorga por el adecuado e higi\u00e9nico manejo de alimentos.<\/p>\n<p>Tambi\u00e9n est\u00e1 certificado por la Secretar\u00eda de Turismo federal como \u201cPunto Limpio\u201d y el sello \u201c<em>Safe Travels\u201d<\/em> del WTTC.<\/p>\n<p>\u2730\u2730\u2730\u2730\u2730 <strong>Eduardo Paniagua Morales<\/strong>, presidente de la Asociaci\u00f3n Mexicana de Agencias de Viajes nacional, tom\u00f3 protesta a la nueva mesa directiva de la filial Tamaulipas para el per\u00edodo 2021-2023, que encabeza <strong>Adriana Guadalupe N\u00e1jera Arias<\/strong>.<\/p>\n<p><strong>Paniagua Morales<\/strong>, anunci\u00f3 el proyecto del \u201cMuseo del Dulce\u201d en los 132 Pueblos M\u00e1gicos, donde artesanos y cocineros de dulces tendr\u00e1n alternativa para comercializar sus productos en su localidad y el resto de la Rep\u00fablica Mexicana.<\/p>\n<p>La nueva presidenta de la filial AMAV Tamaulipas destac\u00f3 que entre los objetivos buscar\u00e1 el crecimiento y fortalecimiento de la filial integrando a todas las agencias de viajes formalmente establecidas e impulsando la creaci\u00f3n de operadoras de turismo receptivo.<\/p>\n<p>Asimismo, \u2028integrar\u00e1 el servicio profesional de los gu\u00edas de turistas, creaci\u00f3n de productos tur\u00edsticos innovadores, promover dise\u00f1o de experiencias de viajes completas e impulsar y promover la declaraci\u00f3n de nuevos pueblos m\u00e1gicos, as\u00ed como reposicionar a Tamaulipas como destino seguro y la modernizaci\u00f3n de los sistemas de comercializaci\u00f3n y promoci\u00f3n de productos, a trav\u00e9s de medios digitales.<\/p>\n<p>\u2730\u2730\u2730\u2730\u2730 El pr\u00f3ximo 2 de julio Avianca conectar\u00e1 \u2014tres veces por semana\u2014 Medell\u00edn con Canc\u00fan al ofrecer m\u00e1s de tres mil asientos mensuales en <em>Airbus A320 Neo <\/em>\u2014configurados para 150-153 pasajeros\u2014 destino que fortalecer\u00e1 su red de vuelos sin escalas.<\/p>\n<p>La aerol\u00ednea, cuenta con centro de operaciones en el Aeropuerto Jos\u00e9 Mar\u00eda C\u00f3rdova en Medell\u00edn, en el que operan m\u00e1s de 167 frecuencias semanales a seis destinos nacionales (Barranquilla, Bogot\u00e1, Cartagena, Monter\u00eda, Santa Marta, Santiago de Cali) y dos internacionales (Nueva York y Miami).<\/p>\n<p>A principio de a\u00f1o, Volaris y Viva Aerob\u00fas dieron a conocer su inter\u00e9s de operar entre ambas naciones al solicitar autorizaci\u00f3n y con el fin de llenar el vac\u00edo que dej\u00f3 Interjet.<\/p>\n<p>Al mismo tiempo, la aerol\u00ednea colombiana <em>Wingo<\/em> retom\u00f3 vuelos a Canc\u00fan y Ciudad de M\u00e9xico desde Bogot\u00e1 y sum\u00f3 una conexi\u00f3n directa entre Canc\u00fan y Medell\u00edn. La l\u00ednea a\u00e9rea inici\u00f3 vuelo entre Medell\u00edn y Canc\u00fan el pasado 28 de marzo en <em>Boeing 737-800 NG<\/em>, con capacidad para 186 viajeros y a partir de abril, incrementar\u00e1 su oferta en esta ruta. Tambi\u00e9n conecta Bogot\u00e1 con la Ciudad de M\u00e9xico.<\/p>\n<p>De acuerdo con ProColombia, despu\u00e9s de M\u00e9xico y Ecuador, Colombia es el tercer pa\u00eds en Latinoam\u00e9rica que m\u00e1s ha recuperado su capacidad a\u00e9rea.<\/p>\n<p>&nbsp;<\/p>\n<blockquote>\n<p style=\"text-align: right;\">\u201c<strong>El<\/strong> <strong>\u00e1ngel de la fama tiene sus alas hechas de papel&#8230; peri\u00f3dico\u201d.<br \/>\n<\/strong><\/p>\n<\/blockquote>\n<p>&nbsp;<\/p>\n<p><em><span class=\"Apple-converted-space\"><a href=\"mailto:victoriagprado@gmail.com\" target=\"_blank\" rel=\"noopener noreferrer\">victoriagprado@gmail.com<\/a><br \/>\nTwitter: <a href=\"https:\/\/twitter.com\/victoriagprado\" target=\"_blank\" rel=\"noopener noreferrer\">@victoriagprado<\/a><\/span><\/em><\/p>\n","protected":false},"excerpt":{"rendered":"<p>La Cumbre Mundial organizada por el WTTC tendr\u00e1 lugar del 25 al 27 de abril en Canc\u00fan y se convierte en el primer gran evento del sector turismo en este a\u00f1o  bajo el lema \u201cEl mundo unido por la recuperaci\u00f3n\u201d (<em>Uniting the World for Recovery<\/em>).<\/p>\n","protected":false},"author":3,"featured_media":504116,"comment_status":"open","ping_status":"open","sticky":false,"template":"","format":"standard","meta":{"_monsterinsights_skip_tracking":false,"_monsterinsights_sitenote_active":false,"_monsterinsights_sitenote_note":"","_monsterinsights_sitenote_category":0,"footnotes":""},"categories":[11],"tags":[107,106],"class_list":["post-504064","post","type-post","status-publish","format-standard","has-post-thumbnail","hentry","category-turismo","tag-de-cinco-estrellas","tag-victoria-gonzalez-prado"],"_links":{"self":[{"href":"https:\/\/www.diarioimagen.net\/index.php?rest_route=\/wp\/v2\/posts\/504064","targetHints":{"allow":["GET"]}}],"collection":[{"href":"https:\/\/www.diarioimagen.net\/index.php?rest_route=\/wp\/v2\/posts"}],"about":[{"href":"https:\/\/www.diarioimagen.net\/index.php?rest_route=\/wp\/v2\/types\/post"}],"author":[{"embeddable":true,"href":"https:\/\/www.diarioimagen.net\/index.php?rest_route=\/wp\/v2\/users\/3"}],"replies":[{"embeddable":true,"href":"https:\/\/www.diarioimagen.net\/index.php?rest_route=%2Fwp%2Fv2%2Fcomments&post=504064"}],"version-history":[{"count":0,"href":"https:\/\/www.diarioimagen.net\/index.php?rest_route=\/wp\/v2\/posts\/504064\/revisions"}],"wp:featuredmedia":[{"embeddable":true,"href":"https:\/\/www.diarioimagen.net\/index.php?rest_route=\/wp\/v2\/media\/504116"}],"wp:attachment":[{"href":"https:\/\/www.diarioimagen.net\/index.php?rest_route=%2Fwp%2Fv2%2Fmedia&parent=504064"}],"wp:term":[{"taxonomy":"category","embeddable":true,"href":"https:\/\/www.diarioimagen.net\/index.php?rest_route=%2Fwp%2Fv2%2Fcategories&post=504064"},{"taxonomy":"post_tag","embeddable":true,"href":"https:\/\/www.diarioimagen.net\/index.php?rest_route=%2Fwp%2Fv2%2Ftags&post=504064"}],"curies":[{"name":"wp","href":"https:\/\/api.w.org\/{rel}","templated":true}]}}