{"id":504183,"date":"2021-04-22T00:13:05","date_gmt":"2021-04-22T05:13:05","guid":{"rendered":"https:\/\/www.diarioimagen.net\/?p=504183"},"modified":"2021-04-22T23:21:05","modified_gmt":"2021-04-23T04:21:05","slug":"continua-aumento-de-contagios-en-quintana-roo-ayer-se-registraron-87-y-9-fallecimientos-mas","status":"publish","type":"post","link":"https:\/\/www.diarioimagen.net\/?p=504183","title":{"rendered":"Contin\u00faa aumento de contagios en Quintana Roo; ayer se registraron 87 y 9 fallecimientos m\u00e1s"},"content":{"rendered":"<h2>Derecho de r\u00e9plica<\/h2>\n<h5>Jos\u00e9 Luis Monta\u00f1ez<\/h5>\n<p>&nbsp;<\/p>\n<ul>\n<li><strong><em>Llamado a no relajar los protocolos para evitar un repunte mayor<\/em><\/strong><\/li>\n<\/ul>\n<p>&nbsp;<\/p>\n<div id=\"attachment_504301\" style=\"width: 470px\" class=\"wp-caption aligncenter\"><a href=\"https:\/\/www.diarioimagen.net\/?attachment_id=504301\" rel=\"attachment wp-att-504301\"><img loading=\"lazy\" decoding=\"async\" aria-describedby=\"caption-attachment-504301\" class=\"size-full wp-image-504301\" src=\"https:\/\/www.diarioimagen.net\/wp-content\/uploads\/2021\/04\/derecho-7.jpg\" alt=\"\" width=\"460\" height=\"270\" \/><\/a><p id=\"caption-attachment-504301\" class=\"wp-caption-text\">Hasta ayer mi\u00e9rcoles, se hab\u00edan confirmado 22 mil 442 casos positivos a Covid y 2 mil 576 defunciones en el estado.<\/p><\/div>\n<p>&nbsp;<\/p>\n<p>Las cifras de contagios a Covid-19 en Quintana Roo contin\u00faan creciendo, tan es as\u00ed ,que por segundo d\u00eda consecutivo se presentaron cifras superiores a los 80 contagios en 24 horas, lo cual no suced\u00eda desde hace bastante tiempo, por lo que no se deben relajar los protocolos de prevenci\u00f3n, pues seg\u00fan autoridades de Salud, estamos a tiempo de evitar un rebrote de contagios mayor.<\/p>\n<p>De acuerdo con el reporte diario de la Secretar\u00eda de Salud estatal, hasta ayer mi\u00e9rcoles, se hab\u00edan confirmado 22 mil 442 casos positivos y 2 mil 576 defunciones, lo que significa que en una jornada de 24 horas se sumaron 87 nuevos contagios de la enfermedad y 9 muertes m\u00e1s por coronavirus.<\/p>\n<p>En cuanto a los casos activos, se inform\u00f3 que hasta ayer eran 874 de los cuales, 717 se encuentran en aislamiento social, hasta vencer a la enfermedad sin presentar s\u00edntomas de gravedad, mientras que los otros 157 si se suman a la lista de pacientes hospitalizados, ya que sus vidas si se pusieron en riesgo al contraer al nuevo coronavirus.<\/p>\n<p>En cuanto a la ocupaci\u00f3n hospitalaria, para la zona norte es de 12% y para la zona sur es de 7%, mientras que la velocidad en el ritmo de contagios es de .23 en el primero de los casos y de .14 en el segundo.<\/p>\n<p>De la misma forma, se inform\u00f3 que se han aplicado 151 mil 582 dosis de vacuna contra Covid-19 en el estado, por lo que la recomendaci\u00f3n es que se contin\u00fae con los h\u00e1bitos de higiene para proteger tu salud mientras te llega el turno por edad y en tu municipio para vacunarte.<\/p>\n<p style=\"text-align: center;\"><strong>Quintana Roo, entre los 10 estados con alza importante de contagios\u00a0<\/strong><\/p>\n<p>Era de esperarse que, despu\u00e9s de unas desenfrenadas vacaciones, en las que turistas nacionales e internacionales fueron y vinieron a lo largo y ancho del mundo, sin respetar a cabalidad los protocolos de seguridad sanitaria, la consecuencia ser\u00eda un rebrote de contagios a Covid-19, y particularmente en el caso de M\u00e9xico, pa\u00eds en el que no hay restricciones estrictas sobre los viajeros, comienzan a verse los estragos, siendo Quintana Roo, uno de los 10 estados que sufren un repunte m\u00e1s dram\u00e1tico.<\/p>\n<p>De acuerdo con la lista revelada da por autoridades de la Secretar\u00eda de Salud federal, Quintana Roo se encuentra en la s\u00e9ptima posici\u00f3n entre las 10 entidades que han registrado mayor aumento de casos en las \u00faltimas dos semanas, incluso el martes, se rebas\u00f3 por primera vez despu\u00e9s de mucho tiempo la barrera de los 100 nuevos contagios en una jornada de 24 horas.<\/p>\n<p>De acuerdo con las estad\u00edsticas de la dependencia federal, el estado presenta un aumento de 101 casos totales entre la semana del 23 al 29 de marzo y la del 13 al 19 de abril, alcanzando una din\u00e1mica de 6.8 contagios por cada 100 mil habitantes. Lo cual resulta alarmante, luego de que por m\u00e1s de dos meses, el estado hab\u00eda estado con cifras constantes a la baja y ahora suben r\u00e1pidamente en solo 15 d\u00edas.<\/p>\n<p>Sin duda, lo anterior es la consecuencia del periodo vacacional de Semana Santa, donde un gran n\u00famero de personas opt\u00f3 por salir a disfrutar de las playas, plazas comerciales o bien, viajar a otras ciudades de la rep\u00fablica e incluso a otros pa\u00edses.<\/p>\n<p>Jos\u00e9 Luis Alom\u00eda Zegarra, director general de Epidemiolog\u00eda, declar\u00f3: \u201cM\u00e1s o menos se ten\u00eda una meseta, pero el comportamiento de la semana 14 sobrepasa lo que hemos observado durante las semanas previas y de seguro podr\u00e1 terminar en niveles superiores a las que se tuvieron las dos \u00faltimas semanas de diciembre\u201d, advirti\u00f3, es decir, que esto pone no s\u00f3lo a Quintana Roo, sino a otros nueve estados en el pa\u00eds en el riesgo de retroceder en el sem\u00e1foro epidemiol\u00f3gico.<\/p>\n<p>El especialista agreg\u00f3 que hay que tener mucho cuidado los siguientes d\u00edas, debido a que la actividad epid\u00e9mica puede activarse de nuevo por el n\u00famero de personas que tienen una carga viral positiva y recalc\u00f3 que los estados con mayor riesgo son Quintana Roo, Baja California, Chihuahua, Ciudad de M\u00e9xico, Colima, Durango, Estado de M\u00e9xico, Morelos, Nayarit y Tlaxcala.<\/p>\n<p>Por su parte, el subsecretario de Prevenci\u00f3n y Promoci\u00f3n a la Salud, Hugo L\u00f3pez-Gatell Ram\u00edrez, indic\u00f3 que los n\u00fameros demuestran que es necesario que la poblaci\u00f3n retome las medidas de higiene para evitar que la tendencia siga a la alza y el repunte no sea tan grande como lo fue en enero y febrero. \u201cEn los puertos tur\u00edsticos hay una complejidad adicional, que es la movilidad importante de las personas, por lo que se deben reforzar las medidas de prevenci\u00f3n y con ello evitar un escenario m\u00e1s preocupante\u201d, dijo.<\/p>\n<p>Los registros de movilidad indican que ha habido una mayor conectividad de usuarios en espacios p\u00fablicos, principalmente en supermercados y farmacias, donde el aumento fue de 10 puntos porcentuales, al pasar de +3 a +13 entre el 29 de marzo y 16 de abril, asimismo, en el mismo periodo de tiempo, hubo mayor afluencia en tiendas departamentales, mientras que las conexiones en hogares se mantuvieron en +6, n\u00famero que durante el confinamiento lleg\u00f3 a ser de +27.<\/p>\n<p><em>Escr\u00edbame a mi mail: <\/em><em><a href=\"mailto:montanezaguilar@gmail.com\" target=\"_blank\" rel=\"noopener noreferrer\">montanezaguilar@gmail.com<\/a><\/em><\/p>\n","protected":false},"excerpt":{"rendered":"<p><span style=\"color: #005497;\"><strong>Jos\u00e9 Luis Monta\u00f1ez<\/strong><\/span><br \/>\n<br \/>\nLas cifras de contagios a Covid-19 en Quintana Roo contin\u00faan creciendo, tan es as\u00ed ,que por segundo d\u00eda consecutivo se presentaron cifras superiores a los 80 contagios en 24 horas, lo cual no suced\u00eda desde hace bastante tiempo, por lo que no se deben relajar los protocolos de prevenci\u00f3n, pues seg\u00fan autoridades de Salud, estamos a tiempo de evitar un rebrote de contagios mayor.<\/p>\n","protected":false},"author":3,"featured_media":504301,"comment_status":"open","ping_status":"open","sticky":false,"template":"","format":"standard","meta":{"_monsterinsights_skip_tracking":false,"_monsterinsights_sitenote_active":false,"_monsterinsights_sitenote_note":"","_monsterinsights_sitenote_category":0,"footnotes":""},"categories":[11622,25512],"tags":[47840,54579,43674],"class_list":["post-504183","post","type-post","status-publish","format-standard","has-post-thumbnail","hentry","category-jose-luis-montanez-aguilar","category-nacional-nacional","tag-derecho-de-replica","tag-jose-luis-montanez","tag-opinion"],"_links":{"self":[{"href":"https:\/\/www.diarioimagen.net\/index.php?rest_route=\/wp\/v2\/posts\/504183","targetHints":{"allow":["GET"]}}],"collection":[{"href":"https:\/\/www.diarioimagen.net\/index.php?rest_route=\/wp\/v2\/posts"}],"about":[{"href":"https:\/\/www.diarioimagen.net\/index.php?rest_route=\/wp\/v2\/types\/post"}],"author":[{"embeddable":true,"href":"https:\/\/www.diarioimagen.net\/index.php?rest_route=\/wp\/v2\/users\/3"}],"replies":[{"embeddable":true,"href":"https:\/\/www.diarioimagen.net\/index.php?rest_route=%2Fwp%2Fv2%2Fcomments&post=504183"}],"version-history":[{"count":0,"href":"https:\/\/www.diarioimagen.net\/index.php?rest_route=\/wp\/v2\/posts\/504183\/revisions"}],"wp:featuredmedia":[{"embeddable":true,"href":"https:\/\/www.diarioimagen.net\/index.php?rest_route=\/wp\/v2\/media\/504301"}],"wp:attachment":[{"href":"https:\/\/www.diarioimagen.net\/index.php?rest_route=%2Fwp%2Fv2%2Fmedia&parent=504183"}],"wp:term":[{"taxonomy":"category","embeddable":true,"href":"https:\/\/www.diarioimagen.net\/index.php?rest_route=%2Fwp%2Fv2%2Fcategories&post=504183"},{"taxonomy":"post_tag","embeddable":true,"href":"https:\/\/www.diarioimagen.net\/index.php?rest_route=%2Fwp%2Fv2%2Ftags&post=504183"}],"curies":[{"name":"wp","href":"https:\/\/api.w.org\/{rel}","templated":true}]}}