{"id":504220,"date":"2021-04-22T00:02:07","date_gmt":"2021-04-22T05:02:07","guid":{"rendered":"https:\/\/www.diarioimagen.net\/?p=504220"},"modified":"2021-04-22T01:35:43","modified_gmt":"2021-04-22T06:35:43","slug":"que-bueno-que-jueces-no-se-dejen-intimidar-por-el-presidente","status":"publish","type":"post","link":"https:\/\/www.diarioimagen.net\/?p=504220","title":{"rendered":"Qu\u00e9 bueno que jueces no se dejen intimidar por el Presidente"},"content":{"rendered":"<h2>La Retaguardia<\/h2>\n<h5>Adriana Moreno Cordero<\/h5>\n<p><em>\u00a0<\/em><\/p>\n<ul>\n<li><strong><em>Menudo rev\u00e9s le da Joe Biden a L\u00f3pez Obrador<\/em><\/strong><\/li>\n<\/ul>\n<p>&nbsp;<\/p>\n<p>\u00a1Qu\u00e9 bueno!, y es necesario reiterarlo, que los jueces no se han dejado intimidar por los dichos y caprichos del presidente <strong>Andr\u00e9s Manuel L\u00f3pez Obrador<\/strong>, que un d\u00eda se enoja y al otro tambi\u00e9n, porque no se cumple su voluntad, sus imposiciones. Prueba de esto es que ayer en el gustad\u00edsimo \u201cstand-up\u201d ma\u00f1anero, el mandatario se lanz\u00f3 de nueva cuenta contra el juez <strong>Pablo G\u00f3mez Fierro<\/strong>, que en su momento tambi\u00e9n otorg\u00f3 amparos contra la tan llevada y tra\u00edda Ley El\u00e9ctrica, y sin prueba alguna, \u2014como acostumbra el tabasque\u00f1o\u2014, lo acus\u00f3 de estar \u201cal servicio de las minor\u00edas rapaces\u201d.<\/p>\n<p>Lo menos que puede esperarse, es que si el Presidente acusa, tendr\u00eda que dar nombres; no se puede actuar as\u00ed tan a la ligera y no dar a conocer qui\u00e9nes integran esas \u201cminor\u00edas rapaces\u201d que tanto odia. \u00bfSe estar\u00e1 refiriendo a los conservadores?<\/p>\n<p>Desde luego que como buen \u201cleal y ciego\u201d servidor de la llamada cuarta transformaci\u00f3n, el subsecretario de Seguridad, <strong>Ricardo Garc\u00eda Berdeja<\/strong>, asumi\u00f3 a plenitud la funci\u00f3n de \u201chacerle segunda\u201d, de hacerla de \u201cpati\u00f1o\u201d para que su jefe tuviera un lucimiento pleno y calificar a G\u00f3mez Fierro como \u201cjuez a modo\u201d.<\/p>\n<p>Todo este \u201cberenjenal\u201d se arm\u00f3 porque el referido Juez Federal, Especializado en Telecomunicaciones y Competencia Econ\u00f3mica, concedi\u00f3\u00a0\u00a0la primera suspensi\u00f3n provisional contra la obligaci\u00f3n de registrar una l\u00ednea telef\u00f3nica en el nuevo Padr\u00f3n Nacional de Usuarios de Telefon\u00eda M\u00f3vil (Panaut). Y apenas concluy\u00f3 la gustad\u00edsima ma\u00f1anera, el Juez G\u00f3mez Fierro concedi\u00f3 m\u00e1s amparos y como cada vez es mayor el n\u00famero de personas que est\u00e1n en contra de una medida que se ha implementado solo en pa\u00edses bajo reg\u00edmenes autoritarios, pues que se agarre el mandatario.<\/p>\n<p>Ahora bien, la defensa que hacen los miembros de esta llamada cuarta transformaci\u00f3n, sobre su tan ansiado Padr\u00f3n, es endeble; argumentan que el principal objetivo es la seguridad, ya que desde el anonimato que proporcionan los sistemas de prepago, los delincuentes se cobijan para cometer delitos y se agrega que 9 de cada 10 llamadas de extorsi\u00f3n son realizadas por tel\u00e9fonos de prepago.<\/p>\n<p>Lo que habr\u00eda que preguntar aqu\u00ed es porque el gobierno l\u00f3pezobradorista no combate a la delincuencia organizada y menos la situaci\u00f3n que priva en los Reclusorios de todo el pa\u00eds, donde no se atreven a bloquear el uso de celulares; a lo mejor porque se sienten rebasados, o bien porque la \u201cl\u00ednea\u201d del l\u00edder es que hay que tratar a los delincuentes con \u201cabrazos, no balazos\u201d.<\/p>\n<p>Ya puede esperarse en la ma\u00f1anera de hoy que L\u00f3pez Obrador saldr\u00e1 de nueva cuenta con su repetida frase de \u201cyo tengo otros datos\u201d, pero valdr\u00eda la pena que se detuviera en datos duros como los que ofrece Jos\u00e9 Antonio Ortega S\u00e1nchez, presidente del Consejo Ciudadano para la Seguridad P\u00fablica y la Justicia Penal, quien inform\u00f3 que 18 de las 50 ciudades m\u00e1s violentas del mundo, est\u00e1n en M\u00e9xico, lo que demuestra que el combate contra la inseguridad, forma parte s\u00f3lo de la palabrer\u00eda del inquilino de Palacio Nacional y lo m\u00e1s probable es que delitos como homicidio doloso, secuestro y robo con violencia, se seguir\u00e1n cometiendo y se extender\u00e1n en el pa\u00eds, al carecer esta llamada cuarta transformaci\u00f3n de una estrategia s\u00f3lida. No hay nada, solo discursos.<\/p>\n<p style=\"text-align: center;\"><strong>Municiones <\/strong><\/p>\n<p>*** No, que siempre no. Luego de una sesi\u00f3n en la que hubo, para variar, enfrentamientos, \u201cgritos y sombrerazos\u201d, la llamada \u201cley Zald\u00edvar\u201d no se discuti\u00f3 ayer, como ansiaba la fracci\u00f3n parlamentaria de Morena en la C\u00e1mara de Diputados, que coordina Ignacio Mier y es que se supone que todo deber\u00eda llevar un orden y\u00a0 primero se tendr\u00eda que resolver la ley de la Fiscal\u00eda General de la Rep\u00fablica. Una vez m\u00e1s se exhibe la premura de los diputados morenistas para cumplir las instrucciones que reciben directamente de Palacio Nacional. Todo lo quieren \u201cfast-track\u201d, sobre las rodillas, pasando por alto cualquier Reglamento, por eso, la presidenta de la Comisi\u00f3n de Justicia de la C\u00e1mara de Diputados, la panista <strong>Pilar Ortega<\/strong>, pidi\u00f3 respeto a dicha Comisi\u00f3n y a los acuerdos que se toman y ayer, todav\u00eda no hab\u00eda dictamen y ya les urg\u00eda a los morenistas discutirlo. El coordinador morenista en la C\u00e1mara Baja, <strong>Ignacio Mier<\/strong> le contest\u00f3 a la panista argumentando que por encima de los acuerdos que se signan en la Junta de Coordinaci\u00f3n Pol\u00edtica, no hay nada, ya que se trata del \u00f3rgano superior. En el fondo, lo que no quieren los diputados del partido oficial, es que el presidente no se enoje, no se les vaya a enfermar del coraje y se desquite con ellos, \u00bfo no?<\/p>\n<p>*** Menudo rev\u00e9s que le propin\u00f3 el gobierno de <strong>Joe Biden<\/strong> ni m\u00e1s menos que a L\u00f3pez Obrador, que ya andaba presumiendo sobre que \u00e9l asesoraba al vecino pa\u00eds del norte. Resulta que para nada est\u00e1 interesado el gobierno estadunidense en la propuesta que les hiciera el inquilino de Palacio Nacional para su tan laureado programa \u201cSembrando Vida\u201d, se extienda a Centroam\u00e9rica, acompa\u00f1ado de que se les proporcione visas de trabajo a centroamericanos interesados a participar en \u00e9l, porque sembrar \u00e1rboles y migraci\u00f3n, son temas que no se pueden juntar. Entonces, ya podemos esperar lo que le contestar\u00e1 el presidente Biden a la invitaci\u00f3n para que conozca lo que se hace en M\u00e9xico: \u201ccaminos artesanales\u201d, con los que el presidente mexicano intenta cubrir o tapar toda su ineptitud. Y en este asunto, \u00bfa qui\u00e9n le va a echar la culpa el tabasque\u00f1o?, \u00bfcontra qui\u00e9n se va a poner?, \u00bfcon Sans\u00f3n a las patadas?<\/p>\n<p>*** El coordinador de la bancada del PRI en la C\u00e1mara de Diputados, <strong>Ren\u00e9 Ju\u00e1rez<\/strong>, inform\u00f3 por sus redes que dio positivo a Covid-19, por lo que seguir\u00e1 las medidas y se mantendr\u00e1 aislado.<\/p>\n<p>*** <strong>Benjam\u00edn Sa\u00fal Huerta Corona<\/strong>, es el nombre de un diputado morenista que no se debe olvidar, sobre todo cuando ese partido se ostenta y se ufana de ser morales, decentes y nobles. Ayer, fue aprehendido este impresentable legislador por hacer tocamientos a un menor de 15 a\u00f1os en un hotel. El propio adolescente denunci\u00f3 el hecho del que fue v\u00edctima. Pero con eso de que en el partido oficial pasan por alto esas cuestiones, recu\u00e9rdese las denuncias por violaci\u00f3n en contra de <strong>F\u00e9lix Salgado Macedonio<\/strong>, lo m\u00e1s probable es que en Morena hasta lo defiendan. \u00a1Qu\u00e9 tal!<\/p>\n<p><u><a href=\"mailto:morcora@gmail.com\" target=\"_blank\" rel=\"noopener noreferrer\"><em>morcora@gmail.com<\/em><\/a><\/u><\/p>\n","protected":false},"excerpt":{"rendered":"<p><span style=\"color: #005497;\"><strong>Adriana Moreno Cordero<\/strong><\/span><\/p>\n","protected":false},"author":3,"featured_media":0,"comment_status":"open","ping_status":"open","sticky":false,"template":"","format":"standard","meta":{"_monsterinsights_skip_tracking":false,"_monsterinsights_sitenote_active":false,"_monsterinsights_sitenote_note":"","_monsterinsights_sitenote_category":0,"footnotes":""},"categories":[69370],"tags":[69369,69368,43674],"class_list":["post-504220","post","type-post","status-publish","format-standard","hentry","category-adriana-moreno-cordero","tag-adriana-moreno-cordero","tag-la-retaguardia","tag-opinion"],"_links":{"self":[{"href":"https:\/\/www.diarioimagen.net\/index.php?rest_route=\/wp\/v2\/posts\/504220","targetHints":{"allow":["GET"]}}],"collection":[{"href":"https:\/\/www.diarioimagen.net\/index.php?rest_route=\/wp\/v2\/posts"}],"about":[{"href":"https:\/\/www.diarioimagen.net\/index.php?rest_route=\/wp\/v2\/types\/post"}],"author":[{"embeddable":true,"href":"https:\/\/www.diarioimagen.net\/index.php?rest_route=\/wp\/v2\/users\/3"}],"replies":[{"embeddable":true,"href":"https:\/\/www.diarioimagen.net\/index.php?rest_route=%2Fwp%2Fv2%2Fcomments&post=504220"}],"version-history":[{"count":0,"href":"https:\/\/www.diarioimagen.net\/index.php?rest_route=\/wp\/v2\/posts\/504220\/revisions"}],"wp:attachment":[{"href":"https:\/\/www.diarioimagen.net\/index.php?rest_route=%2Fwp%2Fv2%2Fmedia&parent=504220"}],"wp:term":[{"taxonomy":"category","embeddable":true,"href":"https:\/\/www.diarioimagen.net\/index.php?rest_route=%2Fwp%2Fv2%2Fcategories&post=504220"},{"taxonomy":"post_tag","embeddable":true,"href":"https:\/\/www.diarioimagen.net\/index.php?rest_route=%2Fwp%2Fv2%2Ftags&post=504220"}],"curies":[{"name":"wp","href":"https:\/\/api.w.org\/{rel}","templated":true}]}}