{"id":504348,"date":"2021-04-23T00:01:32","date_gmt":"2021-04-23T05:01:32","guid":{"rendered":"https:\/\/www.diarioimagen.net\/?p=504348"},"modified":"2021-04-25T23:03:21","modified_gmt":"2021-04-26T04:03:21","slug":"se-compromete-mario-moreno-arcos-a-impulsar-junto-con-los-jovenes-una-nueva-etapa-de-desarrollo-para-guerrero","status":"publish","type":"post","link":"https:\/\/www.diarioimagen.net\/?p=504348","title":{"rendered":"Se compromete Mario Moreno Arcos a impulsar, junto con los j\u00f3venes, una nueva etapa de desarrollo para Guerrero"},"content":{"rendered":"<p>&nbsp;<\/p>\n<h3 style=\"text-align: center;\">Candidato de la alianza PRI-PRD<\/h3>\n<p>&nbsp;<\/p>\n<ul>\n<li><strong><em>Ofrece poner en marcha programas para que contin\u00faen con sus estudios<\/em><\/strong><\/li>\n<\/ul>\n<p>&nbsp;<\/p>\n<div id=\"attachment_504444\" style=\"width: 470px\" class=\"wp-caption aligncenter\"><a href=\"https:\/\/www.diarioimagen.net\/?attachment_id=504444\" rel=\"attachment wp-att-504444\"><img loading=\"lazy\" decoding=\"async\" aria-describedby=\"caption-attachment-504444\" class=\"size-full wp-image-504444\" src=\"https:\/\/www.diarioimagen.net\/wp-content\/uploads\/2021\/04\/MarioMoreno.jpg\" alt=\"\" width=\"460\" height=\"270\" \/><\/a><p id=\"caption-attachment-504444\" class=\"wp-caption-text\">El candidato Mario Moreno Arcos se\u00f1al\u00f3 que Guerrero necesita de los j\u00f3venes para marcar una nueva ruta del desarrollo econ\u00f3mico y social.<\/p><\/div>\n<p>&nbsp;<\/p>\n<p>Mario Moreno Arcos, candidato de la alianza PRI-PRD al gobierno de Guerrero, se comprometio a impulsar, junto con los j\u00f3venes, una nueva etapa de desarrollo para Guerrero.<\/p>\n<p>\u201cUna de mis prioridades al llegar a la gubernatura ser\u00e1 la de impulsar el desarrollo de este sector\u201d, dijo el priista.<\/p>\n<p>Asegur\u00f3 que su gobierno pondr\u00e1 en marcha programas para que contin\u00faen con sus estudios, se capaciten y tengan m\u00e1s oportunidades de salir adelante.<\/p>\n<p>Moreno Arcos enfatiz\u00f3 que el estado necesita de las nuevas generaciones para marcar una nueva ruta del desarrollo econ\u00f3mico y social.<\/p>\n<p>Tras agradecer el apoyo de los j\u00f3venes de Acapulco y Zihuatanejo, dijo que su talento, fuerza y entusiasmo son esenciales para que su proyecto triunfe y Guerrero siga con buen rumbo.<\/p>\n","protected":false},"excerpt":{"rendered":"<p>Mario Moreno Arcos, candidato de la alianza PRI-PRD al gobierno de Guerrero, se comprometio a impulsar, junto con los j\u00f3venes, una nueva etapa de desarrollo para Guerrero.<\/p>\n","protected":false},"author":3,"featured_media":504444,"comment_status":"open","ping_status":"open","sticky":false,"template":"","format":"standard","meta":{"_monsterinsights_skip_tracking":false,"_monsterinsights_sitenote_active":false,"_monsterinsights_sitenote_note":"","_monsterinsights_sitenote_category":0,"footnotes":""},"categories":[3],"tags":[3244,92518,92600],"class_list":["post-504348","post","type-post","status-publish","format-standard","has-post-thumbnail","hentry","category-nacional","tag-guerrero","tag-mario-moreno-arcos","tag-pri-prd"],"_links":{"self":[{"href":"https:\/\/www.diarioimagen.net\/index.php?rest_route=\/wp\/v2\/posts\/504348","targetHints":{"allow":["GET"]}}],"collection":[{"href":"https:\/\/www.diarioimagen.net\/index.php?rest_route=\/wp\/v2\/posts"}],"about":[{"href":"https:\/\/www.diarioimagen.net\/index.php?rest_route=\/wp\/v2\/types\/post"}],"author":[{"embeddable":true,"href":"https:\/\/www.diarioimagen.net\/index.php?rest_route=\/wp\/v2\/users\/3"}],"replies":[{"embeddable":true,"href":"https:\/\/www.diarioimagen.net\/index.php?rest_route=%2Fwp%2Fv2%2Fcomments&post=504348"}],"version-history":[{"count":0,"href":"https:\/\/www.diarioimagen.net\/index.php?rest_route=\/wp\/v2\/posts\/504348\/revisions"}],"wp:featuredmedia":[{"embeddable":true,"href":"https:\/\/www.diarioimagen.net\/index.php?rest_route=\/wp\/v2\/media\/504444"}],"wp:attachment":[{"href":"https:\/\/www.diarioimagen.net\/index.php?rest_route=%2Fwp%2Fv2%2Fmedia&parent=504348"}],"wp:term":[{"taxonomy":"category","embeddable":true,"href":"https:\/\/www.diarioimagen.net\/index.php?rest_route=%2Fwp%2Fv2%2Fcategories&post=504348"},{"taxonomy":"post_tag","embeddable":true,"href":"https:\/\/www.diarioimagen.net\/index.php?rest_route=%2Fwp%2Fv2%2Ftags&post=504348"}],"curies":[{"name":"wp","href":"https:\/\/api.w.org\/{rel}","templated":true}]}}