{"id":504367,"date":"2021-04-23T00:06:13","date_gmt":"2021-04-23T05:06:13","guid":{"rendered":"https:\/\/www.diarioimagen.net\/?p=504367"},"modified":"2021-04-25T23:04:45","modified_gmt":"2021-04-26T04:04:45","slug":"caravanas-por-la-justicia-cotidiana-llegan-a-la-region-norte-del-edomex","status":"publish","type":"post","link":"https:\/\/www.diarioimagen.net\/?p=504367","title":{"rendered":"Caravanas por la Justicia Cotidiana llegan a la regi\u00f3n norte del Edom\u00e9x"},"content":{"rendered":"<p>&nbsp;<\/p>\n<ul>\n<li><strong><em>Tr\u00e1mites de 22 dependencias<\/em><\/strong><\/li>\n<\/ul>\n<p><strong>\u00a0<\/strong><\/p>\n<div id=\"attachment_504469\" style=\"width: 470px\" class=\"wp-caption aligncenter\"><a href=\"https:\/\/www.diarioimagen.net\/?attachment_id=504469\" rel=\"attachment wp-att-504469\"><img loading=\"lazy\" decoding=\"async\" aria-describedby=\"caption-attachment-504469\" class=\"size-full wp-image-504469\" src=\"https:\/\/www.diarioimagen.net\/wp-content\/uploads\/2021\/04\/EDOMEX1-7.jpg\" alt=\"\" width=\"460\" height=\"270\" \/><\/a><p id=\"caption-attachment-504469\" class=\"wp-caption-text\">Ofrecen Caravanas por la Justicia Cotidiana servicios a familias mexiquenses en un horario de 9:00 a 14:00 horas hasta el domingo 25 de abril.<\/p><\/div>\n<p>&nbsp;<\/p>\n<p><strong>Soyaniquilpan, Estado de M\u00e9xico.- <\/strong>Las Caravanas por la Justicia Cotidiana se instalaron en la Unidad Deportiva de Soyaniquilpan para acercar 77 tr\u00e1mites de 22 dependencias, a habitantes de la regi\u00f3n norte del Estado de M\u00e9xico.<\/p>\n<p>Usuarias y usuarios ser\u00e1n atendidos en horarios de 9:00 a 14:00 hasta el pr\u00f3ximo domingo 25 de abril, y podr\u00e1n realizar tr\u00e1mites de orden jur\u00eddico y de acceso a la justicia de manera gratuita, excepto los notariales, que cuentan con descuentos de hasta el 80 por ciento.<\/p>\n<p>Para las mexiquenses, se otorgan asesor\u00eda jur\u00eddica y patrocinio en materia familiar relacionadas con violencia de g\u00e9nero. Adem\u00e1s, de atenci\u00f3n de primer contacto a v\u00edctimas u ofendidos del delito.<\/p>\n<p>Aunado a esto, se cuenta con la recepci\u00f3n de reportes de personas desaparecidas y no localizadas, reportes de localizaci\u00f3n y asesor\u00eda para enlazar con la Comisi\u00f3n Nacional de B\u00fasqueda.<\/p>\n<p>Entre muchos otros tr\u00e1mites, las y los visitantes pueden acceder a servicios de mediaci\u00f3n, conciliaci\u00f3n, justicia restaurativa familiar y asesor\u00eda jur\u00eddica, que realiza el Poder Judicial.<\/p>\n<p>Para evitar la propagaci\u00f3n del virus SARS-CoV-2 se aplican estrictos protocolos sanitarios, como la sana distancia, uso obligatorio de cubrebocas, aplicaci\u00f3n de alcohol en gel, desinfecci\u00f3n de las \u00e1reas de atenci\u00f3n, instalaci\u00f3n de filtros en los accesos y de acr\u00edlicos por m\u00f3dulo para evitar contacto directo.<\/p>\n<p>&nbsp;<\/p>\n","protected":false},"excerpt":{"rendered":"<p>Las Caravanas por la Justicia Cotidiana se instalaron en la Unidad Deportiva de Soyaniquilpan para acercar 77 tr\u00e1mites de 22 dependencias, a habitantes de la regi\u00f3n norte del Estado de M\u00e9xico.<\/p>\n","protected":false},"author":3,"featured_media":504471,"comment_status":"open","ping_status":"open","sticky":false,"template":"","format":"standard","meta":{"_monsterinsights_skip_tracking":false,"_monsterinsights_sitenote_active":false,"_monsterinsights_sitenote_note":"","_monsterinsights_sitenote_category":0,"footnotes":""},"categories":[5],"tags":[43675,92823,17979],"class_list":["post-504367","post","type-post","status-publish","format-standard","has-post-thumbnail","hentry","category-estado-de-mexico","tag-estado-de-mexico","tag-justicia-cotidiana","tag-soyaniquilpan"],"_links":{"self":[{"href":"https:\/\/www.diarioimagen.net\/index.php?rest_route=\/wp\/v2\/posts\/504367","targetHints":{"allow":["GET"]}}],"collection":[{"href":"https:\/\/www.diarioimagen.net\/index.php?rest_route=\/wp\/v2\/posts"}],"about":[{"href":"https:\/\/www.diarioimagen.net\/index.php?rest_route=\/wp\/v2\/types\/post"}],"author":[{"embeddable":true,"href":"https:\/\/www.diarioimagen.net\/index.php?rest_route=\/wp\/v2\/users\/3"}],"replies":[{"embeddable":true,"href":"https:\/\/www.diarioimagen.net\/index.php?rest_route=%2Fwp%2Fv2%2Fcomments&post=504367"}],"version-history":[{"count":0,"href":"https:\/\/www.diarioimagen.net\/index.php?rest_route=\/wp\/v2\/posts\/504367\/revisions"}],"wp:featuredmedia":[{"embeddable":true,"href":"https:\/\/www.diarioimagen.net\/index.php?rest_route=\/wp\/v2\/media\/504471"}],"wp:attachment":[{"href":"https:\/\/www.diarioimagen.net\/index.php?rest_route=%2Fwp%2Fv2%2Fmedia&parent=504367"}],"wp:term":[{"taxonomy":"category","embeddable":true,"href":"https:\/\/www.diarioimagen.net\/index.php?rest_route=%2Fwp%2Fv2%2Fcategories&post=504367"},{"taxonomy":"post_tag","embeddable":true,"href":"https:\/\/www.diarioimagen.net\/index.php?rest_route=%2Fwp%2Fv2%2Ftags&post=504367"}],"curies":[{"name":"wp","href":"https:\/\/api.w.org\/{rel}","templated":true}]}}