{"id":504380,"date":"2021-04-23T00:02:26","date_gmt":"2021-04-23T05:02:26","guid":{"rendered":"https:\/\/www.diarioimagen.net\/?p=504380"},"modified":"2021-04-23T00:58:38","modified_gmt":"2021-04-23T05:58:38","slug":"reforma-judicial-mier-presiona-a-sus-diputados-y-vargas-recibe-linea-de-palacio","status":"publish","type":"post","link":"https:\/\/www.diarioimagen.net\/?p=504380","title":{"rendered":"Reforma judicial: Mier presiona a sus diputados y Vargas recibe <em>l\u00ednea<\/em> de Palacio"},"content":{"rendered":"<h2>La Retaguardia<\/h2>\n<h5>Adriana Moreno Cordero<\/h5>\n<p>&nbsp;<\/p>\n<ul>\n<li><strong><em>Para desarrollo sostenible, Grupo Salinas renueva compromiso con ONU<\/em><\/strong><\/li>\n<\/ul>\n<p>&nbsp;<\/p>\n<p>Intenso y movido estuvo el d\u00eda de ayer en la C\u00e1mara de Diputados porque la prioridad para la fracci\u00f3n de Morena, era que se aprobara la Reforma al Poder Judicial, pero espec\u00edficamente la controvertida \u201cley Zald\u00edvar\u201d. Por eso, el coordinador de la bancada del partido oficial<strong>, Ignacio Mier<\/strong>, estuvo muy pendiente de que todos los legisladores morenistas, en la discusi\u00f3n en Comisi\u00f3n, votaran a favor de la propuesta presidencial, sin cambiarle \u201cni una coma\u201d y fue tal la presi\u00f3n, que consigui\u00f3 incomodar a algunos diputados que se permitieron despotricar, pero s\u00f3lo un poquito, en contra de su coordinador.<\/p>\n<p>Como se consign\u00f3 en este espacio, en anterior entrega, por lo menos tres diputados de la bancada de Morena, se supone que votar\u00edan en contra. Uno de ellos, <strong>Porfirio Mu\u00f1oz Ledo<\/strong>, -adem\u00e1s de <strong>Pablo G\u00f3mez<\/strong> y <strong>Lorena Villavicencio<\/strong>-,\u00a0 manifest\u00f3 que alargar la gesti\u00f3n de <strong>Arturo Zald\u00edvar<\/strong> por dos a\u00f1os m\u00e1s no solamente es inconstitucional, sino que representa un atentado contra la Naci\u00f3n.<\/p>\n<p>De cualquier manera, al momento de escribir estas l\u00edneas, se esperaba una muy larga jornada en el Palacio Legislativo de San L\u00e1zaro para que la \u201caplanadora\u201d morenista pudiera sacar adelante la \u201cley Zald\u00edvar\u201d y el ministro presidente de la Corte, hasta ese momento, continuaba, silente, invisible, quiz\u00e1s esperando con los brazos abiertos el tremendo regalo que le prepar\u00f3 el presidente <strong>Andr\u00e9s Manuel L\u00f3pez Obrador<\/strong>.<\/p>\n<p>Y por lo visto, la oposici\u00f3n ya no podr\u00e1 hacer mucho para evitar esta inconstitucionalidad, a menos que pasara algo de \u00faltima hora.<\/p>\n<p>Las opiniones proven\u00edan de todos lados y en este sentido, el coordinador de la bancada de Morena en el Senado de la Rep\u00fablica, <strong>Ricardo Monreal Avila<\/strong>, hizo un pron\u00f3stico interesante. Espec\u00edficamente se\u00f1al\u00f3: \u201ces m\u00e1s, yo adelanto casi que, incluso si se aprobara y si ratifica en la\u00a0C\u00e1mara de Diputados <u>l<\/u>a minuta que enviamos (la ley Zald\u00edvar), se publicar\u00eda y se promulgar\u00eda, pero falta el tr\u00e1mite, que seguramente se va a interponer, por lo que seguramente vendr\u00e1 a caer en el \u00e1mbito del Poder Judicial Federal, en una acci\u00f3n de inconstitucionalidad\u2026 y que la Corte finalmente va a resolver (la prolongaci\u00f3n del mandato de Arturo Zald\u00edvar\u201d.<\/p>\n<p>De cualquier manera, el silencio que ha mantenido todos estos d\u00edas el ministro-presidente de la Suprema Corte, es revelador y nos habla de que a cambio del premio que le otorg\u00f3 el tabasque\u00f1o, \u00e9l est\u00e1 dispuesto a concretar la supeditaci\u00f3n total del Poder Judicial al Ejecutivo.<\/p>\n<p>Y hablando precisamente de este tema, hay otro frente que amenaza con desbord\u00e1rsele peligrosamente a L\u00f3pez Obrador. Cinco magistrados del Tribunal Electoral del Poder Judicial de la Federaci\u00f3n, (TEPJF) hicieron p\u00fablica una carta en la que se\u00f1alaron al presidente del organismo, <strong>Jos\u00e9 Luis Vargas<\/strong>, de actuar de forma unilateral y ejercer \u201ctortuguismo\u201d, ya que\u00a0 pospuso hasta el pr\u00f3ximo martes, las sesiones p\u00fablica y privada sobre los casos de Guerrero y Michoac\u00e1n, donde los candidatos de Morena, <strong>F\u00e9lix Salgado Macedonio<\/strong> y <strong>Ra\u00fal Mor\u00f3n<\/strong>, respectivamente, est\u00e1n que \u201ctruenan\u201d y buscando culpables, lo que propici\u00f3 ya un pleito entre el l\u00edder de Morena, <strong>Mario Mart\u00edn Delgado<\/strong> y el frustrado senador guerrerense con licencia.<\/p>\n<p>A nadie deber\u00eda extra\u00f1ar este hecho, ya que quien es mejor conocido como el magistrado billetes,recibi\u00f3 instrucciones de Palacio Nacional y est\u00e1 dispuesto a cumplir la encomienda, sin quitarle \u201cni una coma\u201d. \u00a1Qu\u00e9 tal!<\/p>\n<p style=\"text-align: center;\"><strong>Municiones<\/strong><\/p>\n<p>*** En el marco de la Cumbre de L\u00edderes del mundo sobre el Cambio Clim\u00e1tico, en M\u00e9xico, Grupo Salinas renov\u00f3 su compromiso social con los lineamientos del Pacto Mundial de las Naciones Unidas en materia de desarrollo sostenible. Grupo Salinas, que preside el empresario <strong>Ricardo B. Salinas Pliego<\/strong>, se comprometi\u00f3 nuevamente a desarrollar metas ambiciosas, en el marco de los Objetivos de Desarrollo Sostenible. Esta Iniciativa de Sostenibilidad Corporativa voluntaria, la m\u00e1s grande del mundo, busca fortalecer acciones en favor de los Derechos Humanos, Est\u00e1ndares Laborales, Medio Ambiente y Anticorrupci\u00f3n e impulsar la Agenda 2030 que promueve el desarrollo sostenible. Durante la firma de este importante pacto mundial, estuvieron presentes <strong>Ninfa Salinas Sada<\/strong>, Vicepresidenta del Comit\u00e9 Ejecutivo de Grupo Salinas; <strong>Martha Herrera<\/strong>, Presidenta del Consejo Directivo de Pacto Mundial M\u00e9xico; <strong>Alejandro Valenzuela<\/strong>, Director General de Banco Azteca y Azteca Servicios Financieros, y <strong>Adriana de la Puente<\/strong>, Directora General de Bienestar, Comunicaci\u00f3n e Integraci\u00f3n de Grupo Salinas. Ninfa Salinas se\u00f1al\u00f3 que este grupo empresarial \u201cpromueve la inclusi\u00f3n digital y financiera, garantiza la no discriminaci\u00f3n, contribuye al desarrollo del talento y a las condiciones laborales de calidad, y a trav\u00e9s de Fundaci\u00f3n Azteca impulsa el acceso a educaci\u00f3n de excelencia\u201d, al tiempo que hizo p\u00fablico el compromiso de Grupo Salinas con los Principios para el Empoderamiento de las Mujeres de ONU Mujeres, lo cual fortalecer\u00e1 el desarrollo y el bienestar en todos los niveles de la sociedad; pues dijo, la igualdad de trato entre mujeres y hombres es una pr\u00e1ctica acertada para los negocios y para generar prosperidad incluyente. Es as\u00ed como una vez m\u00e1s, Grupo Salinas que comanda <strong>Ricardo Salinas Pliego<\/strong>, marca la ruta a seguir en la b\u00fasqueda de soluciones de las principales preocupaciones que aquejan a la sociedad de M\u00e9xico y el mundo, principalmente, para generar prosperidad incluyente y que a todos nos vayan bien. Enhorabuena.<\/p>\n<p>*** \u00a0No cabe duda que la campa\u00f1a de <strong>Mauricio Tabe<\/strong>, panista que aspira a ocupar la alcald\u00eda de Miguel Hidalgo, se desmorona sin que nadie pueda evitarlo. Este hecho qued\u00f3 confirmado cuando otra brigada de 17 integrantes, se sum\u00f3 a la campa\u00f1a del morenista <strong>V\u00edctor Romo<\/strong>, actual alcalde de dicha circunscripci\u00f3n que busca reelegirse. Pero eso no es lo peor que le est\u00e1 pasando al panista, se supo que \u00e9l y su jefe, el diputado <strong>Jorge Romero Herrera<\/strong>, son investigados por la Unidad de Inteligencia Financiera de la\u00a0 Secretar\u00eda de Hacienda y Cr\u00e9dito P\u00fablico.\u00a0Para nadie es un secreto la amistad que tienen ya de varios a\u00f1os, el ex senador panista, <strong>Jos\u00e9 Luis Lavalle<\/strong> -hoy en la c\u00e1rcel por el caso Odebrecht-, ni m\u00e1s ni menos que con Jorge Romero y, por antonomasia, con Mauricio Tabe, incondicional del propio Romero y sus muy cuestionables \u201cnegocios\u201d \u00bfSer\u00e1 de esa relaci\u00f3n de donde sali\u00f3 la casa que dice tener en la zona Palmas el hoy candidato panista? Veremos en qu\u00e9 termina ese v\u00ednculo y si le permite llegar al final de su t\u00f3rrida campa\u00f1a al aspirante\u00a0 panista a\u00a0 gobernar la alcald\u00eda Miguel Hidalgo o antes se va a la c\u00e1rcel.<\/p>\n<p><u><a href=\"mailto:morcora@gmail.com\" target=\"_blank\" rel=\"noopener noreferrer\"><em>morcora@gmail.com<\/em><\/a><\/u><\/p>\n","protected":false},"excerpt":{"rendered":"<p><span style=\"color: #005497;\"><strong>Adriana Moreno Cordero<\/strong><\/span><\/p>\n","protected":false},"author":3,"featured_media":0,"comment_status":"open","ping_status":"open","sticky":false,"template":"","format":"standard","meta":{"_monsterinsights_skip_tracking":false,"_monsterinsights_sitenote_active":false,"_monsterinsights_sitenote_note":"","_monsterinsights_sitenote_category":0,"footnotes":""},"categories":[69370],"tags":[69369,69368,43674],"class_list":["post-504380","post","type-post","status-publish","format-standard","hentry","category-adriana-moreno-cordero","tag-adriana-moreno-cordero","tag-la-retaguardia","tag-opinion"],"_links":{"self":[{"href":"https:\/\/www.diarioimagen.net\/index.php?rest_route=\/wp\/v2\/posts\/504380","targetHints":{"allow":["GET"]}}],"collection":[{"href":"https:\/\/www.diarioimagen.net\/index.php?rest_route=\/wp\/v2\/posts"}],"about":[{"href":"https:\/\/www.diarioimagen.net\/index.php?rest_route=\/wp\/v2\/types\/post"}],"author":[{"embeddable":true,"href":"https:\/\/www.diarioimagen.net\/index.php?rest_route=\/wp\/v2\/users\/3"}],"replies":[{"embeddable":true,"href":"https:\/\/www.diarioimagen.net\/index.php?rest_route=%2Fwp%2Fv2%2Fcomments&post=504380"}],"version-history":[{"count":0,"href":"https:\/\/www.diarioimagen.net\/index.php?rest_route=\/wp\/v2\/posts\/504380\/revisions"}],"wp:attachment":[{"href":"https:\/\/www.diarioimagen.net\/index.php?rest_route=%2Fwp%2Fv2%2Fmedia&parent=504380"}],"wp:term":[{"taxonomy":"category","embeddable":true,"href":"https:\/\/www.diarioimagen.net\/index.php?rest_route=%2Fwp%2Fv2%2Fcategories&post=504380"},{"taxonomy":"post_tag","embeddable":true,"href":"https:\/\/www.diarioimagen.net\/index.php?rest_route=%2Fwp%2Fv2%2Ftags&post=504380"}],"curies":[{"name":"wp","href":"https:\/\/api.w.org\/{rel}","templated":true}]}}