{"id":504389,"date":"2021-04-23T00:04:44","date_gmt":"2021-04-23T05:04:44","guid":{"rendered":"https:\/\/www.diarioimagen.net\/?p=504389"},"modified":"2021-04-23T01:06:36","modified_gmt":"2021-04-23T06:06:36","slug":"necesaria-atencion-a-migrantes","status":"publish","type":"post","link":"https:\/\/www.diarioimagen.net\/?p=504389","title":{"rendered":"Necesaria atenci\u00f3n a migrantes"},"content":{"rendered":"<h2>Punto por punto<\/h2>\n<h5>Augusto Corro<\/h5>\n<p>&nbsp;<\/p>\n<p>La poblaci\u00f3n latinoamericana se encuentra atada a la pobreza y violencia en sus pa\u00edses. Estas condiciones sociales obligan a la gente a emigrar: abandonan sus lugares de origen para buscar mejores condiciones de vida en otros sitios. Se embarcan en aventuras llenas de peligro. En miles de casos, los migrantes son acompa\u00f1ados por toda la familia, incluidos los ni\u00f1os que son los m\u00e1s afectados en esas incursiones.<\/p>\n<p>La pobreza, en algunos casos extrema, es una de las principales causas que obligan a los habitantes de varias regiones a desplazarse a otros sitios en busca de empleo. En Honduras, El Salvador, Guatemala y M\u00e9xico enfrentan el problema migratorio porque la gente no tiene recursos y no parece que los gobiernos de esos pa\u00edses cuenten con los medios para resolver el problema.<\/p>\n<p>M\u00e9xico, uno de los pa\u00edses m\u00e1s afectados por la pobreza y el flujo migratorio, plante\u00f3 la ampliaci\u00f3n del programa Sembrando Vida para Centroam\u00e9rica. Se sembrar\u00edan \u00e1rboles frutales y de madera fina para dar empleo y ganancias econ\u00f3micas a los campesinos. El programa planteado por el gobierno mexicano es bueno, pero lento e insuficiente. No se podr\u00eda resolver el otro problema, el de la violencia, que agobia a millones de centroamericanos y mexicanos.<\/p>\n<p>El proyecto Sembrando Vida ir\u00eda directamente a las zonas rurales \u00fanicamente. \u00bfY la gente de las ciudades? Por ahora no hay ninguna idea para mejorar sus condiciones de vida. Y es precisamente en esas zonas donde la delincuencia tiene su campo de acci\u00f3n, donde la extorsi\u00f3n, los secuestros y los asesinatos cada d\u00eda se multiplican ante la impotencia de las autoridades para brindar seguridad a la poblaci\u00f3n.<\/p>\n<p>En los pa\u00edses mencionados las bandas de pandilleros, del narcotr\u00e1fico, etc., desde hace varios a\u00f1os tienen en jaque a sus habitantes. Se trata de organizaciones del crimen organizado que tambi\u00e9n participan en el <em>coyotaje <\/em>y en el traslado ilegal de migrantes por rutas peligrosas, en las que son secuestrados, asesinados o incinerados como ocurri\u00f3 recientemente a 19 guatemaltecos que fueron secuestrados por una banda criminal, incluidos polic\u00edas municipales.<\/p>\n<p>Ante la pobreza y la ola de violencia, los hondure\u00f1os, salvadore\u00f1os, guatemaltecos y mexicanos no tienen otra opci\u00f3n que la de emigrar a Estados Unidos. En M\u00e9xico millones de mexicanos saben muy bien que s\u00f3lo en el vecino pa\u00eds del norte es donde pueden resolver sus problemas econ\u00f3micos sin importarles el trabajo que desempe\u00f1en. Tiempo atr\u00e1s, los campesinos mexicanos abandonaron sus tierras porque no obten\u00edan lo necesario para enfrentar la pobreza.<\/p>\n<p>En el presente, en nuestro pa\u00eds los problemas se complicaron para la gente del campo, porque es obligada a sumarse al narcotr\u00e1fico que en caso de no hacerlo, disponerse a luchar contra los criminales. Los amenazados prefieren abandonar sus casas y tierras y sumarse a la corriente migratoria para llegar a Estados Unidos.<\/p>\n<p>Las medidas para evitar la migraci\u00f3n legal e ilegal son suaves con discursos pr\u00f3ximos a la demagogia. Claro que ese problema social no se resolver\u00e1 de la noche a la ma\u00f1ana, pero ahora no se contempla la aplicaci\u00f3n de proyectos que anuncien soluciones. Dedicar m\u00e1s vigilantes a las fronteras para que eviten el paso de indocumentados no ayudar\u00e1 mucho. Las zonas fronterizas son muy amplias y no en todas partes de la frontera hay polic\u00edas que frenen a las caravanas de indocumentados.<\/p>\n<p>Cabe se\u00f1alar que la migraci\u00f3n no es exclusiva de Am\u00e9rica; en otras regiones del mundo la situaci\u00f3n es m\u00e1s dif\u00edcil; sin embargo, no se ve una actitud en\u00e9rgica, decidida, para proteger a las personas que golpeadas por la pobreza y la violencia intentan alcanzar mejores condiciones de vida. Las historias de injusticia contra los indocumentados continuar\u00e1n, sin remedio alguno, \u00bfUsted qu\u00e9 opina amable lector?<\/p>\n<p><a href=\"mailto:aco2742@hotmail.com\" target=\"_blank\" rel=\"noopener noreferrer\"><em>aco2742@hotmail.com<\/em><\/a><\/p>\n","protected":false},"excerpt":{"rendered":"<p><span style=\"color: #005497;\"><strong>Augusto Corro<\/strong><\/span><\/p>\n","protected":false},"author":3,"featured_media":0,"comment_status":"open","ping_status":"open","sticky":false,"template":"","format":"standard","meta":{"_monsterinsights_skip_tracking":false,"_monsterinsights_sitenote_active":false,"_monsterinsights_sitenote_note":"","_monsterinsights_sitenote_category":0,"footnotes":""},"categories":[157],"tags":[43686,43674,11515],"class_list":["post-504389","post","type-post","status-publish","format-standard","hentry","category-augusto-corro","tag-augusto-corro","tag-opinion","tag-punto-por-punto"],"_links":{"self":[{"href":"https:\/\/www.diarioimagen.net\/index.php?rest_route=\/wp\/v2\/posts\/504389","targetHints":{"allow":["GET"]}}],"collection":[{"href":"https:\/\/www.diarioimagen.net\/index.php?rest_route=\/wp\/v2\/posts"}],"about":[{"href":"https:\/\/www.diarioimagen.net\/index.php?rest_route=\/wp\/v2\/types\/post"}],"author":[{"embeddable":true,"href":"https:\/\/www.diarioimagen.net\/index.php?rest_route=\/wp\/v2\/users\/3"}],"replies":[{"embeddable":true,"href":"https:\/\/www.diarioimagen.net\/index.php?rest_route=%2Fwp%2Fv2%2Fcomments&post=504389"}],"version-history":[{"count":0,"href":"https:\/\/www.diarioimagen.net\/index.php?rest_route=\/wp\/v2\/posts\/504389\/revisions"}],"wp:attachment":[{"href":"https:\/\/www.diarioimagen.net\/index.php?rest_route=%2Fwp%2Fv2%2Fmedia&parent=504389"}],"wp:term":[{"taxonomy":"category","embeddable":true,"href":"https:\/\/www.diarioimagen.net\/index.php?rest_route=%2Fwp%2Fv2%2Fcategories&post=504389"},{"taxonomy":"post_tag","embeddable":true,"href":"https:\/\/www.diarioimagen.net\/index.php?rest_route=%2Fwp%2Fv2%2Ftags&post=504389"}],"curies":[{"name":"wp","href":"https:\/\/api.w.org\/{rel}","templated":true}]}}