{"id":504394,"date":"2021-04-23T00:11:45","date_gmt":"2021-04-23T05:11:45","guid":{"rendered":"https:\/\/www.diarioimagen.net\/?p=504394"},"modified":"2021-04-23T01:13:01","modified_gmt":"2021-04-23T06:13:01","slug":"biden-lleva-a-cabo-la-verdadera-transformacion","status":"publish","type":"post","link":"https:\/\/www.diarioimagen.net\/?p=504394","title":{"rendered":"Biden lleva a cabo la verdadera transformaci\u00f3n"},"content":{"rendered":"<h2>\u00cdndice pol\u00edtico<\/h2>\n<h5>Francisco Rodr\u00edguez<\/h5>\n<p>&nbsp;<\/p>\n<p>El gobierno dem\u00f3crata \u2014que lleg\u00f3 para poner un alto a los desmanes y al golpismo de Donald Trump\u2014 est\u00e1 poniendo la plana en materia de planeaci\u00f3n del desarrollo, en ordenamiento del modelo de crecimiento, en las pol\u00edticas revolucionarias que se requieren hoy d\u00eda para salir del atraso. Y eso que jam\u00e1s se anunci\u00f3 en la campa\u00f1a como un gobierno de izquierda.<\/p>\n<p>Jam\u00e1s dijeron que iban a llegar a la Cuarta o Quinta Transformaci\u00f3n de los Estados Unidos. Y, sin embargo, llevan hoy la estafeta en el mundo occidental sobre pol\u00edticas p\u00fablicas de avanzada.<\/p>\n<p>Para empezar, el plan de rescate econ\u00f3mico de la pol\u00edtica estadounidense logr\u00f3 la aprobaci\u00f3n en el Congreso de un paquete de rescate por 1.9 billones de d\u00f3lares, que marc\u00f3 el inicio del cambio en la pol\u00edtica econ\u00f3mica que tambi\u00e9n marca el fin de la era neoliberal de la basura blanca republicana.<\/p>\n<p>Y, para rematar, present\u00f3 ya su propuesta de empleos y de inversi\u00f3n p\u00fablica masiva de m\u00e1s de dos billones de d\u00f3lares en infraestructura nacional, con lo cual contin\u00faa el giro en pol\u00edtica econ\u00f3mica diametralmente.<\/p>\n<p>Rompe con el consenso neoliberal de los pasados cuarenta a\u00f1os e incluye medidas de mitigaci\u00f3n del cambio clim\u00e1tico, fen\u00f3meno que hoy el Departamento del Tesoro califica de problema existencial.<\/p>\n<p style=\"text-align: center;\"><strong>Estados Unidos crecer\u00e1 su PIB en un 6% este a\u00f1o<\/strong><\/p>\n<p>Este enorme proyecto de inversi\u00f3n en la infraestructura nacional es diferente a todo lo que se haya visto o hecho desde que, con Franklin Delano Roosevelt, se construy\u00f3 el sistema interestatal de autopistas e, incluso, desde que John Fitzgerald Kennedy inici\u00f3 la carrera espacial en los sesenta del siglo anterior.<\/p>\n<p>Es sin duda la inversi\u00f3n federal en empleo m\u00e1s significativa desde la Segunda Guerra Mundial.<\/p>\n<p>Para enfatizar que esta propuesta representa un giro del consenso pol\u00edtico y econ\u00f3mico que imper\u00f3 durante los \u00faltimos cuarenta a\u00f1os, declar\u00f3 Joe Biden: todos somos beneficiados cuando todos estamos bien.<\/p>\n<p>Y s\u00ed, tanto Estados Unidos como M\u00e9xico estuvieron empe\u00f1ados durante las cinco \u00faltimas d\u00e9cadas a la reducci\u00f3n del papel del Estado en la econom\u00eda, a promover la privatizaci\u00f3n y a desmantelar la red de gasto social para incentivar al sector privado con pol\u00edticas fiscales ofertistas, inopinadas e inservibles.<\/p>\n<p>Biden est\u00e1 ense\u00f1ando sus principales cartas en materia de pol\u00edtica econ\u00f3mica interna, como son las relativas a ensanchar el mercado, ofrecer empleo, promover bienestar y procurar una mejor distribuci\u00f3n del ingreso. Sin embargo, en otros lados no se ve lo mismo. Todos los analistas insisten en que, con estas medidas, Estados Unidos lograr\u00e1 un crecimiento m\u00ednimo del seis por ciento del producto interno bruto este a\u00f1o.<\/p>\n<p style=\"text-align: center;\"><strong>Aqu\u00ed vamos rumbo a un 30% de decrecimiento del PIB<\/strong><\/p>\n<p>Si en M\u00e9xico cree el \u201ccaudillo\u201d que este jal\u00f3n del desarrollo estadounidense podr\u00e1 cargar en sus espaldas un crecimiento nacional del cinco por ciento est\u00e1 muy equivocado. La econom\u00eda mexicana est\u00e1 destrozada, no tiene infraestructura ni equipamiento para poder entrar a esas ligas.<\/p>\n<p>La pol\u00edtica econ\u00f3mica mexicana est\u00e1 tocada de muerte. Todo mundo se haya paralizado. Nadie tiene confianza ni recibe certidumbre para invertir o crear empleos. Es un sue\u00f1o guajiro pensar que nos podemos uncir a ese cab\u00fas. Menos con la ignorancia que nos cargamos en Palacio Nacional.<\/p>\n<p>Frente a nuestro principal mercado, el estadounidense, estamos catat\u00f3nicos. No podemos ni hemos intentado hacer algo bien, que siquiera se parezca a la lucha contra el desempleo que all\u00e1 se emprende. Menos vamos a poder emparejar la carrera.<\/p>\n<p>En cambio, el modito Tepetit\u00e1n es el de enfrentarse a las empresas del sector energ\u00e9tico y echar para abajo cualquier proyecto de inversi\u00f3n, con el consecuente peligro que implica perder las demandas internacionales sobre la violaci\u00f3n de los t\u00e9rminos firmados del T-MEC. Vamos rumbo a un treinta por ciento de decrecimiento del producto interno bruto este a\u00f1o&#8230; y seguramente los que siguen.<\/p>\n<p style=\"text-align: center;\"><strong>Las amenazas de Biden no se combaten con m\u00edtines<\/strong><\/p>\n<p>No hay soluci\u00f3n para un cabeza dura como la que tenemos al mando. Porque Biden ya amenaz\u00f3 por primera vez en serio que si las empresas de cualquier sector, no s\u00f3lo el energ\u00e9tico, son tratadas injustamente, con rudeza innecesaria, todo el aparato estadounidense intervendr\u00e1 para poner orden.<\/p>\n<p>Y como usted sabe, estas amenazas no se pueden combatir con criterios salvajes de luchas figuradas contra el imperialismo. Es una simple relaci\u00f3n de contratos firmados bajo leyes aprobadas en materia de convenios internacionales y que ahora quieren ser desconocidos por un politicastro aventurero.<\/p>\n<p>Contra esas demandas, no habr\u00e1 manifestaci\u00f3n de dos o tres mil chairos en el Z\u00f3calo \u2014ya no pueden juntar m\u00e1s, porque se quedaron solos\u2014, ni habr\u00e1\u00a0<em>masiosarismos<\/em>\u00a0\u201cma\u00f1aneros\u201d, ni envolturas en banderas nacionalistas que valgan para encubrir las fallas mentales y de gobierno. S\u00f3lo la ley pura y dura.<\/p>\n<p style=\"text-align: center;\"><strong>Nada funciona en M\u00e9xico, desde la llegada del tabasque\u00f1o<\/strong><\/p>\n<p>Joe Biden ha puesto la plana. Y mientras m\u00e1s tarden los\u00a0<em>machuchones\u00a0<\/em>de Macuspana en ponerse las pilas acerca de lo que est\u00e1 pasando frente a sus narices, m\u00e1s hondo ser\u00e1 el abismo de decrecimiento en que caigamos. La altura de la vara tambi\u00e9n medir\u00e1 la altura de que podr\u00e1 caer el estultismo de la Cuarta Corrupci\u00f3n. Y m\u00e1s duras las sanciones que vengan desde el Imperio para el pa\u00eds y para estos ineptos.<\/p>\n<p>Quede constancia de que al \u201ccaudillo\u201d se le ha insistido desde todos los foros y desde todos los \u00e1ngulos posibles que el camino de destrucci\u00f3n ha sido rayanamente equivocado. Que debi\u00f3 haber implementado este tipo de medidas desde que tom\u00f3 posesi\u00f3n.<\/p>\n<p>Pero en veintiocho meses se ha dedicado s\u00f3lo al sue\u00f1o de acumular poder en b\u00fasqueda de reelecci\u00f3n. Algo absurdo e impertinente. Destroz\u00f3 la econom\u00eda en s\u00f3lo un a\u00f1o, lleg\u00f3 la pandemia y le ayud\u00f3 a hacerlo m\u00e1s a fondo. Nada funciona en M\u00e9xico desde la llegada del tabasque\u00f1o.<\/p>\n<p style=\"text-align: center;\"><strong>Es ya el peor Presidente de toda nuestra historia<\/strong><\/p>\n<p>Y s\u00ed. Como todos sabemos, no ha creado ni promovido un solo empleo formal, no ha construido una obra significativa y funcional, no ha puesto orden en la administraci\u00f3n. Su ejemplo de mentiras y corrupci\u00f3n ha prendido en todos los sectores de la funci\u00f3n p\u00fablica. Y \u00e9l sigue pensando que vive en otro mundo.<\/p>\n<p>Hiri\u00f3 de muerte a cualquier pol\u00edtica seria de transformaci\u00f3n. Es ya el peor presidente de toda nuestra historia.<\/p>\n<p>Para colmo, los estadounidenses implementan una pol\u00edtica de izquierda a la que ya no estamos invitados.<\/p>\n<p>\u00bfNo cree usted?<\/p>\n<p><strong><em>\u00cdndice Flam\u00edgero<\/em><\/strong><em>:<\/em> El gobierno de Joe Biden rechaz\u00f3 la propuesta -una verdadera jalada- del presidente Andr\u00e9s Manuel L\u00f3pez Obrador de extender a Centroam\u00e9rica el programa Sembrando Vida y vincularlo con un plan para permitir a los participantes solicitar la ciudadan\u00eda estadounidense. En una sesi\u00f3n con funcionarios de la administraci\u00f3n estadounidense para hablar sobre la cumbre clim\u00e1tica a la que convoc\u00f3 el presidente Joe Biden y que arranc\u00f3 ayer jueves de forma virtual, se les pregunt\u00f3 sobre esta propuesta que L\u00f3pez Obrador dijo que presentar\u00eda durante su participaci\u00f3n en la cumbre, en la que estar\u00e1n de forma remota 40 l\u00edderes mundiales. Uno de los funcionarios de la administraci\u00f3n Biden explic\u00f3 que apenas escucharon de esa propuesta y que \u201cno suena como a que haya sido parte a\u00fan de una conversaci\u00f3n extensa, ni en M\u00e9xico ni entre M\u00e9xico y Estados Unidos\u201d.<\/p>\n<p><em><u><a href=\"http:\/\/www.indicepolitico.com\" target=\"_blank\" rel=\"noopener noreferrer\">www.indicepolitico.com<\/a><\/u><u><br \/>\n<\/u><a href=\"mailto:indicepolitico@gmail.com\" target=\"_blank\" rel=\"noopener noreferrer\">indicepolitico@gmail.com<\/a><\/em><br \/>\n<em><a href=\"https:\/\/twitter.com\/indicepolitico?lang=es\" target=\"_blank\" rel=\"noopener noreferrer\">@IndicePolitico<\/a><\/em><br \/>\n<em><u><a href=\"https:\/\/twitter.com\/pacorodriguez\" target=\"_blank\" rel=\"noopener noreferrer\">@pacorodriguez<\/a><\/u><\/em><\/p>\n","protected":false},"excerpt":{"rendered":"<p><span style=\"color: #005497;\"><strong>Francisco Rodr\u00edguez<\/strong><\/span><br \/>\n<br \/>\nEl gobierno dem\u00f3crata \u2014que lleg\u00f3 para poner un alto a los desmanes y al golpismo de Donald Trump\u2014 est\u00e1 poniendo la plana en materia de planeaci\u00f3n del desarrollo, en ordenamiento del modelo de crecimiento, en las pol\u00edticas revolucionarias que se requieren hoy d\u00eda para salir del atraso.<\/p>\n","protected":false},"author":3,"featured_media":0,"comment_status":"open","ping_status":"open","sticky":false,"template":"","format":"standard","meta":{"_monsterinsights_skip_tracking":false,"_monsterinsights_sitenote_active":false,"_monsterinsights_sitenote_note":"","_monsterinsights_sitenote_category":0,"footnotes":""},"categories":[549],"tags":[43689,550,43674],"class_list":["post-504394","post","type-post","status-publish","format-standard","hentry","category-francisco-rodriguez","tag-francisco-rodriguez","tag-indice-politico","tag-opinion"],"_links":{"self":[{"href":"https:\/\/www.diarioimagen.net\/index.php?rest_route=\/wp\/v2\/posts\/504394","targetHints":{"allow":["GET"]}}],"collection":[{"href":"https:\/\/www.diarioimagen.net\/index.php?rest_route=\/wp\/v2\/posts"}],"about":[{"href":"https:\/\/www.diarioimagen.net\/index.php?rest_route=\/wp\/v2\/types\/post"}],"author":[{"embeddable":true,"href":"https:\/\/www.diarioimagen.net\/index.php?rest_route=\/wp\/v2\/users\/3"}],"replies":[{"embeddable":true,"href":"https:\/\/www.diarioimagen.net\/index.php?rest_route=%2Fwp%2Fv2%2Fcomments&post=504394"}],"version-history":[{"count":0,"href":"https:\/\/www.diarioimagen.net\/index.php?rest_route=\/wp\/v2\/posts\/504394\/revisions"}],"wp:attachment":[{"href":"https:\/\/www.diarioimagen.net\/index.php?rest_route=%2Fwp%2Fv2%2Fmedia&parent=504394"}],"wp:term":[{"taxonomy":"category","embeddable":true,"href":"https:\/\/www.diarioimagen.net\/index.php?rest_route=%2Fwp%2Fv2%2Fcategories&post=504394"},{"taxonomy":"post_tag","embeddable":true,"href":"https:\/\/www.diarioimagen.net\/index.php?rest_route=%2Fwp%2Fv2%2Ftags&post=504394"}],"curies":[{"name":"wp","href":"https:\/\/api.w.org\/{rel}","templated":true}]}}