{"id":504516,"date":"2021-04-26T00:07:18","date_gmt":"2021-04-26T05:07:18","guid":{"rendered":"https:\/\/www.diarioimagen.net\/?p=504516"},"modified":"2021-04-27T00:23:39","modified_gmt":"2021-04-27T05:23:39","slug":"dialogo-y-colaboracion-permanente-con-gobiernos-municipales-estatal-y-federal-carlos-eduardo-barrera-diaz","status":"publish","type":"post","link":"https:\/\/www.diarioimagen.net\/?p=504516","title":{"rendered":"Di\u00e1logo y colaboraci\u00f3n permanente con gobiernos municipales, estatal y federal: Carlos Eduardo Barrera D\u00edaz"},"content":{"rendered":"<p>&nbsp;<\/p>\n<ul>\n<li><strong><em>El aspirante al cargo de rector de la UAEM plantea fortalecer relaciones con los tres poderes del Estado \u2014locales y federales\u2014 para incrementar subsidios econ\u00f3micos a favor de la educaci\u00f3n <\/em><\/strong><\/li>\n<li><strong><em>Reitera colaboraci\u00f3n permanente con el \u00d3rgano Interno de Control (OIC) en concordancia con los sistemas Nacional y Estatal Anticorrupci\u00f3n <\/em><\/strong><\/li>\n<\/ul>\n<p>&nbsp;<\/p>\n<div id=\"attachment_504633\" style=\"width: 470px\" class=\"wp-caption aligncenter\"><a href=\"https:\/\/www.diarioimagen.net\/?attachment_id=504633\" rel=\"attachment wp-att-504633\"><img loading=\"lazy\" decoding=\"async\" aria-describedby=\"caption-attachment-504633\" class=\"size-full wp-image-504633\" src=\"https:\/\/www.diarioimagen.net\/wp-content\/uploads\/2021\/04\/Carlos-Eduardo-3.jpg\" alt=\"\" width=\"460\" height=\"307\" \/><\/a><p id=\"caption-attachment-504633\" class=\"wp-caption-text\">Carlos Eduardo Barrera D\u00edaz plantea la participaci\u00f3n democr\u00e1tica de la comunidad universitaria en las decisiones de los \u00f3rganos colegiados.<\/p><\/div>\n<p>&nbsp;<\/p>\n<p><strong>Toluca, Estado de M\u00e9xico.\u2014 <\/strong>Carlos Eduardo Barrera D\u00edaz, aspirante al cargo de Rector de la Universidad Aut\u00f3noma del Estado de M\u00e9xico (UAEM\u00e9x), asegur\u00f3 que \u2014de ser favorecido con el voto del H. Consejo Universitario el pr\u00f3ximo 14 de mayo\u2014 se mantendr\u00e1 un di\u00e1logo y colaboraci\u00f3n permanente con los gobiernos municipales, estatal y federal, a fin de fortalecer a la instituci\u00f3n y aumentar los beneficios que aporta a la poblaci\u00f3n mexiquense.<\/p>\n<p>Durante las Jornadas de Promoci\u00f3n y Comparecencias Institucionales -que hasta el momento se han desarrollado en 50 espacios universitarios-, Barrera D\u00edaz consider\u00f3 que al ser la universidad una instituci\u00f3n clave en la generaci\u00f3n y distribuci\u00f3n del conocimiento cient\u00edfico y tecnol\u00f3gico para la sociedad, debe fortalecer su relaci\u00f3n con los tres poderes del Estado -locales y federales- con la finalidad de realizar las gestiones necesarias para incrementar los subsidios econ\u00f3micos.<\/p>\n<p>\u201cLa UAEM\u00e9x, que est\u00e1 comprometida con la sociedad en la formaci\u00f3n de recursos humanos de alto nivel con un alto compromiso social, \u00e9tico y cultural, debe estrechar relaciones con los \u00e1mbitos gubernamentales para garantizar el derecho a la educaci\u00f3n equitativa, inclusiva e integral\u201d, indic\u00f3.<\/p>\n<p>Consider\u00f3 que la relaci\u00f3n de la universidad y los distintos \u00e1mbitos de gobierno y los sectores productivos tambi\u00e9n debe evolucionar para compartir compromisos y de responsabilidad social, para hacer del Estado de M\u00e9xico una entidad m\u00e1s competitiva.<\/p>\n<p>Barrera D\u00edaz reiter\u00f3 que en la administraci\u00f3n 2021-2025, el \u00d3rgano Interno de Control (OIC) ser\u00e1 un aliado de la UAEM\u00e9x, en concordancia con los sistemas Nacional y Estatal Anticorrupci\u00f3n; por ello, se mantendr\u00e1 una colaboraci\u00f3n permanente para garantizar la rendici\u00f3n de cuentas y la transparencia en la aplicaci\u00f3n de recursos.<\/p>\n<p>Por otro lado, el aspirante al cargo de Rector asegur\u00f3 que al interior de la UAEM\u00e9x, el gobierno universitario debe pugnar por un ambiente de convivencia universitaria arm\u00f3nico en el que se privilegie la defensa de los derechos universitarios, por ello, se implementar\u00e1 una pol\u00edtica de inclusi\u00f3n y equidad de g\u00e9nero.<\/p>\n<p>En ese sentido, ha planteado la necesidad de actualizar y mejorar las normas y reglamentos de la UAEM\u00e9x para propiciar mayor seguridad jur\u00eddica y coadyuvar a la gobernabilidad institucional, a trav\u00e9s de la creaci\u00f3n de un marco regulatorio integro, equilibrado, pertinente, consistente y claro, que fortalezca la identidad y la certeza legal para garantizar la igualdad, la no discriminaci\u00f3n, el respeto y la legalidad.<\/p>\n<p>Al dialogar con integrantes de la UAEM\u00e9x, ha referido que la creaci\u00f3n o actualizaci\u00f3n de normas universitarias deber\u00e1 de ser resultado de un proceso participativo y democr\u00e1tico que fortalezca la autonom\u00eda de la universidad; adem\u00e1s se promover\u00e1 la participaci\u00f3n de la comunidad universitaria en las decisiones de los \u00f3rganos colegiados.<\/p>\n","protected":false},"excerpt":{"rendered":"<p>Carlos Eduardo Barrera D\u00edaz, aspirante al cargo de Rector de la Universidad Aut\u00f3noma del Estado de M\u00e9xico (UAEM\u00e9x), asegur\u00f3 que \u2014de ser favorecido con el voto del H. Consejo Universitario el pr\u00f3ximo 14 de mayo\u2014 se mantendr\u00e1 un di\u00e1logo y colaboraci\u00f3n permanente con los gobiernos municipales, estatal y federal, a fin de fortalecer a la instituci\u00f3n y aumentar los beneficios que aporta a la poblaci\u00f3n mexiquense.<\/p>\n","protected":false},"author":3,"featured_media":504632,"comment_status":"open","ping_status":"open","sticky":false,"template":"","format":"standard","meta":{"_monsterinsights_skip_tracking":false,"_monsterinsights_sitenote_active":false,"_monsterinsights_sitenote_note":"","_monsterinsights_sitenote_category":0,"footnotes":""},"categories":[5],"tags":[92667,43675,452],"class_list":["post-504516","post","type-post","status-publish","format-standard","has-post-thumbnail","hentry","category-estado-de-mexico","tag-carlos-eduardo-barrera-diaz","tag-estado-de-mexico","tag-toluca"],"_links":{"self":[{"href":"https:\/\/www.diarioimagen.net\/index.php?rest_route=\/wp\/v2\/posts\/504516","targetHints":{"allow":["GET"]}}],"collection":[{"href":"https:\/\/www.diarioimagen.net\/index.php?rest_route=\/wp\/v2\/posts"}],"about":[{"href":"https:\/\/www.diarioimagen.net\/index.php?rest_route=\/wp\/v2\/types\/post"}],"author":[{"embeddable":true,"href":"https:\/\/www.diarioimagen.net\/index.php?rest_route=\/wp\/v2\/users\/3"}],"replies":[{"embeddable":true,"href":"https:\/\/www.diarioimagen.net\/index.php?rest_route=%2Fwp%2Fv2%2Fcomments&post=504516"}],"version-history":[{"count":0,"href":"https:\/\/www.diarioimagen.net\/index.php?rest_route=\/wp\/v2\/posts\/504516\/revisions"}],"wp:featuredmedia":[{"embeddable":true,"href":"https:\/\/www.diarioimagen.net\/index.php?rest_route=\/wp\/v2\/media\/504632"}],"wp:attachment":[{"href":"https:\/\/www.diarioimagen.net\/index.php?rest_route=%2Fwp%2Fv2%2Fmedia&parent=504516"}],"wp:term":[{"taxonomy":"category","embeddable":true,"href":"https:\/\/www.diarioimagen.net\/index.php?rest_route=%2Fwp%2Fv2%2Fcategories&post=504516"},{"taxonomy":"post_tag","embeddable":true,"href":"https:\/\/www.diarioimagen.net\/index.php?rest_route=%2Fwp%2Fv2%2Ftags&post=504516"}],"curies":[{"name":"wp","href":"https:\/\/api.w.org\/{rel}","templated":true}]}}