{"id":504547,"date":"2021-04-26T00:01:22","date_gmt":"2021-04-26T05:01:22","guid":{"rendered":"https:\/\/www.diarioimagen.net\/?p=504547"},"modified":"2021-04-26T02:58:15","modified_gmt":"2021-04-26T07:58:15","slug":"a-partir-del-2-de-julio-emirates-reanudara-vuelos-ciudad-de-mexico-barcelona-dubai","status":"publish","type":"post","link":"https:\/\/www.diarioimagen.net\/?p=504547","title":{"rendered":"A partir del 2 de julio Emirates reanudar\u00e1 vuelos Ciudad de M\u00e9xico-Barcelona-Dubai"},"content":{"rendered":"<h2>De cinco estrellas<\/h2>\n<h5>Victoria Gonz\u00e1lez Prado<\/h5>\n<p>&nbsp;<\/p>\n<ul>\n<li><strong><em>Confetur, por primera vez, celebra asamblea presencial en el hotel <\/em>Royal Reforma<em>, anfitri\u00f3n de la reuni\u00f3n<\/em><\/strong><\/li>\n<li><strong>Price Travel Holding<em> y <\/em>Gran Plan de\u00a0Aerom\u00e9xico<em>, firman alianza para ofrecer\u00a0 m\u00e1s y mejores paquetes<\/em><\/strong><\/li>\n<\/ul>\n<p>&nbsp;<\/p>\n<p>&nbsp;<\/p>\n<div id=\"attachment_504663\" style=\"width: 310px\" class=\"wp-caption alignleft\"><a href=\"https:\/\/www.diarioimagen.net\/?attachment_id=504663\" rel=\"attachment wp-att-504663\"><img loading=\"lazy\" decoding=\"async\" aria-describedby=\"caption-attachment-504663\" class=\" wp-image-504663\" src=\"https:\/\/www.diarioimagen.net\/wp-content\/uploads\/2021\/04\/turismo-8.jpg\" alt=\"\" width=\"300\" height=\"344\" \/><\/a><p id=\"caption-attachment-504663\" class=\"wp-caption-text\">Reanudar\u00e1 vuelos en julio.<\/p><\/div>\n<p>A partir del 2 de julio pr\u00f3ximo, <em>Emirates<\/em> reanudar\u00e1 cuatro vuelos semanales Ciudad de M\u00e9xico-Barcelona-Dubai, con la intenci\u00f3n de impulsar el comercio y el turismo, al tiempo que ofrece m\u00e1s conectividad, comodidad y opciones. La ruta\u00a0Barcelona-CDMX ser\u00e1 en\u00a0<em>Boeing 777-200LR<\/em>\u00a0en dos clases: <em>Business <\/em>con 38 asientos\u00a0en configuraci\u00f3n 2-2-2 y en Turista 264 asientos.<\/p>\n<p>La reanudaci\u00f3n del servicio de <em>Emirates<\/em> en M\u00e9xico ofrecer\u00e1 m\u00e1s opciones a los viajeros que se dirijan desde Europa, India, Sudeste Asi\u00e1tico y Medio Oriente v\u00eda Dub\u00e1i o Barcelona. Tambi\u00e9n proporcionar\u00e1 conectividad adicional a los mercados globales para las exportaciones mexicanas.<\/p>\n<p><em>Emirates SkyCargo<\/em>\u00a0ha operado vuelos de carga hacia y desde la Ciudad de M\u00e9xico desde 2014, cumpliendo en este mes siete a\u00f1os de operaciones. Durante la pandemia por Covid-19 la compa\u00f1\u00eda continu\u00f3 con su conectividad a la Ciudad de M\u00e9xico a trav\u00e9s de vuelos de carga, trayendo al pa\u00eds equipo de protecci\u00f3n personal y vacunas que tanto se necesitaban, a la vez que segu\u00eda apoyando las exportaciones mexicanas.<\/p>\n<p>La aerol\u00ednea,\u00a0ha reanudado de forma segura y gradual las operaciones en toda su red. Dub\u00e1i sigue siendo uno de los destinos vacacionales m\u00e1s populares del mundo, especialmente durante la temporada de invierno. La ciudad est\u00e1 abierta a los visitantes internacionales de negocios y de placer con variedad experiencias de clase mundial y se convirti\u00f3 en una de las primeras en el mundo\u00a0\u00a0 en obtener el sello\u00a0<em>Safe Travels<\/em>\u00a0del Consejo Mundial de Viajes y Turismo (WTTC), que avala medidas que garantizan la salud y la seguridad de los visitantes.<\/p>\n<p>Los clientes de <em>Emirates <\/em>de los Emiratos \u00c1rabes Unidos (EAU) y de todo el mundo pueden planificar su viaje con facilidad y comodidad, ya que M\u00e9xico sigue abierto para los visitantes, y es destino popular para los viajeros globales de negocios y de placer, en particular de los EAU, Espa\u00f1a, Pakist\u00e1n, Singapur, Egipto y L\u00edbano. M\u00e9xico tambi\u00e9n alberga comunidades de Medio Oriente que ahora pueden aprovechar la reanudaci\u00f3n del servicio.<\/p>\n<p>Las pol\u00edticas de reserva de la aerol\u00ednea ofrecen\u00a0flexibilidad y confianza para planificar viajes. Informaci\u00f3n:\u00a0https:\/\/www.emirates.com\/ae\/english\/help\/covid-19\/ticket-options\/ Adem\u00e1s ofrece seguro de viaje multi riesgo del sector a\u00e9reo y la cobertura Covid-19, es ofrecida por\u00a0la compa\u00f1\u00eda a\u00e9rea\u00a0en todos los boletos comprados a partir del 1 de diciembre de 2020.<\/p>\n<p>Quienes deseen viajar deber\u00e1n comprobar las \u00faltimas restricciones gubernamentales para viajar en su pa\u00eds de origen y se aseguren de que cumplen los requisitos de viaje de su destino final: www.emirates.com\/flytoDubai.<\/p>\n<p>\u2730\u2730\u2730\u2730\u2730 La alegr\u00eda de los ni\u00f1os debe ser la luz del presente y el futuro de nuestro mundo y las socias de la Confederaci\u00f3n Femenina Tur\u00edstica (Confetur), celebraron \u2013por adelantado\u2014 con bombo y platillo a la ni\u00f1a que todas llevamos dentro. La presidenta de la asociaci\u00f3n, <strong>Brisa Amaya<\/strong>, se encarg\u00f3 de que las socias y los reporteros, reunidos por primera en el Hotel Royal Reforma, fueran agasajadas con taza, con el nombre de la Confetur, repleta de chocolates.<\/p>\n<p>As\u00ed fue como se llev\u00f3 a cabo, de forma presencial, la asamblea en la que se present\u00f3 la nueva p\u00e1gina web: www,confeturnacional.com<\/p>\n<p>La anfitriona <strong>Guadalupe Barrera<\/strong>, gerente de reservaciones del hotel Royal Reforma se refiri\u00f3 a las distintas medidas de higiene y desinfecci\u00f3n que se utilizan en el inmueble e invit\u00f3 a realizar un recorrido por distintas \u00e1reas del hotel luego de dar breve explicaci\u00f3n de los protocolos para todos los hu\u00e9spedes y visitantes.<\/p>\n<p>De igual forma, <strong>Brisa<\/strong>, asegur\u00f3 que la Confetur es de las pocas agrupaciones que se ha mantenido pr\u00e1cticamente con el total de socias y han evitado la deserci\u00f3n con las medidas tomadas por la mesa directiva.<\/p>\n<p>Ahora que empieza a reactivarse un poco m\u00e1s la actividad buscar\u00e1n incrementar el n\u00famero de socias con la intenci\u00f3n de fortalecer a la agrupaci\u00f3n, adem\u00e1s de que la presidenta y la mesa directiva han dedicado esfuerzos para lograr la integraci\u00f3n de todas las socias.<\/p>\n<p>Por \u00faltimo, la presidenta de la Confetur coment\u00f3 que la agrupaci\u00f3n es la primera en regresar a los eventos presenciales, por supuesto, siguiendo todos los protocolos de higiene y seguridad.<\/p>\n<p>Asimismo, <strong>Carla Ponce<\/strong>, responsable de Relaciones P\u00fablicas de la asociaci\u00f3n indic\u00f3 que han aprovechado distintas plataformas virtuales para continuar capacit\u00e1ndose adem\u00e1s de sesiones de convivencia que han fortalecido los lazos de amistad entre las socias.<\/p>\n<p>\u2730\u2730\u2730\u2730\u2730 <em>Price Travel Holding<\/em> y Gran Plan de\u00a0Aerom\u00e9xico, firmaron alianza con la que ofrecer\u00e1n m\u00e1s y mejores paquetes con diferentes tarifas, utilizando la plataformas de viaje m\u00e1s segura y r\u00e1pida de la <em>web. <\/em><\/p>\n<p>La plataforma, con m\u00e1s de dos d\u00e9cadas de experiencia, destaca por haber desarrollado tecnolog\u00eda del m\u00e1s alto nivel de eficiencia y seguridad. Cuenta con sistema de <em>branded fares<\/em> que permitir\u00e1 escoger el paquete que mejor se adapte a su presupuesto, ofreciendo opciones m\u00e1s accesibles.<\/p>\n<p><strong>Rodrigo Sandoval Piemonte<\/strong>, director de Bancos, Lealtad y Gran Plan afirm\u00f3: \u201cesta alianza permite renovar nuestro producto de paquetes de viaje, que ser\u00e1 una plataforma m\u00e1s \u00e1gil y competitiva con lo que seguiremos mejorando la experiencia de viaje de nuestros clientes\u201d.<\/p>\n<p>Por su parte <strong>Rafael Durand<\/strong>, COO de <em>PriceTravel Holding<\/em>, indic\u00f3: \u201dfortaleceremos el programa Gran Plan a trav\u00e9s de nuestra plataforma tecnol\u00f3gica y contenido exclusivo, con altos est\u00e1ndares de servicio\u201d.<\/p>\n<p>Los paquetes de Gran Plan incluyen: transporte a\u00e9reo, hospedaje, renta de autos, <em>tours<\/em> y actividades locales en una sola compra, con tarifas y promociones exclusivas.<\/p>\n<p>Aerom\u00e9xico\u00a0continuar\u00e1 ofreciendo las mejores opciones de productos y servicios en alianza con socios comerciales que cumplen los m\u00e1s altos est\u00e1ndares de salud y seguridad.<\/p>\n<p>&nbsp;<\/p>\n<blockquote><p>\u201c<strong>El<\/strong> <strong>\u00e1ngel de la fama tiene sus alas hechas de papel&#8230; peri\u00f3dico\u201d.<br \/>\n<\/strong><\/p><\/blockquote>\n<p>&nbsp;<\/p>\n<p><em><span class=\"Apple-converted-space\"><a href=\"mailto:victoriagprado@gmail.com\" target=\"_blank\" rel=\"noopener noreferrer\">victoriagprado@gmail.com<\/a><br \/>\nTwitter: <a href=\"https:\/\/twitter.com\/victoriagprado\" target=\"_blank\" rel=\"noopener noreferrer\">@victoriagprado<\/a><\/span><\/em><\/p>\n","protected":false},"excerpt":{"rendered":"<p>A partir del 2 de julio pr\u00f3ximo, <em>Emirates<\/em> reanudar\u00e1 cuatro vuelos semanales Ciudad de M\u00e9xico-Barcelona-Dubai, con la intenci\u00f3n de impulsar el comercio y el turismo, al tiempo que ofrece m\u00e1s conectividad, comodidad y opciones. La ruta Barcelona-CDMX ser\u00e1 en <em>Boeing 777-200LR<\/em> en dos clases: <em>Business <\/em>con 38 asientos en configuraci\u00f3n 2-2-2 y en Turista 264 asientos.<\/p>\n","protected":false},"author":3,"featured_media":504662,"comment_status":"open","ping_status":"open","sticky":false,"template":"","format":"standard","meta":{"_monsterinsights_skip_tracking":false,"_monsterinsights_sitenote_active":false,"_monsterinsights_sitenote_note":"","_monsterinsights_sitenote_category":0,"footnotes":""},"categories":[11],"tags":[107,43674,43681,106],"class_list":["post-504547","post","type-post","status-publish","format-standard","has-post-thumbnail","hentry","category-turismo","tag-de-cinco-estrellas","tag-opinion","tag-turismo","tag-victoria-gonzalez-prado"],"_links":{"self":[{"href":"https:\/\/www.diarioimagen.net\/index.php?rest_route=\/wp\/v2\/posts\/504547","targetHints":{"allow":["GET"]}}],"collection":[{"href":"https:\/\/www.diarioimagen.net\/index.php?rest_route=\/wp\/v2\/posts"}],"about":[{"href":"https:\/\/www.diarioimagen.net\/index.php?rest_route=\/wp\/v2\/types\/post"}],"author":[{"embeddable":true,"href":"https:\/\/www.diarioimagen.net\/index.php?rest_route=\/wp\/v2\/users\/3"}],"replies":[{"embeddable":true,"href":"https:\/\/www.diarioimagen.net\/index.php?rest_route=%2Fwp%2Fv2%2Fcomments&post=504547"}],"version-history":[{"count":0,"href":"https:\/\/www.diarioimagen.net\/index.php?rest_route=\/wp\/v2\/posts\/504547\/revisions"}],"wp:featuredmedia":[{"embeddable":true,"href":"https:\/\/www.diarioimagen.net\/index.php?rest_route=\/wp\/v2\/media\/504662"}],"wp:attachment":[{"href":"https:\/\/www.diarioimagen.net\/index.php?rest_route=%2Fwp%2Fv2%2Fmedia&parent=504547"}],"wp:term":[{"taxonomy":"category","embeddable":true,"href":"https:\/\/www.diarioimagen.net\/index.php?rest_route=%2Fwp%2Fv2%2Fcategories&post=504547"},{"taxonomy":"post_tag","embeddable":true,"href":"https:\/\/www.diarioimagen.net\/index.php?rest_route=%2Fwp%2Fv2%2Ftags&post=504547"}],"curies":[{"name":"wp","href":"https:\/\/api.w.org\/{rel}","templated":true}]}}