{"id":504693,"date":"2021-04-27T00:08:07","date_gmt":"2021-04-27T05:08:07","guid":{"rendered":"https:\/\/www.diarioimagen.net\/?p=504693"},"modified":"2021-04-27T23:11:19","modified_gmt":"2021-04-28T04:11:19","slug":"afianza-la-uaem-politica-universitaria-de-genero-para-erradicar-violencia-contra-mujeres","status":"publish","type":"post","link":"https:\/\/www.diarioimagen.net\/?p=504693","title":{"rendered":"Afianza la UAEM pol\u00edtica universitaria de g\u00e9nero para erradicar violencia contra mujeres"},"content":{"rendered":"<p><em>\u00a0<\/em><\/p>\n<ul>\n<li><strong><em>El rector Alfredo Barrera Baca instal\u00f3 el Comit\u00e9 de Seguimiento y Evaluaci\u00f3n del Protocolo para prevenir, atender y sancionar la violencia de g\u00e9nero, en respuesta\u00a0 a las leg\u00edtimas demandas de los colectivos feministas y estudiantiles<\/em><\/strong><\/li>\n<\/ul>\n<p>&nbsp;<\/p>\n<div id=\"attachment_504781\" style=\"width: 470px\" class=\"wp-caption aligncenter\"><a href=\"https:\/\/www.diarioimagen.net\/?attachment_id=504781\" rel=\"attachment wp-att-504781\"><img loading=\"lazy\" decoding=\"async\" aria-describedby=\"caption-attachment-504781\" class=\"size-full wp-image-504781\" src=\"https:\/\/www.diarioimagen.net\/wp-content\/uploads\/2021\/04\/Uaem-12.jpg\" alt=\"\" width=\"460\" height=\"270\" \/><\/a><p id=\"caption-attachment-504781\" class=\"wp-caption-text\">El rector de la UAEM, Alfredo Barrera Baca, instal\u00f3 el Comit\u00e9 de Seguimiento y Evaluaci\u00f3n del Protocolo para prevenir, atender y sancionar la violencia de g\u00e9nero.<\/p><\/div>\n<p>&nbsp;<\/p>\n<p><strong>Toluca, Estado de M\u00e9xico.\u2013<\/strong> La Universidad Aut\u00f3noma del Estado de M\u00e9xico afianza una pol\u00edtica universitaria de g\u00e9nero que atiende las leg\u00edtimas demandas de los colectivos feministas y estudiantiles para erradicar la violencia contra las mujeres, asever\u00f3 el rector Alfredo Barrera Baca al instalar el Comit\u00e9 de Seguimiento y Evaluaci\u00f3n del Protocolo para prevenir, atender y sancionar la violencia de g\u00e9nero.<\/p>\n<p>En la Sala \u201cGustavo Baz Prada\u201d del edificio de Rector\u00eda y como lo establece el T\u00edtulo S\u00e9ptimo del Protocolo, que determina la creaci\u00f3n de un comit\u00e9 encargado de monitorear el grado de avance en la aplicaci\u00f3n de este instrumento, el rector tom\u00f3 protesta a sus integrantes: el secretario de Rector\u00eda de la UAEM, Juvenal Vargas Mu\u00f1oz; la Coordinadora Institucional de Equidad de G\u00e9nero, Roc\u00edo \u00c1lvarez Miranda; la Directora de Responsabilidad Universitaria, Diana Laura Alejo S\u00e1nchez.<\/p>\n<p>Tambi\u00e9n, la titular de la Defensor\u00eda de los Derechos Universitarios, Mar\u00eda Jos\u00e9 Bern\u00e1ldez Aguilar, el Director de Seguridad y Protecci\u00f3n Universitaria, Salom\u00f3n Alejandro Valora G\u00f3mez; el Director General de Comunicaci\u00f3n Universitaria, Gast\u00f3n Pedraza Mu\u00f1oz; y el Director General de Evaluaci\u00f3n y Control de la Gesti\u00f3n Universitaria, Jorge Rogelio Centeno Dom\u00ednguez.<\/p>\n<p>Alfredo Barrera manifest\u00f3 que la Administraci\u00f3n 2017-2021 de esta Casa de Estudios ha experimentado y propiciado cambios que obligan a ajustar estructuras y pr\u00e1cticas, entre ellas, prevenir, atender y sancionar la violencia de g\u00e9nero en la instituci\u00f3n.<\/p>\n<p>Por esta raz\u00f3n, los colectivos estudiantiles de diversos espacios acad\u00e9micos, especialistas en estudios de g\u00e9nero y autoridades universitarias realizaron una serie de encuentros para escuchar, sistematizar y proponer soluciones que derivaron en la renovaci\u00f3n del Protocolo para prevenir, atender y sancionar la violencia de g\u00e9nero en la UAEM.<\/p>\n<p>Alfredo Barrera, enfatiz\u00f3 que el Protocolo se fortalece con la reciente reforma al Estatuto Universitario y la publicaci\u00f3n del Reglamento de Procedimiento de Responsabilidad Administrativa y el Procedimiento de Responsabilidad Universitaria, que aseguran un marco jur\u00eddico que responde al contexto actual y garantiza la sanci\u00f3n y destituci\u00f3n de acosadores y hostigadores sexuales.<\/p>\n<p>En su oportunidad, el secretario de Rector\u00eda, Juvenal Vargas Mu\u00f1oz afirm\u00f3 que con la instalaci\u00f3n del Comit\u00e9, se da testimonio de una aut\u00e9ntica pol\u00edtica universitaria de g\u00e9nero que es una directriz perfectible, a trav\u00e9s de la cual correr\u00e1n acciones que ya operan en la instituci\u00f3n y que se estandarizar\u00e1n en beneficio de los universitarios.<\/p>\n","protected":false},"excerpt":{"rendered":"<p>La Universidad Aut\u00f3noma del Estado de M\u00e9xico afianza una pol\u00edtica universitaria de g\u00e9nero que atiende las leg\u00edtimas demandas de los colectivos feministas y estudiantiles para erradicar la violencia contra las mujeres, asever\u00f3 el rector Alfredo Barrera Baca al instalar el Comit\u00e9 de Seguimiento y Evaluaci\u00f3n del Protocolo para prevenir, atender y sancionar la violencia de g\u00e9nero.\u00a0\u00a0<\/p>\n","protected":false},"author":3,"featured_media":504781,"comment_status":"open","ping_status":"open","sticky":false,"template":"","format":"standard","meta":{"_monsterinsights_skip_tracking":false,"_monsterinsights_sitenote_active":false,"_monsterinsights_sitenote_note":"","_monsterinsights_sitenote_category":0,"footnotes":""},"categories":[5],"tags":[58572,43675,452,1491],"class_list":["post-504693","post","type-post","status-publish","format-standard","has-post-thumbnail","hentry","category-estado-de-mexico","tag-alfredo-barrera-baca","tag-estado-de-mexico","tag-toluca","tag-uaem"],"_links":{"self":[{"href":"https:\/\/www.diarioimagen.net\/index.php?rest_route=\/wp\/v2\/posts\/504693","targetHints":{"allow":["GET"]}}],"collection":[{"href":"https:\/\/www.diarioimagen.net\/index.php?rest_route=\/wp\/v2\/posts"}],"about":[{"href":"https:\/\/www.diarioimagen.net\/index.php?rest_route=\/wp\/v2\/types\/post"}],"author":[{"embeddable":true,"href":"https:\/\/www.diarioimagen.net\/index.php?rest_route=\/wp\/v2\/users\/3"}],"replies":[{"embeddable":true,"href":"https:\/\/www.diarioimagen.net\/index.php?rest_route=%2Fwp%2Fv2%2Fcomments&post=504693"}],"version-history":[{"count":0,"href":"https:\/\/www.diarioimagen.net\/index.php?rest_route=\/wp\/v2\/posts\/504693\/revisions"}],"wp:featuredmedia":[{"embeddable":true,"href":"https:\/\/www.diarioimagen.net\/index.php?rest_route=\/wp\/v2\/media\/504781"}],"wp:attachment":[{"href":"https:\/\/www.diarioimagen.net\/index.php?rest_route=%2Fwp%2Fv2%2Fmedia&parent=504693"}],"wp:term":[{"taxonomy":"category","embeddable":true,"href":"https:\/\/www.diarioimagen.net\/index.php?rest_route=%2Fwp%2Fv2%2Fcategories&post=504693"},{"taxonomy":"post_tag","embeddable":true,"href":"https:\/\/www.diarioimagen.net\/index.php?rest_route=%2Fwp%2Fv2%2Ftags&post=504693"}],"curies":[{"name":"wp","href":"https:\/\/api.w.org\/{rel}","templated":true}]}}