{"id":504695,"date":"2021-04-27T00:07:34","date_gmt":"2021-04-27T05:07:34","guid":{"rendered":"https:\/\/www.diarioimagen.net\/?p=504695"},"modified":"2021-04-27T23:11:47","modified_gmt":"2021-04-28T04:11:47","slug":"consolidar-programas-de-estudio-que-favorezcan-el-desarrollo-economico-y-social-de-la-entidad-propone-carlos-eduardo-barrera-diaz","status":"publish","type":"post","link":"https:\/\/www.diarioimagen.net\/?p=504695","title":{"rendered":"Consolidar programas de estudio que favorezcan el desarrollo econ\u00f3mico y social de la entidad, propone Carlos Eduardo Barrera D\u00edaz"},"content":{"rendered":"<p>&nbsp;<\/p>\n<ul>\n<li><strong><em>Elevar la calidad educativa para formar capital humano de alto nivel que responda a necesidades de los sectores econ\u00f3mico, industrial y social, plantea el aspirante al cargo de rector de la UAEM<\/em><\/strong><\/li>\n<\/ul>\n<p>&nbsp;<\/p>\n<div id=\"attachment_504784\" style=\"width: 470px\" class=\"wp-caption aligncenter\"><a href=\"https:\/\/www.diarioimagen.net\/?attachment_id=504784\" rel=\"attachment wp-att-504784\"><img loading=\"lazy\" decoding=\"async\" aria-describedby=\"caption-attachment-504784\" class=\"size-full wp-image-504784\" src=\"https:\/\/www.diarioimagen.net\/wp-content\/uploads\/2021\/04\/Carlos-Eduardo-4.jpg\" alt=\"\" width=\"460\" height=\"270\" \/><\/a><p id=\"caption-attachment-504784\" class=\"wp-caption-text\">Carlos Eduardo Barrera D\u00edaz propone dise\u00f1ar programas de posgrado en coordinaci\u00f3n con los sectores p\u00fablico y privado de cada regi\u00f3n del Estado de M\u00e9xico.<\/p><\/div>\n<p>&nbsp;<\/p>\n<p>Ante los desaf\u00edos actuales y futuros, Carlos Eduardo Barrera D\u00edaz, aspirante al cargo de Rector de la Universidad Aut\u00f3noma del Estado de M\u00e9xico (UAEM\u00e9x), asegur\u00f3 que se deben implementar estrategias para consolidar los programas educativos de licenciatura y posgrado que ofrece la instituci\u00f3n para favorecer el desarrollo econ\u00f3mico y social de la entidad.<\/p>\n<p>Como parte de las Jornadas de Promoci\u00f3n y Comparecencias Institucionales en la Unidad Acad\u00e9mica Profesional Tianguistenco, el aspirante plante\u00f3 que una tarea sustancial es elevar la calidad en la docencia y acreditar la totalidad de los programas de estudio con los que cuenta la universidad, para formar capital humano de alto nivel que responda a las necesidades de los sectores econ\u00f3mico, industrial y social.<\/p>\n<p>Durante el di\u00e1logo con la comunidad universitaria -de forma presencial y virtual-, Barrera D\u00edaz reconoci\u00f3 a la Maestr\u00eda en Dise\u00f1o y Desarrollo de Productos Pl\u00e1sticos por ser un posgrado emblem\u00e1tico dentro de la UAEM\u00e9x, ya que se realiz\u00f3 en coordinaci\u00f3n con la empresa General Motors para formar profesionistas especializados que atendieran la demanda de la industria automotriz. Consider\u00f3 que este ejemplo se puede replicar en diferentes planteles de la entidad para que los programas de estudios respondan a las necesidades de cada regi\u00f3n del Estado de M\u00e9xico y, con ello, la universidad consolide su prestigio y pertinencia.<\/p>\n<p>\u201cDesde 2008 que inici\u00f3 operaciones la Unidad Acad\u00e9mica Profesional Tianguistenco se ha consolidado como un espacio de formaci\u00f3n de recursos humanos para atender las necesidades de la industria en el Valle de Toluca. Ya en agosto pr\u00f3ximo contar\u00e1 con Ingenier\u00eda Mec\u00e1nica e Ingenier\u00eda en Computaci\u00f3n, que se suman a las otras cuatro licenciaturas, dos maestr\u00edas y un doctorado para ofrecer mayores oportunidades educativas en la regi\u00f3n\u201d, indic\u00f3.<\/p>\n<p>Luego de escuchar las peticiones, inquietudes y propuestas de la comunidad universitaria de la UAP Tianguistenco, Barrera D\u00edaz reiter\u00f3 que -de ser favorecido con el voto del H. Consejo Universitario- su pol\u00edtica ser\u00e1 \u201cque nadie se quede atr\u00e1s\u201d, y por ello se trabajar\u00e1 en el mejoramiento de la infraestructura, el equipamiento de laboratorios y la adquisici\u00f3n de programas de software para reforzar los procesos de ense\u00f1anza-aprendizaje.<\/p>\n","protected":false},"excerpt":{"rendered":"<p>Ante los desaf\u00edos actuales y futuros, Carlos Eduardo Barrera D\u00edaz, aspirante al cargo de Rector de la Universidad Aut\u00f3noma del Estado de M\u00e9xico (UAEM\u00e9x), asegur\u00f3 que se deben implementar estrategias para consolidar los programas educativos de licenciatura y posgrado que ofrece la instituci\u00f3n para favorecer el desarrollo econ\u00f3mico y social de la entidad.<\/p>\n","protected":false},"author":3,"featured_media":504784,"comment_status":"open","ping_status":"open","sticky":false,"template":"","format":"standard","meta":{"_monsterinsights_skip_tracking":false,"_monsterinsights_sitenote_active":false,"_monsterinsights_sitenote_note":"","_monsterinsights_sitenote_category":0,"footnotes":""},"categories":[5],"tags":[92667,67671],"class_list":["post-504695","post","type-post","status-publish","format-standard","has-post-thumbnail","hentry","category-estado-de-mexico","tag-carlos-eduardo-barrera-diaz","tag-propone"],"_links":{"self":[{"href":"https:\/\/www.diarioimagen.net\/index.php?rest_route=\/wp\/v2\/posts\/504695","targetHints":{"allow":["GET"]}}],"collection":[{"href":"https:\/\/www.diarioimagen.net\/index.php?rest_route=\/wp\/v2\/posts"}],"about":[{"href":"https:\/\/www.diarioimagen.net\/index.php?rest_route=\/wp\/v2\/types\/post"}],"author":[{"embeddable":true,"href":"https:\/\/www.diarioimagen.net\/index.php?rest_route=\/wp\/v2\/users\/3"}],"replies":[{"embeddable":true,"href":"https:\/\/www.diarioimagen.net\/index.php?rest_route=%2Fwp%2Fv2%2Fcomments&post=504695"}],"version-history":[{"count":0,"href":"https:\/\/www.diarioimagen.net\/index.php?rest_route=\/wp\/v2\/posts\/504695\/revisions"}],"wp:featuredmedia":[{"embeddable":true,"href":"https:\/\/www.diarioimagen.net\/index.php?rest_route=\/wp\/v2\/media\/504784"}],"wp:attachment":[{"href":"https:\/\/www.diarioimagen.net\/index.php?rest_route=%2Fwp%2Fv2%2Fmedia&parent=504695"}],"wp:term":[{"taxonomy":"category","embeddable":true,"href":"https:\/\/www.diarioimagen.net\/index.php?rest_route=%2Fwp%2Fv2%2Fcategories&post=504695"},{"taxonomy":"post_tag","embeddable":true,"href":"https:\/\/www.diarioimagen.net\/index.php?rest_route=%2Fwp%2Fv2%2Ftags&post=504695"}],"curies":[{"name":"wp","href":"https:\/\/api.w.org\/{rel}","templated":true}]}}