{"id":504712,"date":"2021-04-27T00:05:47","date_gmt":"2021-04-27T05:05:47","guid":{"rendered":"https:\/\/www.diarioimagen.net\/?p=504712"},"modified":"2021-04-27T23:12:52","modified_gmt":"2021-04-28T04:12:52","slug":"comision-de-impacto-ambiental-agenda-citas-electronicas-para-tramites","status":"publish","type":"post","link":"https:\/\/www.diarioimagen.net\/?p=504712","title":{"rendered":"Comisi\u00f3n de Impacto Ambiental agenda citas electr\u00f3nicas para tr\u00e1mites"},"content":{"rendered":"<p>&nbsp;<\/p>\n<ul>\n<li><strong><em>Para obtener el Dictamen \u00danico de Factibilidad<\/em><\/strong><\/li>\n<\/ul>\n<p><strong>\u00a0<\/strong><\/p>\n<div id=\"attachment_504799\" style=\"width: 470px\" class=\"wp-caption aligncenter\"><a href=\"https:\/\/www.diarioimagen.net\/?attachment_id=504799\" rel=\"attachment wp-att-504799\"><img loading=\"lazy\" decoding=\"async\" aria-describedby=\"caption-attachment-504799\" class=\"size-full wp-image-504799\" src=\"https:\/\/www.diarioimagen.net\/wp-content\/uploads\/2021\/04\/EDOMEX-18.jpg\" alt=\"\" width=\"460\" height=\"270\" \/><\/a><p id=\"caption-attachment-504799\" class=\"wp-caption-text\">Asesores de la Coime orientan sobre la manifestaci\u00f3n respecto al DUF y tambi\u00e9n sobre la solicitud para obtener la Evaluaci\u00f3n de Impacto Estatal (EVIE).<\/p><\/div>\n<p>&nbsp;<\/p>\n<p><strong>Toluca, Estado de M\u00e9xico.-<\/strong> La Comisi\u00f3n de Impacto Estatal (Coime) recuerda que el pr\u00f3ximo 4 de mayo vence el plazo legal para que los interesados manifiesten por escrito si desean continuar o desistir del tr\u00e1mite para obtener el Dictamen \u00danico de Factibilidad (DUF), por lo que pone a su disposici\u00f3n un sistema de citas electr\u00f3nicas.<\/p>\n<p>En el sitio web https:\/\/coime.edomex.gob.mx\/, los usuarios deber\u00e1n elegir el d\u00eda y horario disponibles que m\u00e1s les convenga, a fin de que reciban asesor\u00eda personalizada respecto a los tr\u00e1mites que realiza este \u00f3rgano desconcentrado.<\/p>\n<p>Los interesados tienen la opci\u00f3n de seleccionar el formato de atenci\u00f3n personalizada que prefieran, puede ser a trav\u00e9s de una videoconferencia o en forma presencial, de lunes a viernes, en un horario de 9:00 a 15:00 horas.<\/p>\n<p>La asesor\u00eda telef\u00f3nica se extiende hasta las 18:00 horas, en los n\u00fameros 722-236-7096 y terminaciones 7419, 6458 y 6546. Adem\u00e1s, tienen a su disposici\u00f3n el correo electr\u00f3nico <em>atencion.coime@edomex.gob.mx.<\/em><\/p>\n<p>El equipo de asesores de la Coime orienta sobre la manifestaci\u00f3n respecto al DUF y tambi\u00e9n sobre la solicitud para obtener la Evaluaci\u00f3n de Impacto Estatal (EVIE), as\u00ed como el estado que guarda cada tr\u00e1mite.<\/p>\n<p>En el portal de este organismo encontrar\u00e1n tutoriales y gu\u00edas descargables, para obtener las autorizaciones t\u00e9cnicas que requieran los proyectos de inversi\u00f3n.<\/p>\n","protected":false},"excerpt":{"rendered":"<p>La Comisi\u00f3n de Impacto Estatal (Coime) recuerda que el pr\u00f3ximo 4 de mayo vence el plazo legal para que los interesados manifiesten por escrito si desean continuar o desistir del tr\u00e1mite para obtener el Dictamen \u00danico de Factibilidad (DUF), por lo que pone a su disposici\u00f3n un sistema de citas electr\u00f3nicas.<\/p>\n","protected":false},"author":3,"featured_media":504799,"comment_status":"open","ping_status":"open","sticky":false,"template":"","format":"standard","meta":{"_monsterinsights_skip_tracking":false,"_monsterinsights_sitenote_active":false,"_monsterinsights_sitenote_note":"","_monsterinsights_sitenote_category":0,"footnotes":""},"categories":[5],"tags":[43675,452],"class_list":["post-504712","post","type-post","status-publish","format-standard","has-post-thumbnail","hentry","category-estado-de-mexico","tag-estado-de-mexico","tag-toluca"],"_links":{"self":[{"href":"https:\/\/www.diarioimagen.net\/index.php?rest_route=\/wp\/v2\/posts\/504712","targetHints":{"allow":["GET"]}}],"collection":[{"href":"https:\/\/www.diarioimagen.net\/index.php?rest_route=\/wp\/v2\/posts"}],"about":[{"href":"https:\/\/www.diarioimagen.net\/index.php?rest_route=\/wp\/v2\/types\/post"}],"author":[{"embeddable":true,"href":"https:\/\/www.diarioimagen.net\/index.php?rest_route=\/wp\/v2\/users\/3"}],"replies":[{"embeddable":true,"href":"https:\/\/www.diarioimagen.net\/index.php?rest_route=%2Fwp%2Fv2%2Fcomments&post=504712"}],"version-history":[{"count":0,"href":"https:\/\/www.diarioimagen.net\/index.php?rest_route=\/wp\/v2\/posts\/504712\/revisions"}],"wp:featuredmedia":[{"embeddable":true,"href":"https:\/\/www.diarioimagen.net\/index.php?rest_route=\/wp\/v2\/media\/504799"}],"wp:attachment":[{"href":"https:\/\/www.diarioimagen.net\/index.php?rest_route=%2Fwp%2Fv2%2Fmedia&parent=504712"}],"wp:term":[{"taxonomy":"category","embeddable":true,"href":"https:\/\/www.diarioimagen.net\/index.php?rest_route=%2Fwp%2Fv2%2Fcategories&post=504712"},{"taxonomy":"post_tag","embeddable":true,"href":"https:\/\/www.diarioimagen.net\/index.php?rest_route=%2Fwp%2Fv2%2Ftags&post=504712"}],"curies":[{"name":"wp","href":"https:\/\/api.w.org\/{rel}","templated":true}]}}