{"id":504720,"date":"2021-04-27T00:06:36","date_gmt":"2021-04-27T05:06:36","guid":{"rendered":"https:\/\/www.diarioimagen.net\/?p=504720"},"modified":"2021-04-27T07:51:35","modified_gmt":"2021-04-27T12:51:35","slug":"no-porque-me-enamoro-estrena-en-mexico","status":"publish","type":"post","link":"https:\/\/www.diarioimagen.net\/?p=504720","title":{"rendered":"\u201cNo, porque me enamoro\u201d estrena en M\u00e9xico"},"content":{"rendered":"<p>&nbsp;<\/p>\n<h3 style=\"text-align: center;\">La pel\u00edcula llegar\u00e1 a las salas este jueves 29 de abril<\/h3>\n<p>&nbsp;<\/p>\n<ul>\n<li><strong><em>\u00a0La cinta es una comedia rom\u00e1ntica por Sof\u00eda de Llaca, Emiliano Zurita, Sheryl Rubio, Rom\u00e1n Torres y Nath Campos<\/em><\/strong><\/li>\n<\/ul>\n<p>&nbsp;<\/p>\n<div id=\"attachment_504827\" style=\"width: 470px\" class=\"wp-caption aligncenter\"><a href=\"https:\/\/www.diarioimagen.net\/?attachment_id=504827\" rel=\"attachment wp-att-504827\"><img loading=\"lazy\" decoding=\"async\" aria-describedby=\"caption-attachment-504827\" class=\"size-full wp-image-504827\" src=\"https:\/\/www.diarioimagen.net\/wp-content\/uploads\/2021\/04\/emiliano-zurita.jpg\" alt=\"\" width=\"460\" height=\"270\" \/><\/a><p id=\"caption-attachment-504827\" class=\"wp-caption-text\">Emiliano Zurita se inspira en Maluma para su personaje en la cinta No, porque me enamoro.<\/p><\/div>\n<p>&nbsp;<\/p>\n<p>\u201cNo, porque me enamoro\u201d,\u00a0 pel\u00edcula protagonizada por Sof\u00eda de Llaca, Emiliano Zurita, Sheryl Rubio, Rom\u00e1n Torres y Nath Campos, estrena en M\u00e9xico el pr\u00f3ximo jueves 29 de abril.<\/p>\n<p>\u201cNo, porque me enamoro\u201d es una comedia rom\u00e1ntica que narra la historia de Daniela (Sof\u00eda de Llaca), una chica de 19 a\u00f1os que consigue lo que siempre so\u00f1\u00f3, una cita con el hombre de sus sue\u00f1os Gabo Gabeau (Emiliano Zurita) un atractivo joven, famoso y genio de la m\u00fasica.<\/p>\n<p>Todo parece marchar perfectamente, hasta que Gabo le pide a Daniela un favor inesperado, que desencadenar\u00e1 una serie de enredos que, entre enamoramiento, m\u00fasica y chantajes, llevar\u00e1n a Daniela a arriesgar el verdadero amor.<\/p>\n<p>\u201cNo, porque me enamoro\u201d es una pel\u00edcula dirigida por Santiago Lim\u00f3n, con guion de Pablo Solarz y Santiago Lim\u00f3n.<\/p>\n","protected":false},"excerpt":{"rendered":"<p>\u201cNo, porque me enamoro\u201d,\u00a0 pel\u00edcula protagonizada por Sof\u00eda de Llaca, Emiliano Zurita, Sheryl Rubio, Rom\u00e1n Torres y Nath Campos, estrena en M\u00e9xico el pr\u00f3ximo jueves 29 de abril.<\/p>\n","protected":false},"author":3,"featured_media":504827,"comment_status":"open","ping_status":"open","sticky":false,"template":"","format":"standard","meta":{"_monsterinsights_skip_tracking":false,"_monsterinsights_sitenote_active":false,"_monsterinsights_sitenote_note":"","_monsterinsights_sitenote_category":0,"footnotes":""},"categories":[460],"tags":[92840,43682,92839],"class_list":["post-504720","post","type-post","status-publish","format-standard","has-post-thumbnail","hentry","category-cine","tag-emiliano-zurita","tag-espectaculos","tag-sofia-de-llaca"],"_links":{"self":[{"href":"https:\/\/www.diarioimagen.net\/index.php?rest_route=\/wp\/v2\/posts\/504720","targetHints":{"allow":["GET"]}}],"collection":[{"href":"https:\/\/www.diarioimagen.net\/index.php?rest_route=\/wp\/v2\/posts"}],"about":[{"href":"https:\/\/www.diarioimagen.net\/index.php?rest_route=\/wp\/v2\/types\/post"}],"author":[{"embeddable":true,"href":"https:\/\/www.diarioimagen.net\/index.php?rest_route=\/wp\/v2\/users\/3"}],"replies":[{"embeddable":true,"href":"https:\/\/www.diarioimagen.net\/index.php?rest_route=%2Fwp%2Fv2%2Fcomments&post=504720"}],"version-history":[{"count":0,"href":"https:\/\/www.diarioimagen.net\/index.php?rest_route=\/wp\/v2\/posts\/504720\/revisions"}],"wp:featuredmedia":[{"embeddable":true,"href":"https:\/\/www.diarioimagen.net\/index.php?rest_route=\/wp\/v2\/media\/504827"}],"wp:attachment":[{"href":"https:\/\/www.diarioimagen.net\/index.php?rest_route=%2Fwp%2Fv2%2Fmedia&parent=504720"}],"wp:term":[{"taxonomy":"category","embeddable":true,"href":"https:\/\/www.diarioimagen.net\/index.php?rest_route=%2Fwp%2Fv2%2Fcategories&post=504720"},{"taxonomy":"post_tag","embeddable":true,"href":"https:\/\/www.diarioimagen.net\/index.php?rest_route=%2Fwp%2Fv2%2Ftags&post=504720"}],"curies":[{"name":"wp","href":"https:\/\/api.w.org\/{rel}","templated":true}]}}