{"id":504734,"date":"2021-04-27T00:01:11","date_gmt":"2021-04-27T05:01:11","guid":{"rendered":"https:\/\/www.diarioimagen.net\/?p=504734"},"modified":"2021-04-27T02:07:04","modified_gmt":"2021-04-27T07:07:04","slug":"aun-el-tepjf-no-le-hace-el-favor-a-felix-salgado-y-este-ya-lo-agradecio","status":"publish","type":"post","link":"https:\/\/www.diarioimagen.net\/?p=504734","title":{"rendered":"A\u00fan el TEPJF no le hace el favor a F\u00e9lix Salgado y \u00e9ste ya lo agradeci\u00f3"},"content":{"rendered":"<h2>La Retaguardia<\/h2>\n<h5>Adriana Moreno Cordero<\/h5>\n<p>&nbsp;<\/p>\n<ul>\n<li><strong><em>Sigue pleito con Mario Delgado, dirigente nacional de Morena<\/em><\/strong><\/li>\n<\/ul>\n<p>&nbsp;<\/p>\n<p>Todav\u00eda no le hacen el favor y el impresentable <strong>F\u00e9lix Salgado Macedonio<\/strong> ya est\u00e1 agradeciendo el favor que se supone que hoy, le har\u00e1 el Tribunal Electoral del Poder Judicial de la Federaci\u00f3n, que tan dignamente encabeza quien es conocido tambi\u00e9n como el magistrado \u201cbilletes\u201d, <strong>Jos\u00e9 Luis Vargas<\/strong> y que m\u00e1s bien disciplinado, est\u00e1 dispuesto a obedecer la m\u00e1s m\u00ednima orden que le gire el presidente <strong>Andr\u00e9s Manuel L\u00f3pez Obrador<\/strong> y esta vez, se trata de sacar adelante la candidatura por Morena al Gobierno de Guerrero para que se la devuelvan al cuestionado senador con licencia y a lo mejor en ese intento, todo queda en una sanci\u00f3n econ\u00f3mica.<\/p>\n<p>Por las \u201cex benditas redes sociales\u201d, Salgado Macedonio escribi\u00f3: \u201cConcluy\u00f3 la audiencia de alegatos que concedi\u00f3 el @TEPJF_informa a fin de exponer los razonamientos jur\u00eddicos que defienden el derecho de los guerrerenses a elegir libremente a sus gobernantes. Con cabeza fr\u00eda y coraz\u00f3n caliente habl\u00e9 a nombre de todos, nuestra voz fue escuchada.<br \/>\nConfiamos en la decisi\u00f3n apegada a derecho que habr\u00e1n de emitir las magistradas y magistrados. \u00a1Gracias por todo! \u00a1Hay Toro!\u201d. \u00bfSer\u00e1?<\/p>\n<p>El caso es que ante los magistrados, el frustrado actor de nueva cuenta culp\u00f3 al dirigente de Morena, <strong>Mario Mart\u00edn Delgado<\/strong>, de no haber entregado al Instituto Nacional Electoral, su informe de gastos de precampa\u00f1a y se lanz\u00f3 en contra de la Unidad de Fiscalizaci\u00f3n por no haberle notificado directamente a \u00e9l y se remitiera al partido. O sea, el conflicto entre Salgado Macedonio y Delgado Carrillo, continuar\u00e1 y es una pena porque se hab\u00edan hecho tan amigos, sobre todo en los plantones que el guerrerense mantuvo a las afueras del INE en el que lo acompa\u00f1\u00f3 tan solidariamente el l\u00edder morenista.<\/p>\n<p>F\u00e9lix Salgado tuvo especial cuidado en presentarse ante el Tribunal como la \u201cv\u00edctima\u201d, especialmente ante el ministro ponente<strong>, Indalfer Infante<\/strong> que, hasta donde se sabe, propone no regresarle su tan ansiada candidatura. Eso s\u00ed, el senador con licencia de no utilizar el incendiario discurso, lleno de amenazas que pronunci\u00f3 a las afueras del INE, donde asegur\u00f3 que sab\u00eda d\u00f3nde viv\u00eda no s\u00f3lo el consejero-presidente, <strong>Lorenzo C\u00f3rdova<\/strong>, sino tambi\u00e9n el resto de los consejeros y aviv\u00f3 a sus huestes para que le hicieran segunda en eso de violentar.<\/p>\n<p>Ahora, seg\u00fan su propio decir, el tambi\u00e9n conocido como \u201cdiputado costales\u201d, dijo que hab\u00eda comparecido ante el TEPJF con \u201cla cabeza fr\u00eda y el coraz\u00f3n caliente\u201d. Bueno, habr\u00e1 que ver c\u00f3mo reacciona si se llegara a dar el remot\u00edsimo caso de que no le devolvieran su calidad de candidato morenista.<\/p>\n<p>Sin embargo, existe otra raz\u00f3n por la cual Salgado se siente tan confiado, independientemente del apoyo que le da su compadre, el que vive en Palacio Nacional. Resulta que la Comisi\u00f3n Nacional de Honestidad y Justicia del partido oficial, ya no le hace caso alguno a <strong>Basilia Casta\u00f1eda<\/strong>, una de las mujeres que acusara a Salgado Macedonio de violaci\u00f3n; de plano ya de dio carpetazo a dicha denuncia.<\/p>\n<p>Otra cuesti\u00f3n, a lo mejor le sirvi\u00f3 al guerrerense de alg\u00fan modo como pantalla, que quedara al descubierto el esc\u00e1ndalo protagonizado por el diputado <strong>Sa\u00fal Huerta<\/strong>, quien viol\u00f3 a un menor y otros casos se sumaran a la denuncia; ah\u00ed est\u00e1 por las redes circulando #BiestroSiniestro, otro legislador de Puebla, para variar a quien su chofer denunci\u00f3 por acoso sexual.<\/p>\n<p>En el caso del diputado Huerta, La Fiscal\u00eda General de Justicia (FGJ), a cargo de <strong>Ernestina Godoy<\/strong>, solicitar\u00e1 el desafuero.<\/p>\n<p><strong>Municiones<\/strong><\/p>\n<p>*** <strong>Codere<\/strong> da un paso esencial para asegurar su futuro. La compa\u00f1\u00eda ha alcanzado un acuerdo con un grupo significativo de sus acreedores, titulares de una mayor\u00eda de los bonos actualmente emitidos, por el cual estos inyectar\u00e1n hasta 225M\u20ac en el grupo. Estos nuevos recursos cubrir\u00edan, seg\u00fan las estimaciones actuales de la compa\u00f1\u00eda, sus necesidades de liquidez para mantener su actividad hasta la reapertura total de su negocio y hasta alcanzar la normalizaci\u00f3n de su capacidad de generaci\u00f3n de caja. El ingreso de estos nuevos fondos ser\u00e1 a trav\u00e9s de una emisi\u00f3n adicional de bonos super senior por un importe de 100M\u20ac, de los cuales 30M\u20ac se aportar\u00e1n de manera inmediata y 70M\u20ac antes de finales de mayo; y de un segundo tramo de hasta 125M\u20ac adicionales que se proporcionar\u00e1n al cierre del proceso de reestructuraci\u00f3n. Adem\u00e1s, los acreedores han acordado capitalizar m\u00e1s de 350M\u20ac de deuda, correspondiente a parte de los bonos senior garantizados ya existentes. Esto supone una relevante reducci\u00f3n de los actuales niveles de endeudamiento, con un pasivo en el grupo operativo que quedar\u00eda en el entorno de los 700M\u20ac, equivalente a unas tres veces el EBITDA esperado luego superada la pandemia, un nivel de deuda considerado sostenible. A su vez, se ha conseguido acordar una extensi\u00f3n de al menos tres a\u00f1os de los actuales vencimientos, que pasan en su totalidad a septiembre de 2026 y a noviembre de 2027.<\/p>\n<p>*** No cabe duda que conforme se acumulan las gustad\u00edsimas conferencias de prensa\u00a0 ma\u00f1anera, el presidente hace m\u00e1s y m\u00e1s el rid\u00edculo. Ayer, antes de irse, \u201cdisertando\u201d sobre el derecho que cada persona tiene de tener acceso a una \u201ctorta de tamal, una guajolota\u201d; seguramente ese es un tema trascendental para el pa\u00eds. Pero lo que tampoco tuvo desperdicio, es que luego de \u201ccolgar en el perchero\u201d la investidura presidencial, -esa que el tabasque\u00f1o asegura cuidar tanto-, se diera el lujo de amenazar a los magistrados de la Suprema Corte de Justicia de la Naci\u00f3n, si se atreven a votar en contra de la \u201cLey Zald\u00edvar\u201d, que, como es bien sabido, le extiende por dos a\u00f1os m\u00e1s su gesti\u00f3n al ministro-presidente, <strong>Arturo Zald\u00edvar<\/strong>, regalo que est\u00e1 dispuesto a recibir muy gustoso. Nunca, ning\u00fan presidente hab\u00eda llegado a tal grado de autoritarismo; porque acusar a los ministros que no cumplan su voluntad de corruptos, solo revela una profunda ignorancia de quien lo asegura.<\/p>\n<p>*** <strong>V\u00edctor Hugo Romo de Vivar Guerra<\/strong>, candidato a alcalde en Miguel Hidalgo por la coalici\u00f3n Juntos Haremos Historia, propuso un plan integral de salud para hacer realidad este derecho, iniciando por dotar de servicios m\u00e9dicos gratuitos a los 20 mil habitantes de la alcald\u00eda que se encuentran en mayor rezago social.\u00a0\u00a0El abanderado de Morena anunci\u00f3, mediante un mensaje en <em>Facebook live<\/em>, que la salud seguir\u00e1 siendo prioridad durante su pr\u00f3ximo trienio al frente del Gobierno, con acciones sociales que buscar\u00e1n fortalecer las condiciones de vida y el acceso a la atenci\u00f3n m\u00e9dica gratuita con La Protectora de la Salud y La Protectora Alimentaria. Explic\u00f3 que seguir\u00e1 inculcando en la poblaci\u00f3n la cultura de la prevenci\u00f3n como la mejor forma de preservar la salud. Por ello, detall\u00f3, implementar\u00e1 La Protectora de la Salud, una tarjeta para que los miguelhidalguenses tengan acceso gratuito a consulta m\u00e9dica general, revisi\u00f3n y atenci\u00f3n dental, an\u00e1lisis cl\u00ednicos y medicamentos del cuadro b\u00e1sico.<\/p>\n<p><u><a href=\"mailto:morcora@gmail.com\" target=\"_blank\" rel=\"noopener noreferrer\"><em>morcora@gmail.com<\/em><\/a><\/u><\/p>\n","protected":false},"excerpt":{"rendered":"<p><span style=\"color: #005497;\"><strong>Adriana Moreno Cordero<\/strong><\/span><\/p>\n","protected":false},"author":3,"featured_media":0,"comment_status":"open","ping_status":"open","sticky":false,"template":"","format":"standard","meta":{"_monsterinsights_skip_tracking":false,"_monsterinsights_sitenote_active":false,"_monsterinsights_sitenote_note":"","_monsterinsights_sitenote_category":0,"footnotes":""},"categories":[69370],"tags":[69369,69368],"class_list":["post-504734","post","type-post","status-publish","format-standard","hentry","category-adriana-moreno-cordero","tag-adriana-moreno-cordero","tag-la-retaguardia"],"_links":{"self":[{"href":"https:\/\/www.diarioimagen.net\/index.php?rest_route=\/wp\/v2\/posts\/504734","targetHints":{"allow":["GET"]}}],"collection":[{"href":"https:\/\/www.diarioimagen.net\/index.php?rest_route=\/wp\/v2\/posts"}],"about":[{"href":"https:\/\/www.diarioimagen.net\/index.php?rest_route=\/wp\/v2\/types\/post"}],"author":[{"embeddable":true,"href":"https:\/\/www.diarioimagen.net\/index.php?rest_route=\/wp\/v2\/users\/3"}],"replies":[{"embeddable":true,"href":"https:\/\/www.diarioimagen.net\/index.php?rest_route=%2Fwp%2Fv2%2Fcomments&post=504734"}],"version-history":[{"count":0,"href":"https:\/\/www.diarioimagen.net\/index.php?rest_route=\/wp\/v2\/posts\/504734\/revisions"}],"wp:attachment":[{"href":"https:\/\/www.diarioimagen.net\/index.php?rest_route=%2Fwp%2Fv2%2Fmedia&parent=504734"}],"wp:term":[{"taxonomy":"category","embeddable":true,"href":"https:\/\/www.diarioimagen.net\/index.php?rest_route=%2Fwp%2Fv2%2Fcategories&post=504734"},{"taxonomy":"post_tag","embeddable":true,"href":"https:\/\/www.diarioimagen.net\/index.php?rest_route=%2Fwp%2Fv2%2Ftags&post=504734"}],"curies":[{"name":"wp","href":"https:\/\/api.w.org\/{rel}","templated":true}]}}