{"id":504738,"date":"2021-04-27T00:04:20","date_gmt":"2021-04-27T05:04:20","guid":{"rendered":"https:\/\/www.diarioimagen.net\/?p=504738"},"modified":"2021-04-27T02:11:24","modified_gmt":"2021-04-27T07:11:24","slug":"los-escandalos-de-morenistas","status":"publish","type":"post","link":"https:\/\/www.diarioimagen.net\/?p=504738","title":{"rendered":"Los esc\u00e1ndalos de morenistas"},"content":{"rendered":"<h2>Punto por punto<\/h2>\n<h5>Augusto Corro<\/h5>\n<p>&nbsp;<\/p>\n<p>En la presente campa\u00f1a electoral los esc\u00e1ndalos por abuso y acoso sexual est\u00e1n a cargo de los candidatos del partido Movimiento Regeneraci\u00f3n Nacional (Morena).<\/p>\n<p>El aspirante a la gubernatura de Guerrero, F\u00e9lix Salgado Macedonio tiene acusaciones en contra por violaciones sexuales a por lo menos cinco mujeres.<\/p>\n<p>A Salgado Macedonio, que se hace llamar <em>Toro<\/em> desde su precampa\u00f1a, las mujeres de su partido se opusieron a la candidatura.<\/p>\n<p>No obstante, el guerrerense super\u00f3 ese obst\u00e1culo; aunque no pudo evitar que el Instituto Nacional Electoral (INE) le negara el registro.<\/p>\n<p>Hoy martes, el Tribunal Electoral decidir\u00e1 sobre el destino del <em>Toro<\/em>: o le da la luz verde para que busque la gubernatura o lo manda a casa a reflexionar sobre su conducta.<\/p>\n<p>Si Salgado Macedonio no logra su prop\u00f3sito, la derrota que se ve\u00eda muy lejana podr\u00eda hacerse realidad, a pesar del espaldarazo que el guerrerense recibi\u00f3 del presidente L\u00f3pez Obrador.<\/p>\n<p>Aunque sus presuntas agresiones sexuales a mujeres no fueron la causa de que lo bajaran de la contienda, el INE encontr\u00f3 la forma de frenarlo.<\/p>\n<p>Las autoridades electorales se acordaron de aplicar la ley y encontraron que el aspirante morenista no inform\u00f3 sobre sus gastos de precampa\u00f1a.<\/p>\n<p>Tal vez se trate de una falta menor; pero el INE, que tambi\u00e9n participa en la contienda electoral como juez y parte, no lo pens\u00f3 dos veces para castigar a su adversario.<\/p>\n<p>El otro esc\u00e1ndalo de morenistas estuvo protagonizado por el diputado poblano Benjam\u00edn Sa\u00fal Huerta Corona, quien buscaba la reelecci\u00f3n.<\/p>\n<p>Sobre el pol\u00edtico pesan dos acusaciones de abuso sexual contra menores de edad. Este hecho impact\u00f3 a la opini\u00f3n p\u00fablica, por la desfachatez y abuso del legislador.<\/p>\n<p>Al legislador lo detuvieron en flagrancia, pero su fuero le permiti\u00f3 la libertad autom\u00e1tica. Acto seguido fue a votar a favor de la \u201cley Zald\u00edvar\u201d.<\/p>\n<p>Quiz\u00e1s fue la \u00faltima votaci\u00f3n como militante morenista, porque ya fue separado del grupo parlamentario en la C\u00e1mara de Diputados.<\/p>\n<p>Por otra parte, Mario Delgado, l\u00edder de Morena, pidi\u00f3 a la Comisi\u00f3n Nacional de Honestidad y Justicia (CNHJ) de su partido suspender de forma inmediata los derechos pol\u00edticos del legislador.<\/p>\n<p>Adem\u00e1s, Huerta Corona ya renunci\u00f3 a la reelecci\u00f3n. Habr\u00e1 que esperar las acciones de la justicia para castigarlo. Primero se buscar\u00e1 su desafuero para que enfrente a la justicia como cualquier hijo de vecino.<\/p>\n<p>Un esc\u00e1ndalo m\u00e1s fue consumado por David Monreal, candidato de Morena a la gubernatura de Zacatecas.<\/p>\n<p>En las redes empez\u00f3 a circular un video en el que Monreal tocaba de manera inadecuada a su compa\u00f1era de partido, Roc\u00edo Moreno, candidata a presidenta municipal de Juchipila.<\/p>\n<p>Las autoridades dijeron que el video fue alterado y que no existi\u00f3 tal toqueteo. La realidad mostr\u00f3 al candidato como un ejemplar genuino del macho a la mexicana.<\/p>\n<p>Monreal rechaz\u00f3 que se tratara de un tocamiento indebido, en todo caso fue un \u201croce involuntario\u201d, aunque lo que se ve en el video muestra una conducta abusiva.<\/p>\n<p>Los Monreal se creen due\u00f1os de Zacatecas. Ricardo y parientes est\u00e1n metidos en la \u201cgrilla\u201d. David busca continuar la herencia pol\u00edtica a pesar de que se comporta como un aut\u00e9ntico pat\u00e1n.\u00a0 A un mes y d\u00edas de las elecciones para gobernador, en Nuevo Le\u00f3n la candidata de Morena anda muy mal.<\/p>\n<p>Clara Luz Flores se encuentra en los \u00faltimos lugares. Los dirigentes morenistas la escogieron porque se supon\u00eda que ten\u00eda el triunfo en las manos.<\/p>\n<p>Pero esa situaci\u00f3n de privilegio se desmoron\u00f3, pues admiti\u00f3 conocer a Keith Raniere, fundador de Nxivm, una secta que se dedicaba a convertir a mujeres en esclavas sexuales.<\/p>\n<p>Ranierie fue juzgado y condenado a 120 a\u00f1os de c\u00e1rcel en Estados Unidos.\u00a0 En videos difundidos en su p\u00e1gina de Facebook, la aspirante se\u00f1al\u00f3:<\/p>\n<p>\u201cMe tropec\u00e9 como todas y como todas ahora me levanto. Comet\u00ed un error al haber dicho que no conoc\u00eda al fundador de Nexim; primero que nada quiero decirles que enfrent\u00e9 mal la situaci\u00f3n y pido perd\u00f3n.<\/p>\n<p>\u201cMi error fue no aceptar p\u00fablicamente ese momento de mi vida en el que busque ayuda a trav\u00e9s de un curso. El fundador result\u00f3 ser un criminal\u201d.<\/p>\n<p>En marzo, el candidato del PRI a la gubernatura, Adri\u00e1n de la Garza, difundi\u00f3 un video en el que se ve a Clara Luz Flores conversar con Raniere sobre los gobiernos populistas, pero la ahora morenista lo neg\u00f3.<\/p>\n<p>\u00bfUsted qu\u00e9 opina amable lector?<\/p>\n<p><a href=\"mailto:aco2742@hotmail.com\" target=\"_blank\" rel=\"noopener noreferrer\"><em>aco2742@hotmail.com<\/em><\/a><\/p>\n","protected":false},"excerpt":{"rendered":"<p><span style=\"color: #005497;\"><strong>Augusto Corro<\/strong><\/span><\/p>\n","protected":false},"author":3,"featured_media":0,"comment_status":"open","ping_status":"open","sticky":false,"template":"","format":"standard","meta":{"_monsterinsights_skip_tracking":false,"_monsterinsights_sitenote_active":false,"_monsterinsights_sitenote_note":"","_monsterinsights_sitenote_category":0,"footnotes":""},"categories":[157],"tags":[43686,43674,11515],"class_list":["post-504738","post","type-post","status-publish","format-standard","hentry","category-augusto-corro","tag-augusto-corro","tag-opinion","tag-punto-por-punto"],"_links":{"self":[{"href":"https:\/\/www.diarioimagen.net\/index.php?rest_route=\/wp\/v2\/posts\/504738","targetHints":{"allow":["GET"]}}],"collection":[{"href":"https:\/\/www.diarioimagen.net\/index.php?rest_route=\/wp\/v2\/posts"}],"about":[{"href":"https:\/\/www.diarioimagen.net\/index.php?rest_route=\/wp\/v2\/types\/post"}],"author":[{"embeddable":true,"href":"https:\/\/www.diarioimagen.net\/index.php?rest_route=\/wp\/v2\/users\/3"}],"replies":[{"embeddable":true,"href":"https:\/\/www.diarioimagen.net\/index.php?rest_route=%2Fwp%2Fv2%2Fcomments&post=504738"}],"version-history":[{"count":0,"href":"https:\/\/www.diarioimagen.net\/index.php?rest_route=\/wp\/v2\/posts\/504738\/revisions"}],"wp:attachment":[{"href":"https:\/\/www.diarioimagen.net\/index.php?rest_route=%2Fwp%2Fv2%2Fmedia&parent=504738"}],"wp:term":[{"taxonomy":"category","embeddable":true,"href":"https:\/\/www.diarioimagen.net\/index.php?rest_route=%2Fwp%2Fv2%2Fcategories&post=504738"},{"taxonomy":"post_tag","embeddable":true,"href":"https:\/\/www.diarioimagen.net\/index.php?rest_route=%2Fwp%2Fv2%2Ftags&post=504738"}],"curies":[{"name":"wp","href":"https:\/\/api.w.org\/{rel}","templated":true}]}}