{"id":504878,"date":"2021-04-28T00:03:30","date_gmt":"2021-04-28T05:03:30","guid":{"rendered":"https:\/\/www.diarioimagen.net\/?p=504878"},"modified":"2021-04-28T04:08:41","modified_gmt":"2021-04-28T09:08:41","slug":"pide-proteccion-civil-de-naucalpan-reportar-arboles-que-representen-riesgo-en-esta-epoca","status":"publish","type":"post","link":"https:\/\/www.diarioimagen.net\/?p=504878","title":{"rendered":"Pide Protecci\u00f3n Civil de Naucalpan reportar \u00e1rboles que representen riesgo en esta \u00e9poca"},"content":{"rendered":"<p>&nbsp;<\/p>\n<ul>\n<li><strong>A fin de evitar apagones o incendios<\/strong><\/li>\n<\/ul>\n<p>&nbsp;<\/p>\n<div id=\"attachment_504985\" style=\"width: 470px\" class=\"wp-caption aligncenter\"><a href=\"https:\/\/www.diarioimagen.net\/?attachment_id=504985\" rel=\"attachment wp-att-504985\"><img loading=\"lazy\" decoding=\"async\" aria-describedby=\"caption-attachment-504985\" class=\"size-full wp-image-504985\" src=\"https:\/\/www.diarioimagen.net\/wp-content\/uploads\/2021\/04\/CAMACHO28-a-.jpg\" alt=\"\" width=\"460\" height=\"270\" \/><\/a><p id=\"caption-attachment-504985\" class=\"wp-caption-text\">Protecci\u00f3n Civil y Bomberos hizo un llamado a los naucalpenses para detectar y reportar \u00e1rboles que representen alg\u00fan tipo de riesgo en esta \u00e9poca de fuertes vientos.<\/p><\/div>\n<p>&nbsp;<\/p>\n<p><strong>Naucalpan, Estado de M\u00e9xico<\/strong>.- La Coordinaci\u00f3n Municipal de Protecci\u00f3n Civil y Bomberos hizo un llamado a los naucalpenses para detectar y reportar \u00e1rboles que representen alg\u00fan tipo de riesgo.<\/p>\n<p>Lo anterior, a fin de evitar accidentes, apagones o incendios por el contacto del cableado el\u00e9ctrico con las ramas.<\/p>\n<p>La dependencia inform\u00f3 que, para realizar una valoraci\u00f3n, se debe dirigir la petici\u00f3n por escrito a la Coordinaci\u00f3n Municipal de Protecci\u00f3n Civil, en la que se especifique la ubicaci\u00f3n del \u00e1rbol y se anexen fotograf\u00edas, adem\u00e1s de incluir datos de contacto del ciudadano que levanta el reporte.<\/p>\n<p>Una vez ingresada la solicitud, se canaliza al \u00e1rea Operativa y de Mitigaci\u00f3n de Riesgo para su atenci\u00f3n y evaluaci\u00f3n.<\/p>\n<p>Asimismo, pidi\u00f3 reportar los troncos secos o fracturados y las ramas quebradas, las cuales pueden tirar los cables de luz, as\u00ed como vulnerar la seguridad de los vecinos y sus bienes. Tambi\u00e9n recomend\u00f3 no resguardarse ni estacionar autom\u00f3viles debajo de los \u00e1rboles durante la lluvia.<\/p>\n<p>Para reportes, se pone a disposici\u00f3n de la poblaci\u00f3n el tel\u00e9fono de la Coordinaci\u00f3n Municipal de Protecci\u00f3n Civil y Bomberos, 55 5373 1122.<\/p>\n","protected":false},"excerpt":{"rendered":"<p>La Coordinaci\u00f3n Municipal de Protecci\u00f3n Civil y Bomberos hizo un llamado a los naucalpenses para detectar y reportar \u00e1rboles que representen alg\u00fan tipo de riesgo.<\/p>\n","protected":false},"author":3,"featured_media":504985,"comment_status":"open","ping_status":"open","sticky":false,"template":"","format":"standard","meta":{"_monsterinsights_skip_tracking":false,"_monsterinsights_sitenote_active":false,"_monsterinsights_sitenote_note":"","_monsterinsights_sitenote_category":0,"footnotes":""},"categories":[5],"tags":[43675,92851,970],"class_list":["post-504878","post","type-post","status-publish","format-standard","has-post-thumbnail","hentry","category-estado-de-mexico","tag-estado-de-mexico","tag-la-coordinacion-municipal-de-proteccion-civil-y-bomberos-hizo-un-llamado-a-los-naucalpenses-para-detectar-y-reportar-arboles-que-representen-algun-tipo-de-riesgo","tag-naucalpan"],"_links":{"self":[{"href":"https:\/\/www.diarioimagen.net\/index.php?rest_route=\/wp\/v2\/posts\/504878","targetHints":{"allow":["GET"]}}],"collection":[{"href":"https:\/\/www.diarioimagen.net\/index.php?rest_route=\/wp\/v2\/posts"}],"about":[{"href":"https:\/\/www.diarioimagen.net\/index.php?rest_route=\/wp\/v2\/types\/post"}],"author":[{"embeddable":true,"href":"https:\/\/www.diarioimagen.net\/index.php?rest_route=\/wp\/v2\/users\/3"}],"replies":[{"embeddable":true,"href":"https:\/\/www.diarioimagen.net\/index.php?rest_route=%2Fwp%2Fv2%2Fcomments&post=504878"}],"version-history":[{"count":0,"href":"https:\/\/www.diarioimagen.net\/index.php?rest_route=\/wp\/v2\/posts\/504878\/revisions"}],"wp:featuredmedia":[{"embeddable":true,"href":"https:\/\/www.diarioimagen.net\/index.php?rest_route=\/wp\/v2\/media\/504985"}],"wp:attachment":[{"href":"https:\/\/www.diarioimagen.net\/index.php?rest_route=%2Fwp%2Fv2%2Fmedia&parent=504878"}],"wp:term":[{"taxonomy":"category","embeddable":true,"href":"https:\/\/www.diarioimagen.net\/index.php?rest_route=%2Fwp%2Fv2%2Fcategories&post=504878"},{"taxonomy":"post_tag","embeddable":true,"href":"https:\/\/www.diarioimagen.net\/index.php?rest_route=%2Fwp%2Fv2%2Ftags&post=504878"}],"curies":[{"name":"wp","href":"https:\/\/api.w.org\/{rel}","templated":true}]}}