{"id":505039,"date":"2021-04-29T00:07:20","date_gmt":"2021-04-29T05:07:20","guid":{"rendered":"https:\/\/www.diarioimagen.net\/?p=505039"},"modified":"2021-04-30T00:16:01","modified_gmt":"2021-04-30T05:16:01","slug":"implementar-semaforo-de-alerta-para-reducir-desercion-escolar-en-la-uaemex-propone-carlos-eduardo-barrera-diaz","status":"publish","type":"post","link":"https:\/\/www.diarioimagen.net\/?p=505039","title":{"rendered":"Implementar sem\u00e1foro de alerta para reducir deserci\u00f3n escolar en la UAEM\u00e9x, propone Carlos Eduardo Barrera D\u00edaz"},"content":{"rendered":"<p>&nbsp;<\/p>\n<ul>\n<li><strong><em>Reiter\u00f3 el candidato a la Rector\u00eda que ampliar\u00e1 el n\u00famero de becas para estudiantes a medida del fortalecimiento de las finanzas universitarias.<\/em><\/strong><\/li>\n<\/ul>\n<p>&nbsp;<\/p>\n<div id=\"attachment_505132\" style=\"width: 470px\" class=\"wp-caption aligncenter\"><a href=\"https:\/\/www.diarioimagen.net\/?attachment_id=505132\" rel=\"attachment wp-att-505132\"><img loading=\"lazy\" decoding=\"async\" aria-describedby=\"caption-attachment-505132\" class=\"size-full wp-image-505132\" src=\"https:\/\/www.diarioimagen.net\/wp-content\/uploads\/2021\/04\/CarlosEduardo-2.jpg\" alt=\"\" width=\"460\" height=\"270\" \/><\/a><p id=\"caption-attachment-505132\" class=\"wp-caption-text\">Carlos Eduardo Barrera D\u00edaz dialog\u00f3 con las comunidades del Plantel \u201cNezahualc\u00f3yotl\u201d de la Escuela Preparatoria y en la Facultad de Arquitectura y Dise\u00f1o de la UAEM\u00e9x.<\/p><\/div>\n<p>&nbsp;<\/p>\n<p>Como estrategia para reducir la deserci\u00f3n escolar, Carlos Eduardo Barrera D\u00edaz, aspirante al cargo de Rector de la Universidad Aut\u00f3noma del Estado de M\u00e9xico (UAEM\u00e9x), propuso implementar un sem\u00e1foro de alerta en el que participen directamente las y los tutores, el \u00e1rea de control escolar y la subdirecci\u00f3n acad\u00e9mica de cada espacio universitario.<\/p>\n<p>Al presentar su plan de trabajo en el Plantel Nezahualc\u00f3yotl de la Escuela Preparatoria y en la Facultad de Arquitectura y Dise\u00f1o, explic\u00f3 que en verde se colocar\u00eda a las y los estudiantes que avancen sin inconvenientes en sus semestres, en amarillo a quines presenten alguna dificultad en su desarrollo pero no represente un riesgo y en rojo quienes tengan un alto \u00edndice de reprobaci\u00f3n de materias.<\/p>\n<p>\u201cLo que buscaremos, a trav\u00e9s de las y los tutores, es tener acercamiento y comunicaci\u00f3n permanente para que no abandonen sus estudios porque sabemos que si pierden el semestre ya es muy complicado que retomen su formaci\u00f3n. Daremos acompa\u00f1amiento para atender su aprovechamiento acad\u00e9mico, pero tambi\u00e9n el aspecto socioemocional para conocer si est\u00e1n atravesando por alg\u00fan problema familiar o personal que est\u00e1 afectando su desempe\u00f1o\u201d, asegur\u00f3 el aspirante.<\/p>\n<p>Agreg\u00f3 que -en el nivel medio superior y superior- a trav\u00e9s del programa de mentores acad\u00e9micos, se implementar\u00e1n cursos intersemestrales para estudiantes que presenten alg\u00fan rezago, a fin de que puedan adquirir los conocimientos necesarios y avanzar al siguiente semestre.<\/p>\n<p>Ante los inquietudes de la comunidad universitaria de contar con m\u00e1s apoyos para la educaci\u00f3n, Barrera D\u00edaz indic\u00f3 que -de ser favorecido con el voto del H. Consejo Universitario el pr\u00f3ximo 14 de mayo- se implementar\u00e1n estrategias que permitan otorgar un mayor n\u00famero de becas para fomentar la permanencia escolar, reconocer la excelencia acad\u00e9mica, evitar la deserci\u00f3n de los alumnos e incrementar la eficiencia terminal.<\/p>\n<p>Reiter\u00f3 que para atender la demanda se deben fortalecer las finanzas universitarias, por ello, llam\u00f3 a la comunidad universitaria a que -desde sus \u00e1reas de responsabilidad- hagan un uso eficiente de recursos econ\u00f3micos y materiales, adem\u00e1s de que la administraci\u00f3n se conducir\u00e1 con transparencia y honestidad en cada una de sus actividades.<\/p>\n<p>\u201cEl proyecto \u2018Integridad e Inclusi\u00f3n Universitarias 2021-2025\u2019 no es de una sola persona o de un grupo de universitarios, debemos trabajar en equipo para fortalecer a la universidad y con sus propuestas es posible enriquecer las estrategias para los siguientes cuatro a\u00f1os de la UAEM\u00e9x\u201d, indic\u00f3.<\/p>\n<p>En la Facultad de Arquitectura y Dise\u00f1o, el aspirante propuso instalar un extractor de aire en el taller de pl\u00e1sticos, adecuar las aulas a la nueva realidad educativa, adquirir los programas de software para las pr\u00e1cticas de estudiantes y contar con un espacio de oficinas y \u00e1rea de negocios.<\/p>\n<p>En el Plantel \u201cNezahualc\u00f3yotl\u201d de la Escuela Preparatoria las peticiones fueron impulsar el deporte, implementar estrategias para el cuidado de la salud f\u00edsica y mental de la comunidad universitaria, y favorecer la investigaci\u00f3n en el nivel medio superior; en respuesta, Barrera D\u00edaz asegur\u00f3 que se privilegiaran las acciones que permitan el desarrollo integral de cada integrante de la UAEM\u00e9x.<\/p>\n","protected":false},"excerpt":{"rendered":"<p>Como estrategia para reducir la deserci\u00f3n escolar, Carlos Eduardo Barrera D\u00edaz, aspirante al cargo de Rector de la Universidad Aut\u00f3noma del Estado de M\u00e9xico (UAEM\u00e9x), propuso implementar un sem\u00e1foro de alerta en el que participen directamente las y los tutores, el \u00e1rea de control escolar y la subdirecci\u00f3n acad\u00e9mica de cada espacio universitario.<\/p>\n","protected":false},"author":3,"featured_media":505132,"comment_status":"open","ping_status":"open","sticky":false,"template":"","format":"standard","meta":{"_monsterinsights_skip_tracking":false,"_monsterinsights_sitenote_active":false,"_monsterinsights_sitenote_note":"","_monsterinsights_sitenote_category":0,"footnotes":""},"categories":[5],"tags":[70452,92667,20350,1491],"class_list":["post-505039","post","type-post","status-publish","format-standard","has-post-thumbnail","hentry","category-estado-de-mexico","tag-aspirante","tag-carlos-eduardo-barrera-diaz","tag-rector","tag-uaem"],"_links":{"self":[{"href":"https:\/\/www.diarioimagen.net\/index.php?rest_route=\/wp\/v2\/posts\/505039","targetHints":{"allow":["GET"]}}],"collection":[{"href":"https:\/\/www.diarioimagen.net\/index.php?rest_route=\/wp\/v2\/posts"}],"about":[{"href":"https:\/\/www.diarioimagen.net\/index.php?rest_route=\/wp\/v2\/types\/post"}],"author":[{"embeddable":true,"href":"https:\/\/www.diarioimagen.net\/index.php?rest_route=\/wp\/v2\/users\/3"}],"replies":[{"embeddable":true,"href":"https:\/\/www.diarioimagen.net\/index.php?rest_route=%2Fwp%2Fv2%2Fcomments&post=505039"}],"version-history":[{"count":0,"href":"https:\/\/www.diarioimagen.net\/index.php?rest_route=\/wp\/v2\/posts\/505039\/revisions"}],"wp:featuredmedia":[{"embeddable":true,"href":"https:\/\/www.diarioimagen.net\/index.php?rest_route=\/wp\/v2\/media\/505132"}],"wp:attachment":[{"href":"https:\/\/www.diarioimagen.net\/index.php?rest_route=%2Fwp%2Fv2%2Fmedia&parent=505039"}],"wp:term":[{"taxonomy":"category","embeddable":true,"href":"https:\/\/www.diarioimagen.net\/index.php?rest_route=%2Fwp%2Fv2%2Fcategories&post=505039"},{"taxonomy":"post_tag","embeddable":true,"href":"https:\/\/www.diarioimagen.net\/index.php?rest_route=%2Fwp%2Fv2%2Ftags&post=505039"}],"curies":[{"name":"wp","href":"https:\/\/api.w.org\/{rel}","templated":true}]}}