{"id":505056,"date":"2021-04-29T00:01:31","date_gmt":"2021-04-29T05:01:31","guid":{"rendered":"https:\/\/www.diarioimagen.net\/?p=505056"},"modified":"2021-04-29T05:16:39","modified_gmt":"2021-04-29T10:16:39","slug":"se-compromete-romina-contreras-a-trabajar-por-el-bienestar-de-las-familias-huixquiluquenses","status":"publish","type":"post","link":"https:\/\/www.diarioimagen.net\/?p=505056","title":{"rendered":"Se compromete Romina Contreras a trabajar por el bienestar de las familias huixquiluquenses"},"content":{"rendered":"<p>&nbsp;<\/p>\n<ul>\n<li><strong><em>Municipio, referente nacional<\/em><\/strong><\/li>\n<\/ul>\n<p>&nbsp;<\/p>\n<div id=\"attachment_505177\" style=\"width: 470px\" class=\"wp-caption aligncenter\"><a href=\"https:\/\/www.diarioimagen.net\/?attachment_id=505177\" rel=\"attachment wp-att-505177\"><img loading=\"lazy\" decoding=\"async\" aria-describedby=\"caption-attachment-505177\" class=\"size-full wp-image-505177\" src=\"https:\/\/www.diarioimagen.net\/wp-content\/uploads\/2021\/04\/CAMACHO29-b.jpg\" alt=\"\" width=\"460\" height=\"270\" \/><\/a><p id=\"caption-attachment-505177\" class=\"wp-caption-text\">Romina Contreras, abanderada por el PAN, comenzar\u00e1 desde los primeros minutos del 30 de abril una campa\u00f1a de altura.<\/p><\/div>\n<p>&nbsp;<\/p>\n<p><strong>Huixquilucan, Estado de M\u00e9xico<\/strong>.\u2013 Romina Contreras, se comprometi\u00f3 a \u201cseguir haciendo de Huixquilucan el mejor municipio del estado de M\u00e9xico y un referente a nivel nacional. Estoy comprometida con las y los huixquiluquenses para continuar trabajando por el bienestar de las familias.<\/p>\n<p>En el registro como aspirante a la candidatura del PAN, Contreras Carrasco, estuvo acompa\u00f1ada por\u00a0Teresa Ginez Serrano que ser\u00e1 su compa\u00f1era de f\u00f3rmula, quienes aseguraron que lo har\u00e1n como \u201cmujeres comprometidas y trabajadoras por un mejor Huixquilucan\u201d.<\/p>\n<p>La abanderada por el\u00a0Partido Acci\u00f3n Nacional\u00a0(PAN) indic\u00f3 que, desde los primeros minutos del 30 de abril dar\u00e1 banderazo para salir y volver hacer una campa\u00f1a de altura.<\/p>\n","protected":false},"excerpt":{"rendered":"<p>Romina Contreras, se comprometi\u00f3 a \u201cseguir haciendo de Huixquilucan el mejor municipio del estado de M\u00e9xico y un referente a nivel nacional. Estoy comprometida con las y los huixquiluquenses para continuar trabajando por el bienestar de las familias.<\/p>\n","protected":false},"author":3,"featured_media":505177,"comment_status":"open","ping_status":"open","sticky":false,"template":"","format":"standard","meta":{"_monsterinsights_skip_tracking":false,"_monsterinsights_sitenote_active":false,"_monsterinsights_sitenote_note":"","_monsterinsights_sitenote_category":0,"footnotes":""},"categories":[5],"tags":[38068,43675,1097,67514],"class_list":["post-505056","post","type-post","status-publish","format-standard","has-post-thumbnail","hentry","category-estado-de-mexico","tag-bienestar","tag-estado-de-mexico","tag-huixquilucan","tag-huixquiluquenses"],"_links":{"self":[{"href":"https:\/\/www.diarioimagen.net\/index.php?rest_route=\/wp\/v2\/posts\/505056","targetHints":{"allow":["GET"]}}],"collection":[{"href":"https:\/\/www.diarioimagen.net\/index.php?rest_route=\/wp\/v2\/posts"}],"about":[{"href":"https:\/\/www.diarioimagen.net\/index.php?rest_route=\/wp\/v2\/types\/post"}],"author":[{"embeddable":true,"href":"https:\/\/www.diarioimagen.net\/index.php?rest_route=\/wp\/v2\/users\/3"}],"replies":[{"embeddable":true,"href":"https:\/\/www.diarioimagen.net\/index.php?rest_route=%2Fwp%2Fv2%2Fcomments&post=505056"}],"version-history":[{"count":0,"href":"https:\/\/www.diarioimagen.net\/index.php?rest_route=\/wp\/v2\/posts\/505056\/revisions"}],"wp:featuredmedia":[{"embeddable":true,"href":"https:\/\/www.diarioimagen.net\/index.php?rest_route=\/wp\/v2\/media\/505177"}],"wp:attachment":[{"href":"https:\/\/www.diarioimagen.net\/index.php?rest_route=%2Fwp%2Fv2%2Fmedia&parent=505056"}],"wp:term":[{"taxonomy":"category","embeddable":true,"href":"https:\/\/www.diarioimagen.net\/index.php?rest_route=%2Fwp%2Fv2%2Fcategories&post=505056"},{"taxonomy":"post_tag","embeddable":true,"href":"https:\/\/www.diarioimagen.net\/index.php?rest_route=%2Fwp%2Fv2%2Ftags&post=505056"}],"curies":[{"name":"wp","href":"https:\/\/api.w.org\/{rel}","templated":true}]}}