{"id":505074,"date":"2021-04-29T00:01:20","date_gmt":"2021-04-29T05:01:20","guid":{"rendered":"https:\/\/www.diarioimagen.net\/?p=505074"},"modified":"2021-04-29T02:26:27","modified_gmt":"2021-04-29T07:26:27","slug":"mexico-cuna-del-coronavirus","status":"publish","type":"post","link":"https:\/\/www.diarioimagen.net\/?p=505074","title":{"rendered":"\u00bfM\u00e9xico, cuna del coronavirus?"},"content":{"rendered":"<h2>De pe a pa<\/h2>\n<h5>Alberto Vieyra G.<\/h5>\n<p>&nbsp;<\/p>\n<p>\u00bfLa Covid-19 es de manufactura mexicana? \u00bfFue realmente en Wuhan, China, donde se origin\u00f3 o qui\u00e9n lo trago a M\u00e9xico antes del 31 de diciembre cuando surgi\u00f3 la noticia sobre esa peste en el pa\u00eds asi\u00e1tico?<\/p>\n<p>Veamos el hilo de esa madeja:<\/p>\n<p>El 20 de diciembre de 2019, pas\u00f3 desapercibido para toda la comunidad cient\u00edfica y de la salud en M\u00e9xico, pero no para el m\u00e9dico Orlando Pacheco Cervera, quien tuvo en sus manos un extra\u00f1\u00edsimo caso que lo dejar\u00eda perplejo, pues a lo largo de sus 40 a\u00f1os, como especialista neum\u00f3logo, jam\u00e1s hab\u00eda tenido un paciente con esa rara sintomatolog\u00eda: fiebre que parec\u00eda un bote de tamales con casi 40\u00b0 de temperatura, tos seca, dificultad para respirar, falta de apetito y dificultad en el sentido del olfato y debilidad extrema en su cuerpo. Transcurrida la Navidad volvi\u00f3 a tener en sus manos otro caso similar al anterior. No sab\u00eda de qu\u00e9 se trataba. Despu\u00e9s del 31 de diciembre cuando se encendieron las alarmas en Wuhan, el doctor Pacheco relacion\u00f3 los s\u00edntomas de los casos de coronavirus en aquella poblaci\u00f3n china con los que hab\u00eda tenido en sus manos. Luego, se fueron multiplicando los casos y al declararse en M\u00e9xico la emergencia sanitaria, el facultativo ya hab\u00eda atendido a m\u00e1s de media docena de enfermos y ya sab\u00eda que se trataba de v\u00edctimas del coronavirus.<\/p>\n<p>Cont\u00f3 70 casos que obran en su bit\u00e1cora cl\u00ednica, \u201cninguno de los 70 se me muri\u00f3\u201d, dice orgulloso. Hasta que un d\u00eda, \u00e9l comenz\u00f3 a sentir que el mundo se le ven\u00eda encima y al tercer d\u00eda, tambi\u00e9n cay\u00f3 v\u00edctima del mortal coronavirus, que ha cobrado la vida, seg\u00fan la Organizaci\u00f3n Panamericana de la Salud de 3 mil 534 trabajadores de la salud en M\u00e9xico, entre m\u00e9dicos, enfermeras, camillero, etc\u00e9tera, lo que ubica a M\u00e9xico como el primer pa\u00eds en mortandad de trabajadores de la salud, superior en m\u00e1s de dos mil a los de Brasil y Estados Unidos.<\/p>\n<p>\u201cLa salv\u00e9 de milagro. Estuve casi 3 meses en capilla, baj\u00e9 m\u00e1s de 20 kilos. Cuando sal\u00ed del hospital me sent\u00eda m\u00e1s d\u00e9bil que una mujer que ha tenido un parto. Tuve secuelas cerebrales que no permiten o\u00edr bien y los pulmones todav\u00eda tengo que someterlos a terapias frecuentes de ox\u00edgeno suplementario. Aqu\u00ed estoy, a\u00fan sin vacuna dando la batalla contra el coronavirus, como est\u00e1n m\u00e1s de 100 mil trabajadores de la salud en hospitales privados, farmacias pueblerinas, en rancher\u00edas a lo largo y ancho del pa\u00eds, a los que el Presidente de la Rep\u00fablica nos ha negado el derecho a la salud violando el art\u00edculo cuarto constitucional al negarse a vacunarnos. Miente el Presidente cuando afirma que ya nos vacun\u00f3\u201d.<\/p>\n<p>AMLO odia todo lo que huela a iniciativa privada y que no le represente votos para las elecciones del 6 de junio.\u00a0 El lunes el Presidente dijo:<\/p>\n<p>\u201cHay mucha manipulaci\u00f3n\u201d \u2026 \u201c\u00bfque no hemos querido vacunar a los m\u00e9dicos del sector privado? No es cierto, eso no es cierto. Eso es falso, es pura politiquer\u00eda. Todos los m\u00e9dicos, enfermeras, trabajadores de la salud, de los hospitales privados que atendieron y siguen atendiendo Covid han sido vacunados\u201d, jur\u00f3 y perjur\u00f3.<\/p>\n<p>As\u00ed que el doctor Orlando Pacheco Cervera le deja a la ciencia una tarea y tambi\u00e9n a la prensa: Investigar si realmente M\u00e9xico es la cuna del coronavirus, que ya mat\u00f3 a m\u00e1s 3 millones 120 mil, de los cuales alrededor de 500 mil han ca\u00eddo en M\u00e9xico. Sin lugar a dudas que son los muertos de AMLO.<\/p>\n<p><a href=\"mailto:info@agenciamn.com\" target=\"_blank\" rel=\"noopener noreferrer\"><em>info@agenciamn.com<\/em><\/a><\/p>\n","protected":false},"excerpt":{"rendered":"<p><span style=\"color: #005497;\"><strong>Alberto Vieyra G.<\/strong><\/span><\/p>\n","protected":false},"author":3,"featured_media":0,"comment_status":"open","ping_status":"open","sticky":false,"template":"","format":"standard","meta":{"_monsterinsights_skip_tracking":false,"_monsterinsights_sitenote_active":false,"_monsterinsights_sitenote_note":"","_monsterinsights_sitenote_category":0,"footnotes":""},"categories":[4596],"tags":[43697,4597,43674],"class_list":["post-505074","post","type-post","status-publish","format-standard","hentry","category-alberto-vieyra-g","tag-alberto-vieyra-g","tag-de-pe-a-pa","tag-opinion"],"_links":{"self":[{"href":"https:\/\/www.diarioimagen.net\/index.php?rest_route=\/wp\/v2\/posts\/505074","targetHints":{"allow":["GET"]}}],"collection":[{"href":"https:\/\/www.diarioimagen.net\/index.php?rest_route=\/wp\/v2\/posts"}],"about":[{"href":"https:\/\/www.diarioimagen.net\/index.php?rest_route=\/wp\/v2\/types\/post"}],"author":[{"embeddable":true,"href":"https:\/\/www.diarioimagen.net\/index.php?rest_route=\/wp\/v2\/users\/3"}],"replies":[{"embeddable":true,"href":"https:\/\/www.diarioimagen.net\/index.php?rest_route=%2Fwp%2Fv2%2Fcomments&post=505074"}],"version-history":[{"count":0,"href":"https:\/\/www.diarioimagen.net\/index.php?rest_route=\/wp\/v2\/posts\/505074\/revisions"}],"wp:attachment":[{"href":"https:\/\/www.diarioimagen.net\/index.php?rest_route=%2Fwp%2Fv2%2Fmedia&parent=505074"}],"wp:term":[{"taxonomy":"category","embeddable":true,"href":"https:\/\/www.diarioimagen.net\/index.php?rest_route=%2Fwp%2Fv2%2Fcategories&post=505074"},{"taxonomy":"post_tag","embeddable":true,"href":"https:\/\/www.diarioimagen.net\/index.php?rest_route=%2Fwp%2Fv2%2Ftags&post=505074"}],"curies":[{"name":"wp","href":"https:\/\/api.w.org\/{rel}","templated":true}]}}