{"id":505085,"date":"2021-04-29T00:03:26","date_gmt":"2021-04-29T05:03:26","guid":{"rendered":"https:\/\/www.diarioimagen.net\/?p=505085"},"modified":"2021-04-29T02:37:43","modified_gmt":"2021-04-29T07:37:43","slug":"perdon-al-tepjf-menos-a-su-presidente","status":"publish","type":"post","link":"https:\/\/www.diarioimagen.net\/?p=505085","title":{"rendered":"Perd\u00f3n al TEPJF, menos a su presidente"},"content":{"rendered":"<h2>Espacio Electoral<\/h2>\n<h5>Eleazar Flores<\/h5>\n<p>&nbsp;<\/p>\n<p><strong>DOS A CERO-.<\/strong> Muchos opin\u00f3logos -como yo comprender\u00e9- daban o d\u00e1bamos por hecho que el Tribunal Electoral del Poder Judicial de la Federaci\u00f3n, perdonar\u00eda y avalar\u00eda la candidatura a gobernador de F\u00e9lix Salgado Macedonio, en Guerrero, y de Ra\u00fal Mor\u00f3n, en Michoac\u00e1n.<\/p>\n<p>Pero esos magistrados se vistieron de gloria al impedir que el <em>toro sin cerca,<\/em> Salgado volviera al ruedo guerrerense y de paso desmoronaron las aspiraciones de Ra\u00fal Mor\u00f3n, no obstante que muchos especulaban que \u00e9ste s\u00ed seguir\u00eda, pamplinas.<\/p>\n<p>Ya con la cabeza fr\u00eda se reflexiona que todos los magistrados apenas actuaron con dignidad, luego de los innumerables insultos que les lanz\u00f3 F\u00e9lix Salgado.<\/p>\n<p>Se aclara adem\u00e1s que no todos los magistrados, pues el\u00a0 blanco en medio del frijol negro fue el magistrado presidente Jos\u00e9 Luis Vargas, quien calific\u00f3 de exagerada la sanci\u00f3n y voto en contra, siendo el \u00fanico sufragio en esa direcci\u00f3n.<\/p>\n<p>Seguro el tal Vargas ignora que a la ex de Sedesol y de Sedatu Rosario Robles Berlanga tambi\u00e9n se le impuso la sanci\u00f3n m\u00e1xima por la \u201cestafa maestra\u201d y es la hora que sigue en prisi\u00f3n. La agravante de este caso es que la sanci\u00f3n la impuso el sobrinito consentido de do\u00f1a Dolores Padierna de Bejarano.<\/p>\n<p>En el estado de Guerrero, Morena dispondr\u00e1 de s\u00f3lo 48 horas que vencen hoy para reponer candidato que sustituya al amigo de las f\u00e9minas, don F\u00e9lix Salgado Macedonio, en tanto que en Michoac\u00e1n, el mismo partido tendr\u00e1 lo que falta de la semana para encontrar quien sustituya a Ra\u00fal Mor\u00f3n, \u00bfporqu\u00e9 la diferencia de plazos?<\/p>\n<p><strong>OTRA DERROTA A MORENA-.<\/strong> La segunda derrota al Movimiento\u00a0 Regeneraci\u00f3n Nacional infringida el mismo d\u00eda martes fue limitar la sobre representaci\u00f3n legislativa que es lo que le permite en esta C\u00e1mara tener mayor\u00eda calificada y aprobar todo lo que al presidente se le ocurre.<\/p>\n<p>M\u00e1xime que cuenta en ambas c\u00e1maras -de diputados y senadores- con los coordinadores incondicionales, cuyos nombres usted conoce de sobra y no por su actuar destacado, sino por su pronta e incondicional genuflexi\u00f3n hacia el m\u00ednimo intento reformista que propone ya sabe qui\u00e9n.<\/p>\n<p>Si de por s\u00ed se espera una considerable disminuci\u00f3n de triunfos para estas elecciones intermedias, regular la sobrerrepresentaci\u00f3n mermar\u00e1 la ocupaci\u00f3n de esca\u00f1os y curules para la causa de la Cuarta Transformaci\u00f3n, que a menos de cuarenta d\u00edas del proceso advierte escenarios no tan favorables.<\/p>\n<p>Tampoco debe usted dar por muerto al Movimiento\u00a0 Regeneraci\u00f3n Nacional ni mucho menos pues cuenta con su voto duro y\u00a0 otro no tanto, del que este espacio se ocupar\u00e1 el pr\u00f3ximo lunes pues ma\u00f1ana toca el turno a la UAEM\u00e9x, cuyo proceso dictatorial o rectoril entra en la etapa final.<\/p>\n<p><em><a href=\"mailto:elefa44@gmail.com\" target=\"_blank\" rel=\"noopener noreferrer\">elefa44@gmail.com<\/a><\/em><\/p>\n","protected":false},"excerpt":{"rendered":"<p><span style=\"color: #005497;\"><strong>Eleazar Flores<\/strong><\/span><\/p>\n","protected":false},"author":3,"featured_media":0,"comment_status":"open","ping_status":"open","sticky":false,"template":"","format":"standard","meta":{"_monsterinsights_skip_tracking":false,"_monsterinsights_sitenote_active":false,"_monsterinsights_sitenote_note":"","_monsterinsights_sitenote_category":0,"footnotes":""},"categories":[81743],"tags":[81744,81776,43674],"class_list":["post-505085","post","type-post","status-publish","format-standard","hentry","category-eleazar-flores","tag-eleazar-flores","tag-espacio-electoral","tag-opinion"],"_links":{"self":[{"href":"https:\/\/www.diarioimagen.net\/index.php?rest_route=\/wp\/v2\/posts\/505085","targetHints":{"allow":["GET"]}}],"collection":[{"href":"https:\/\/www.diarioimagen.net\/index.php?rest_route=\/wp\/v2\/posts"}],"about":[{"href":"https:\/\/www.diarioimagen.net\/index.php?rest_route=\/wp\/v2\/types\/post"}],"author":[{"embeddable":true,"href":"https:\/\/www.diarioimagen.net\/index.php?rest_route=\/wp\/v2\/users\/3"}],"replies":[{"embeddable":true,"href":"https:\/\/www.diarioimagen.net\/index.php?rest_route=%2Fwp%2Fv2%2Fcomments&post=505085"}],"version-history":[{"count":0,"href":"https:\/\/www.diarioimagen.net\/index.php?rest_route=\/wp\/v2\/posts\/505085\/revisions"}],"wp:attachment":[{"href":"https:\/\/www.diarioimagen.net\/index.php?rest_route=%2Fwp%2Fv2%2Fmedia&parent=505085"}],"wp:term":[{"taxonomy":"category","embeddable":true,"href":"https:\/\/www.diarioimagen.net\/index.php?rest_route=%2Fwp%2Fv2%2Fcategories&post=505085"},{"taxonomy":"post_tag","embeddable":true,"href":"https:\/\/www.diarioimagen.net\/index.php?rest_route=%2Fwp%2Fv2%2Ftags&post=505085"}],"curies":[{"name":"wp","href":"https:\/\/api.w.org\/{rel}","templated":true}]}}