{"id":505096,"date":"2021-04-29T00:08:10","date_gmt":"2021-04-29T05:08:10","guid":{"rendered":"https:\/\/www.diarioimagen.net\/?p=505096"},"modified":"2021-04-29T02:55:45","modified_gmt":"2021-04-29T07:55:45","slug":"bajo-amenaza-los-organismos-autonomos","status":"publish","type":"post","link":"https:\/\/www.diarioimagen.net\/?p=505096","title":{"rendered":"Bajo amenaza, los organismos aut\u00f3nomos"},"content":{"rendered":"<h2>Clase Pol\u00edtica<\/h2>\n<h5>Miguel \u00c1ngel Rivera<\/h5>\n<p>&nbsp;<\/p>\n<p>M\u00e1s que la decisi\u00f3n del Tribunal Electoral de cancelar las candidaturas de F\u00e9lix Salgado y Ra\u00fal Mor\u00f3n, as\u00ed como de validar la decisi\u00f3n del INE de evitar la sobrerrepresentaci\u00f3n en la C\u00e1mara de Diputados \u2014a lo cual se deben sumar las controversias contra algunas de sus m\u00e1s apreciadas reformas legales\u2014 lo que debe tener inc\u00f3modo a disgusto al presidente Andr\u00e9s Manuel L\u00f3pez Obrador es que su investidura le impide actuar como m\u00e1s le gusta: como l\u00edder de oposici\u00f3n en lucha permanente contra los \u201cemisarios del pasado\u201d.<\/p>\n<p>De cualquier forma, su condici\u00f3n de jefe de Estado no limit\u00f3 al l\u00edder de oposici\u00f3n que el pol\u00edtico tabasque\u00f1o lleva dentro desde los inicios de su carrera pol\u00edtica y, sobre todo, durante los 12 a\u00f1os que lucha por conseguir la presidencia de la Rep\u00fablica y ser v\u00edctima -seg\u00fan \u00e9l y sus seguidores- de repetidos fraudes electorales.<\/p>\n<p>Pero como \u201csu pecho no es bodega\u201d y como, a pesar de estar en plena etapa electoral, no acata ning\u00fan mandato que le signifique censura, el primer mandatario dej\u00f3 salir sus cr\u00edticas contra quienes se contraponen a sus decisiones y le impiden culminar acciones que considera necesarias para consolidar lo que llama la Cuarta Transformaci\u00f3n.<\/p>\n<p>Para empezar, en su conferencia ma\u00f1anera se lanz\u00f3, obviamente, contra el Tribunal Electoral del Poder Judicial de la Federaci\u00f3n (TEPJF) al que en otras ocasiones ha llenado de lisonjas, pero que en esta ocasi\u00f3n han generado su disgusto por cancelar los registro de sus dos candidatos a los gobiernos de los estados de Guerrero y Michoac\u00e1n, por la nimiedad de no haber declarado gastos de precampa\u00f1a por unas cantidades inferiores a 20 mil pesos, cada uno.<\/p>\n<p>Y tambi\u00e9n le provoc\u00f3 escozor que se validara el acuerdo del Consejo General del Instituto Nacional Electoral (INE) por el cual se pretenden evitar las triqui\u00f1uelas de su partido, Morena y asociados, para tener en la C\u00e1mara de Diputados mayor n\u00famero de posiciones de las que le conceden los votos recibidos.<\/p>\n<p>Respecto a las candidaturas, en su conferencia ma\u00f1anera de ayer, el primer mandatario expres\u00f3:<\/p>\n<p>\u201cYo quiero expresar que considero un exceso lo que aprobaron el d\u00eda de ayer los magistrados del Tribunal Electoral. Es un golpe a la democracia, a la incipiente democracia mexicana.<\/p>\n<p>\u201cNo es posible, no tiene justificaci\u00f3n alguna el que por no comprobar supuestamente un gasto de precampa\u00f1a -en un caso, de 14 mil pesos, en lo que corresponde al candidato de Michoac\u00e1n, y de 19 mil pesos que se le atribuye no comprob\u00f3 el precandidato de Guerrero- se les cancele su registro para participar. Eso no tiene ninguna justificaci\u00f3n, repito, se me hace excesivo y adem\u00e1s antidemocr\u00e1tico.<\/p>\n<p>\u201cPor eso hablo de que fue un golpe a la democracia, porque la democracia es el respetar la voluntad del pueblo. En la democracia es el pueblo el que decide, es el pueblo el que manda. <em>Demos <\/em>es pueblo, <em>kratos<\/em> es poder, es poder del pueblo.<\/p>\n<p>\u201cEn este, como en otros casos, no se tom\u00f3 en cuenta la voluntad del pueblo, se descalific\u00f3 y se afect\u00f3 a los ciudadanos, se les quit\u00f3 un derecho a elegir, un derecho fundamental, un derecho democr\u00e1tico. Tanto los consejeros del INE como los magistrados del tribunal actuaron de manera antidemocr\u00e1tica. Y esto se explica porque estos organismos, como otros, vienen del antiguo r\u00e9gimen, del antiguo r\u00e9gimen antidemocr\u00e1tico.<\/p>\n<p>\u201cLa libertad no se implora, se conquista y se tiene que hacer valer la voluntad y los sentimientos del pueblo, en Guerrero y en Michoac\u00e1n\u201d, remach\u00f3 el presidente.<\/p>\n<p>Efectivamente, el Presidente, comprometido a guardar y hacer guardar la Constituci\u00f3n y las leyes que de ella emanen, no hizo ninguna referencia a la Ley General de Instituciones y Procedimientos Electorales (LEGIPE) que en su art\u00edculo 229 establece simplemente que se anula la candidatura de quien no presente reporte de ingresos y gastos. No menciona cantidades, ni otras posibles sanciones para quienes, como Salgado y Mor\u00f3n \u201cpecan, pero poquito\u201d.<\/p>\n<p style=\"text-align: center;\"><strong>La p\u00e9rdida de candidatura la exigi\u00f3 la oposici\u00f3n por<br \/>\nexceso de gastos de campa\u00f1a del ex presidente Pe\u00f1a Nieto<\/strong><\/p>\n<p>Aficionado como es a citar pasajes de la historia nacional remota y reciente, L\u00f3pez Obrador omiti\u00f3 recordar que el castigo de p\u00e9rdida del registro por no declarar ingresos y gastos fue producto de una reforma exigida por la oposici\u00f3n, de la que \u00e9l era figura prominente, luego de que se denunci\u00f3 que su contendiente \u2014y, al final vencedor\u2014 del PRI, Enrique Pe\u00f1a Nieto, incurri\u00f3 en excesivos gastos de campa\u00f1a.<\/p>\n<p>Los ahora repudiados INE y Tribunal Electoral expusieron la falta del abanderado de la alianza PRI-PVEM, pero no pudieron aplicar una sanci\u00f3n severa porque no estaba prevista en la ley, pues esa irregularidad no era considerada un delito, sino \u00fanicamente una falta administrativa, por lo que se aplic\u00f3 una multa de poco m\u00e1s de 200 millones de pesos.<\/p>\n<p>Lo que s\u00ed mencion\u00f3 el primer mandatario en su perorata contra el INE y el TEPJF fue el golpe de estado contra el presidente Francisco I. Madero, con el que tanto gusta de compararse.<\/p>\n<p>\u201cComo la historia es la maestra de la vida, debemos de recordar que cuando triunfa el presidente Madero est\u00e1n todav\u00eda intactas las estructuras del porfiriato, pol\u00edticos del porfiriato, jueces del porfiriato, prensa del porfiriato, los militares del porfiriato.<\/p>\n<p>\u201cComo no hab\u00eda condiciones en ese entonces para consumar la transformaci\u00f3n de manera pac\u00edfica, estos grupos del antiguo r\u00e9gimen llevaron a cabo el asesinato del presidente Madero y del vicepresidente Jos\u00e9 Mar\u00eda Pino Su\u00e1rez, todos ellos.<\/p>\n<p>Guardadas las proporciones, es \u201calgo parecido a lo que estamos viviendo. Siempre hablo de la transici\u00f3n, de que lo nuevo no acaba de nacer y lo viejo no acaba de morir. Entonces, estos organismos vienen del antiguo r\u00e9gimen, me refiero al INE y al tribunal.<\/p>\n<p style=\"text-align: center;\"><strong>El INAI se suma a los enemigos de la 4T por<br \/>\noponerse al registro de datos biom\u00e9tricos<\/strong><\/p>\n<p>\u201cPero no s\u00f3lo estos organismos, ahora porque estamos hablando del tema de la democracia, en el terreno de la econom\u00eda es lo mismo. Ustedes pueden constatar que las tres reformas que se han aprobado -la el\u00e9ctrica, la energ\u00e9tica y la de tener control para que no se extorsiona con tel\u00e9fonos que utiliza la delincuencia-, las tres no s\u00f3lo han sido impugnadas por las empresas, sino por el instituto de la transparencia, por el instituto de la competitividad\u201d, dijo el primer mandatario.<\/p>\n<p>Son conocidas las cr\u00edticas del presidente a los jueces que han concedido amparos a las empresas afectadas por las reformas a las leyes para darle preferencia a Pemex y la CFE. Lo novedoso es que se suma a la lista de obst\u00e1culos de la 4T al Instituto Nacional de Transparencia, Acceso a la Informaci\u00f3n y Protecci\u00f3n de Datos Personales (INAI), presidido por la comisionada Blanca Lilia Ibarra, organismo que interpuso una acci\u00f3n de inconstitucionalidad ante la Suprema Corte de Justicia de la Naci\u00f3n en contra del Padr\u00f3n Nacional de Usuarios de Telefon\u00eda M\u00f3vil (Panaut), por considerar que vulnera los derechos humanos.<\/p>\n<p>En respuesta, el presidente L\u00f3pez Obrador manifest\u00f3 que el INAI se pone a favor de las telef\u00f3nicas y al igual que otros organismos aut\u00f3nomos opera en contra del gobierno federal.<\/p>\n<p>\u201cA las telef\u00f3nicas lo \u00fanico que les interesa es el dinero, su Dios es el dinero, por eso se lanzan\u201d, el primer mandatario, al censurar no s\u00f2lo al INAI sino a todos los organismos aut\u00f3nomos, de los que dijo que fueron creados \u201cpara defender a grupos de intereses creados, a las grandes empresas y a los que se dedicaban a saquear al pa\u00eds\u201d.<\/p>\n<p>\u201cEste de la transparencia (el INAI), pues fue el que neg\u00f3 los expedientes de la empresa Odebrecht o, mejor dicho, resolvi\u00f3 que se iban a mantener en secreto los expedientes de la empresa Odebrecht, de la que daba sobornos a los que yo hac\u00eda referencia.<\/p>\n<p>\u201cImag\u00ednense un instituto de la transparencia que resuelve no dar a conocer informaci\u00f3n sobre el expediente de Odebrecht y ahora se inconforma y se manifiesta y act\u00faa en favor de las telef\u00f3nicas, que porque se van a violar datos personales.<\/p>\n<p>Por ello, confirm\u00f3 que pr\u00f3ximamente su gobierno enviar\u00e1 una iniciativa en torno a los organismos aut\u00f3nomos.<\/p>\n<p>\u201cNosotros llegamos aqu\u00ed para transformar y vamos a seguir revisando el funcionamiento de estos \u00f3rganos aut\u00f3nomos\u201d, dijo,<\/p>\n<p>\u201cY f\u00edjense la paradoja, en el caso del INE y del Tribunal Electoral se pensar\u00eda que son \u00f3rganos para garantizar la democracia. Pues no, aunque parezca incre\u00edble, son \u00f3rganos creados para que no haya democracia\u201d, recalc\u00f3.<\/p>\n<p><a href=\"mailto:riparcangel@hotmail.com\" target=\"_blank\" rel=\"noopener noreferrer\"><em>riparcangel@hotmail.com<\/em><\/a><\/p>\n","protected":false},"excerpt":{"rendered":"<p><span style=\"color: #005497;\"><strong>Miguel \u00c1ngel Rivera<\/strong><\/span><\/p>\n","protected":false},"author":3,"featured_media":0,"comment_status":"open","ping_status":"open","sticky":false,"template":"","format":"standard","meta":{"_monsterinsights_skip_tracking":false,"_monsterinsights_sitenote_active":false,"_monsterinsights_sitenote_note":"","_monsterinsights_sitenote_category":0,"footnotes":""},"categories":[84119],"tags":[84120,84121,43674],"class_list":["post-505096","post","type-post","status-publish","format-standard","hentry","category-miguel-angel-rivera","tag-clase-politica","tag-miguel-angel-rivera","tag-opinion"],"_links":{"self":[{"href":"https:\/\/www.diarioimagen.net\/index.php?rest_route=\/wp\/v2\/posts\/505096","targetHints":{"allow":["GET"]}}],"collection":[{"href":"https:\/\/www.diarioimagen.net\/index.php?rest_route=\/wp\/v2\/posts"}],"about":[{"href":"https:\/\/www.diarioimagen.net\/index.php?rest_route=\/wp\/v2\/types\/post"}],"author":[{"embeddable":true,"href":"https:\/\/www.diarioimagen.net\/index.php?rest_route=\/wp\/v2\/users\/3"}],"replies":[{"embeddable":true,"href":"https:\/\/www.diarioimagen.net\/index.php?rest_route=%2Fwp%2Fv2%2Fcomments&post=505096"}],"version-history":[{"count":0,"href":"https:\/\/www.diarioimagen.net\/index.php?rest_route=\/wp\/v2\/posts\/505096\/revisions"}],"wp:attachment":[{"href":"https:\/\/www.diarioimagen.net\/index.php?rest_route=%2Fwp%2Fv2%2Fmedia&parent=505096"}],"wp:term":[{"taxonomy":"category","embeddable":true,"href":"https:\/\/www.diarioimagen.net\/index.php?rest_route=%2Fwp%2Fv2%2Fcategories&post=505096"},{"taxonomy":"post_tag","embeddable":true,"href":"https:\/\/www.diarioimagen.net\/index.php?rest_route=%2Fwp%2Fv2%2Ftags&post=505096"}],"curies":[{"name":"wp","href":"https:\/\/api.w.org\/{rel}","templated":true}]}}