{"id":505214,"date":"2021-04-30T00:04:10","date_gmt":"2021-04-30T05:04:10","guid":{"rendered":"https:\/\/www.diarioimagen.net\/?p=505214"},"modified":"2021-04-30T01:40:27","modified_gmt":"2021-04-30T06:40:27","slug":"los-conflictos-politicos-de-morena","status":"publish","type":"post","link":"https:\/\/www.diarioimagen.net\/?p=505214","title":{"rendered":"Los conflictos pol\u00edticos de Morena"},"content":{"rendered":"<h2>Punto por punto<\/h2>\n<h5>Augusto Corro<\/h5>\n<p>&nbsp;<\/p>\n<p>El l\u00edder nacional del Movimiento Regeneraci\u00f3n Nacional (Morena), Mario Delgado, tiene a su partido sumido en conflictos.<\/p>\n<p>Quiz\u00e1s la falta de experiencia pol\u00edtica del dirigente le provoc\u00f3 descalabros importantes a su organizaci\u00f3n pol\u00edtica.<\/p>\n<p>No pudo o no quiso cumplir con la ley electoral y con su actitud llev\u00f3 a dos candidatos a perder sus registros.<\/p>\n<p>Ambos quer\u00edan ser gobernadores de Guerrero y Michoac\u00e1n, F\u00e9lix Salgado Macedonio y Ra\u00fal Mor\u00f3n, respectivamente.<\/p>\n<p>En los dos casos, al partido morenista se le olvid\u00f3 reportar los gastos de precampa\u00f1a de los dos contendientes, como ordena la ley.<\/p>\n<p>El Instituto Nacional Electoral (INE) no lo pens\u00f3 mucho, basado en ese incumplimiento legal, para negar el registro a los morenistas.<\/p>\n<p>No ha sido f\u00e1cil. El propio presidente Andr\u00e9s Manuel L\u00f3pez Obrador opt\u00f3 por enfrentarse a las autoridades electorales, a las que calific\u00f3 de antidemocr\u00e1ticas.<\/p>\n<p>Como quien dice, se recrudeci\u00f3 la pugna entre el \u00e1rbitro y los jugadores. Lo que menos se esperaba en unas elecciones cargadas de posiciones radicales por todas partes.<\/p>\n<p>En esta temporada electoral le falt\u00f3 a Morena un l\u00edder experimentado que lo apartara del esc\u00e1ndalo. Sucedi\u00f3 al rev\u00e9s.<\/p>\n<p>Con anticipaci\u00f3n, se supo que la candidata morenista a la gubernatura de Nuevo Le\u00f3n, Clara Luz Flores, no era la persona id\u00f3nea. As\u00ed lo manifestaron los militantes de Morena.<\/p>\n<p>La dirigencia de Morena no hizo caso y ahora la aspirante guinda se encuentra en los \u00faltimos lugares de las preferencias electorales.<\/p>\n<p>Ya tendr\u00e1 oportunidad Mario Delgado de explicar a los morenistas ese error en la selecci\u00f3n del candidato al gobierno de Nuevo Le\u00f3n.<\/p>\n<p>Otro de los conflictos que vive Morena es el relacionado con el diputado Sa\u00fal Huerta, acusado por el delito de agresi\u00f3n sexual a un menor.<\/p>\n<p>Los propios militantes guindas criticaron la acci\u00f3n de su compa\u00f1ero y ahora lo quieren quemar en le\u00f1a verde.<\/p>\n<p>El presidente del partido no se pronunci\u00f3 con energ\u00eda contra Sa\u00fal Duarte a quien le espera una temporada en la c\u00e1rcel, tras desaforarlo.<\/p>\n<p>Los morenistas se preguntan ahora por el futuro de Morena, pues Mario Delgado ya dio muestras de su incapacidad para dirigirlo.<\/p>\n<p>En junio se sabr\u00e1 el resultado final de la gesti\u00f3n al frente del partido. Morena quiere continuar con la mayor\u00eda en la C\u00e1mara de Diputados. \u00bfLo lograr\u00e1?<\/p>\n<p>En las elecciones intermedias el partido guinda le urge el triunfo para reafirmar y continuar el proyecto de la Cuarta Transformaci\u00f3n (4T) del obradorismo.<\/p>\n<p>No toda la responsabilidad de lograrlo recae en Delgado. En la contienda electoral tambi\u00e9n influir\u00e1n en los votantes la pandemia por el Covid-19 y la situaci\u00f3n econ\u00f3mica.<\/p>\n<p>\u00bfC\u00f3mo califica usted amable lector la lucha contra el coronavirus? \u00bfC\u00f3mo le va con el incremento en los precios de la canasta b\u00e1sica?<\/p>\n<p>\u00bfQu\u00e9 hizo Morena para auxiliar o apoyar a la poblaci\u00f3n en sus m\u00faltiples problemas? El partido en el poder lleva m\u00e1s de dos a\u00f1os sin ning\u00fan inter\u00e9s de crecer.<\/p>\n<p>Lo m\u00e1s importante que se registra en ese movimiento pol\u00edtico es la lucha por el poder. Conformado por pol\u00edticos que militaron en diferentes partidos, Morena no avanza.<\/p>\n<p>Los pol\u00edticos que militan en el partido guinda s\u00f3lo buscan sus beneficios personales; sin embargo, en el presente no tuvieron la oportunidad deseada para obtener un cargo p\u00fablico.<\/p>\n<p>En la C\u00e1mara de Diputados, la reelecci\u00f3n de los legisladores cerr\u00f3 muchas puertas. La actividad de levanta dedos continuar\u00e1 con los sumisos que ya saben hacerlo.<\/p>\n<p>Una de las pocas voces inconformes del partido en el poder es la del diputado Porfirio Mu\u00f1oz Ledo, un veterano pol\u00edtico, que podr\u00eda estar inconforme porque no es colocado en un lugar importante de administraci\u00f3n p\u00fablica.<\/p>\n<p>Por otra parte, el experimentado pol\u00edtico perdi\u00f3 el liderazgo morenista frente Mario Delgado en una contienda que se decidi\u00f3 a trav\u00e9s de encuestas. \u00bfQu\u00e9 habr\u00eda pasado con Mu\u00f1oz Ledo como l\u00edder del partido en el poder?<\/p>\n<p>\u00bfUsted qu\u00e9 opina amable lector lector?<\/p>\n<p><a href=\"mailto:aco2742@hotmail.com\" target=\"_blank\" rel=\"noopener noreferrer\"><em>aco2742@hotmail.com<\/em><\/a><\/p>\n","protected":false},"excerpt":{"rendered":"<p><span style=\"color: #005497;\"><strong>Augusto Corro<\/strong><\/span><\/p>\n","protected":false},"author":3,"featured_media":0,"comment_status":"open","ping_status":"open","sticky":false,"template":"","format":"standard","meta":{"_monsterinsights_skip_tracking":false,"_monsterinsights_sitenote_active":false,"_monsterinsights_sitenote_note":"","_monsterinsights_sitenote_category":0,"footnotes":""},"categories":[157],"tags":[43686,43674,11515],"class_list":["post-505214","post","type-post","status-publish","format-standard","hentry","category-augusto-corro","tag-augusto-corro","tag-opinion","tag-punto-por-punto"],"_links":{"self":[{"href":"https:\/\/www.diarioimagen.net\/index.php?rest_route=\/wp\/v2\/posts\/505214","targetHints":{"allow":["GET"]}}],"collection":[{"href":"https:\/\/www.diarioimagen.net\/index.php?rest_route=\/wp\/v2\/posts"}],"about":[{"href":"https:\/\/www.diarioimagen.net\/index.php?rest_route=\/wp\/v2\/types\/post"}],"author":[{"embeddable":true,"href":"https:\/\/www.diarioimagen.net\/index.php?rest_route=\/wp\/v2\/users\/3"}],"replies":[{"embeddable":true,"href":"https:\/\/www.diarioimagen.net\/index.php?rest_route=%2Fwp%2Fv2%2Fcomments&post=505214"}],"version-history":[{"count":0,"href":"https:\/\/www.diarioimagen.net\/index.php?rest_route=\/wp\/v2\/posts\/505214\/revisions"}],"wp:attachment":[{"href":"https:\/\/www.diarioimagen.net\/index.php?rest_route=%2Fwp%2Fv2%2Fmedia&parent=505214"}],"wp:term":[{"taxonomy":"category","embeddable":true,"href":"https:\/\/www.diarioimagen.net\/index.php?rest_route=%2Fwp%2Fv2%2Fcategories&post=505214"},{"taxonomy":"post_tag","embeddable":true,"href":"https:\/\/www.diarioimagen.net\/index.php?rest_route=%2Fwp%2Fv2%2Ftags&post=505214"}],"curies":[{"name":"wp","href":"https:\/\/api.w.org\/{rel}","templated":true}]}}