{"id":505228,"date":"2021-04-30T00:12:57","date_gmt":"2021-04-30T05:12:57","guid":{"rendered":"https:\/\/www.diarioimagen.net\/?p=505228"},"modified":"2021-04-30T01:49:51","modified_gmt":"2021-04-30T06:49:51","slug":"cierre-fast-track-de-la-64-legislatura-aprueban-dictamenes-por-decenas","status":"publish","type":"post","link":"https:\/\/www.diarioimagen.net\/?p=505228","title":{"rendered":"Cierre <em>fast-track<\/em> de la 64 Legislatura; aprueban dict\u00e1menes por decenas"},"content":{"rendered":"<h2>Tras la puerta del poder<\/h2>\n<h5>Roberto Vizca\u00edno<\/h5>\n<p>&nbsp;<\/p>\n<p>Como es pr\u00e1ctica com\u00fan, Senado y Diputados cerraron ayer la 64 Legislatura a tambor batiente. En sendas jornadas marat\u00f3nicas, tanto en Reforma e Insurgentes, como en San L\u00e1zaro, senadores y diputados acudieron al muy efectivo m\u00e9todo del <strong><em>fast-track<\/em><\/strong> para aprobar una veintena de iniciativas y nombramientos por dem\u00e1s importantes para el pa\u00eds.<\/p>\n<p>En el Senado debatieron y aprobaron en el Pleno unas 16 iniciativas entre las que estuvieron la tan demandada imprescriptibilidad de delitos sexuales contra menores; el derecho a la desconexi\u00f3n digital para los trabajadores del sector privado y oficial; la nueva Ley Org\u00e1nica de la Fiscal\u00eda General de la Naci\u00f3n; la nueva Ley de Publicidad, que garantiza la Transparencia, Prevenci\u00f3n y Combate de Pr\u00e1cticas Indebidas en Materia de Contrataci\u00f3n de Publicidad, y as\u00ed hasta nombramiento de magistrados administrativos, nombramiento de magistrados de la Sala Superior Anticorrupci\u00f3n y otros siete instrumentos jur\u00eddicos.<\/p>\n<p>El dictamen de la FGR reafirma que esta dependencia participar\u00e1 de forma permanente en el Sistema Nacional de B\u00fasqueda de Personas, en el Sistema Nacional para Prevenir, Atender, Sancionar y Erradicar la Violencia contra las Mujeres, en la Comisi\u00f3n Intersecretarial para Prevenir, Combatir y Sancionar los Delitos en Materia de Trata de Personas y en el Mecanismo de Protecci\u00f3n de Personas Defensores de los Derechos Humanos y Periodistas.<\/p>\n<p>Y en adelante, la FGR podr\u00e1 atraer casos del fuero com\u00fan en los supuestos previstos en la Constituci\u00f3n, tratados internacionales, leyes aplicables, y, las v\u00edctimas tambi\u00e9n podr\u00e1n solicitar a la Fiscal\u00eda ejercer su facultad de atracci\u00f3n.<\/p>\n<p>Lo importante es que se cierra un ciclo, 3 a\u00f1os de una legislatura que tramit\u00f3 a veces hasta casi la violencia, temas como el de la creaci\u00f3n de la Guardia Nacional o la designaci\u00f3n de la nueva presidenta de la Comisi\u00f3n de Derechos Humanos y ni qu\u00e9 decir de la conflictiva extensi\u00f3n de la presidencia del presidente de la Suprema Corte.<\/p>\n<p>Ayer concluy\u00f3 as\u00ed, con aprobaci\u00f3n de dict\u00e1menes casi por unanimidad, la 64 Legislatura que todav\u00eda tiene vigencia legal, aunque sin m\u00e1s trabajos ni plenos, hasta la medianoche del 31 de agosto.<\/p>\n<p>Se habla de posibles extraordinarios, pero la realidad es que dentro del proceso electoral en curso, ser\u00e1 muy dif\u00edcil que las fuerzas pol\u00edticas en guerra comicial pudieran acceder a ning\u00fan otro pleno en el Senado o en la C\u00e1mara de Diputados.<\/p>\n<p>Quedar\u00e1 para la historia de este per\u00edodo de la 4T las participaciones de los coordinadores predominantes, en el Senado, la de <strong>Ricardo Monreal<\/strong> con sus sorprendentes acuerdos, y en San L\u00e1zaro, la actuaci\u00f3n primero de <strong>Mario Delgado<\/strong> y luego la de <strong>Ignacio Mier<\/strong>, quien result\u00f3 un verdadero fiasco, a quien seguro se recordar\u00e1 por afirmar que por sobre el Derecho est\u00e1 la Justicia.<\/p>\n<p>El Congreso regresar\u00e1 el 1 de septiembre con un nuevo equilibrio en la integraci\u00f3n de la C\u00e1mara de Diputados, donde no pocos esperan que Morena y <strong>Andr\u00e9s Manuel L\u00f3pez Obrador<\/strong> puedan perder la mayor\u00eda.<\/p>\n<p style=\"text-align: center;\"><strong>Entre Bartra y Mu\u00f1oz Ledo<\/strong><\/p>\n<p>Este es un tiempo en el que <strong>AMLO <\/strong>entra ya muy da\u00f1ado a la parte final de su tercer a\u00f1o de gobierno y a una etapa crucial donde no s\u00f3lo pueblo, personajes y l\u00edderes califican de fallida a su administraci\u00f3n sino que muy reconocidos y respetados intelectuales de izquierda como <strong>Roger Batra<\/strong>, y ex aliados esenciales como <strong>Porfirio Mu\u00f1oz Ledo<\/strong> quien le coloc\u00f3 la banda presidencial, advierten graves peligros en su gesti\u00f3n.<\/p>\n<p>El soci\u00f3logo <strong>Roger Bartra<\/strong>, autor de <em>La jaula de la melancol\u00eda<\/em>, considera a AMLO una amenaza a la democracia y a la libertad, y lo ve como promotor de un populismo proveniente del siglo XIX, que se vendi\u00f3 como un dem\u00f3crata de izquierda que en los hechos se ha revelado como un populista de la m\u00e1s conservadora derecha, inspirado en el priismo autoritario de los a\u00f1os 60-70.<\/p>\n<p>El diputado<strong> Porfirio Mu\u00f1oz Ledo<\/strong>, ya con 86 a\u00f1os, afirma que <strong>L\u00f3pez Obrador<\/strong>, representa la \u201cdegradaci\u00f3n pol\u00edtica\u201d y, ante la pregunta de: \u00bfY a d\u00f3nde va esto?, responde: \u201cNo lo sabemos\u201d.<\/p>\n<p>No pocos consideran que el futuro del gobierno de AMLO es la tiran\u00eda plena, una dictadura, lo menos la autocracia.<\/p>\n<p>\u201cHay una especie de vuelta al pasado o una m\u00e1quina del tiempo. Atacar a los \u00f3rganos aut\u00f3nomos me parece una pol\u00edtica muy desquiciante, una pol\u00edtica muy desp\u00f3tica\u201d, afirma <strong>Mu\u00f1oz Ledo<\/strong>.<\/p>\n<p style=\"text-align: center;\"><strong>Pronunciamiento electoral<\/strong><\/p>\n<p>Declarado el 27 de junio como el D\u00eda Nacional de las Pymes mexicanas por la C\u00e1mara, el pri\u00edsta Jorge Hank Rhon, candidato del Pes a la Gubernatura de Baja California, consider\u00f3 que este es un sector absolutamente abandonado pese a que representa la mayor\u00eda del empleo formal y del PIB en M\u00e9xico.<\/p>\n<p>Por ello se comprometi\u00f3 a que, al menos en BC, si \u00e9l llega a la gubernatura, las Pymes recibir\u00e1n la mayor atenci\u00f3n: \u201cser\u00e9 su amigo y fuerte aliado\u201d, subray\u00f3.<\/p>\n<p><em><a href=\"mailto:rvizcainoa@gmail.com\" target=\"_blank\" rel=\"noopener noreferrer\">rvizcainoa@gmail.com<\/a><br \/>\n<u><a href=\"http:\/\/endirecto.mx\" target=\"_blank\" rel=\"noopener noreferrer\">www.endirecto.mx<\/a><br \/>\n<a href=\"https:\/\/twitter.com\/_rvizcaino\" target=\"_blank\" rel=\"noopener noreferrer\">@_RVizcaino<\/a><br \/>\n<a href=\"https:\/\/www.facebook.com\/rvizcainoa\" target=\"_blank\" rel=\"noopener noreferrer\">facebook.com\/rvizcainoa<\/a><\/u><\/em><\/p>\n","protected":false},"excerpt":{"rendered":"<p><span style=\"color: #005497;\"><strong>Roberto Vizca\u00edno<\/strong><\/span><br \/>\n<br \/>\nComo es pr\u00e1ctica com\u00fan, Senado y Diputados cerraron ayer la 64 Legislatura a tambor batiente. En sendas jornadas marat\u00f3nicas, tanto en Reforma e Insurgentes, como en San L\u00e1zaro, senadores y diputados acudieron al muy efectivo m\u00e9todo del <strong><em>fast-track<\/em><\/strong> para aprobar una veintena de iniciativas y nombramientos por dem\u00e1s importantes para el pa\u00eds.<\/p>\n","protected":false},"author":3,"featured_media":0,"comment_status":"open","ping_status":"open","sticky":false,"template":"","format":"standard","meta":{"_monsterinsights_skip_tracking":false,"_monsterinsights_sitenote_active":false,"_monsterinsights_sitenote_note":"","_monsterinsights_sitenote_category":0,"footnotes":""},"categories":[136],"tags":[43674,93,94],"class_list":["post-505228","post","type-post","status-publish","format-standard","hentry","category-roberto-vizcaino-opinion","tag-opinion","tag-roberto-vizcaino","tag-tras-la-puerta-del-poder"],"_links":{"self":[{"href":"https:\/\/www.diarioimagen.net\/index.php?rest_route=\/wp\/v2\/posts\/505228","targetHints":{"allow":["GET"]}}],"collection":[{"href":"https:\/\/www.diarioimagen.net\/index.php?rest_route=\/wp\/v2\/posts"}],"about":[{"href":"https:\/\/www.diarioimagen.net\/index.php?rest_route=\/wp\/v2\/types\/post"}],"author":[{"embeddable":true,"href":"https:\/\/www.diarioimagen.net\/index.php?rest_route=\/wp\/v2\/users\/3"}],"replies":[{"embeddable":true,"href":"https:\/\/www.diarioimagen.net\/index.php?rest_route=%2Fwp%2Fv2%2Fcomments&post=505228"}],"version-history":[{"count":0,"href":"https:\/\/www.diarioimagen.net\/index.php?rest_route=\/wp\/v2\/posts\/505228\/revisions"}],"wp:attachment":[{"href":"https:\/\/www.diarioimagen.net\/index.php?rest_route=%2Fwp%2Fv2%2Fmedia&parent=505228"}],"wp:term":[{"taxonomy":"category","embeddable":true,"href":"https:\/\/www.diarioimagen.net\/index.php?rest_route=%2Fwp%2Fv2%2Fcategories&post=505228"},{"taxonomy":"post_tag","embeddable":true,"href":"https:\/\/www.diarioimagen.net\/index.php?rest_route=%2Fwp%2Fv2%2Ftags&post=505228"}],"curies":[{"name":"wp","href":"https:\/\/api.w.org\/{rel}","templated":true}]}}