{"id":505249,"date":"2021-04-30T00:06:07","date_gmt":"2021-04-30T05:06:07","guid":{"rendered":"https:\/\/www.diarioimagen.net\/?p=505249"},"modified":"2021-05-02T23:55:06","modified_gmt":"2021-05-03T04:55:06","slug":"este-lunes-se-aplicara-la-segunda-dosis-en-nezahualcoyotl-y-texcoco","status":"publish","type":"post","link":"https:\/\/www.diarioimagen.net\/?p=505249","title":{"rendered":"Este lunes se aplicar\u00e1 la segunda dosis en Nezahualc\u00f3yotl y Texcoco"},"content":{"rendered":"<p>&nbsp;<\/p>\n<h3 style=\"text-align: center;\">A los adultos mayores<\/h3>\n<p>&nbsp;<\/p>\n<ul>\n<li><strong><em>Habilitar\u00e1n m\u00f3dulos peatonales y vehiculares para facilitar atenci\u00f3n<\/em><\/strong><\/li>\n<\/ul>\n<p>&nbsp;<\/p>\n<div id=\"attachment_505291\" style=\"width: 470px\" class=\"wp-caption aligncenter\"><a href=\"https:\/\/www.diarioimagen.net\/?attachment_id=505291\" rel=\"attachment wp-att-505291\"><img loading=\"lazy\" decoding=\"async\" aria-describedby=\"caption-attachment-505291\" class=\"size-full wp-image-505291\" src=\"https:\/\/www.diarioimagen.net\/wp-content\/uploads\/2021\/04\/EDOMEX-20.jpg\" alt=\"\" width=\"460\" height=\"270\" \/><\/a><p id=\"caption-attachment-505291\" class=\"wp-caption-text\">Este lunes 3 de mayo iniciar\u00e1 la aplicaci\u00f3n de la segunda dosis de la vacuna contra COVID-19 a los adultos mayores de Nezahualc\u00f3yotl y Texcoco.<\/p><\/div>\n<p>&nbsp;<\/p>\n<p><strong>Toluca, Estado de M\u00e9xico.- <\/strong>Como parte de la Estrategia de Vacunaci\u00f3n que se lleva a cabo en territorio mexiquense, los gobiernos federal, del Estado de M\u00e9xico y de los ayuntamientos de Nezahualc\u00f3yotl y Texcoco informaron que el pr\u00f3ximo lunes 3 de mayo iniciar\u00e1 la aplicaci\u00f3n de la segunda dosis de la vacuna contra Covid-19 a los adultos mayores de dichas demarcaciones.<\/p>\n<p>En el municipio de Nezahualc\u00f3yotl se instalar\u00e1n seis m\u00f3dulos, cuatro de ellos de inmunizaci\u00f3n a pie, ubicados en la Unidad Administrativa Zona Norte, en Avenida Central Calle 35 s\/n esquina Avenida 6, colonia Campestre Guadalupana), Explanada del Palacio Municipal, con domicilio en Avenida Chimalhuac\u00e1n s\/n, colonia Benito Ju\u00e1rez, Deportivo Nezahualc\u00f3yotl, Calle San Esteban esquina Calle Sara Garc\u00eda, colonia Ampliaci\u00f3n Vicente Villada, y en la Preparatoria Colegio de la Comunidad incorporada a la UAEM, Calle Condesa s\/n esquina Aviaci\u00f3n Civil, colonia General Vicente Villada.<\/p>\n<p>Adem\u00e1s de dos m\u00f3dulos de vacunaci\u00f3n en la modalidad vehicular instalados en la Facultad de Estudios Superiores FES-Arag\u00f3n, Avenida Hacienda de Rancho Seco s\/n, colonia Impulsora Popular Av\u00edcola, y en el Deportivo Ciudad Jard\u00edn Bicentenario, Avenida Bordo de Xochiaca s\/n, colonia Ciudad Jard\u00edn.<\/p>\n<p>En Texcoco se dispondr\u00e1n dos m\u00f3dulos, uno peatonal en la Unidad Deportiva Silverio P\u00e9rez, San Mateo IV, Texcoco, y otro vehicular en el estacionamiento trasero de la Plaza Gran Patio Texcoco, Rancho El Palmar, Camino al Molino de las Flores s\/n, colonia Santa Cruz de Arriba.<\/p>\n<p>En ambas demarcaciones las personas que por diversas razones no puedan asistir el d\u00eda que les corresponde podr\u00e1n acudir a aplicarse la segunda dosis en los d\u00edas posteriores, presentando una identificaci\u00f3n oficial (INE o INAPAM), m\u00e1s la CURP y el contra-recibo otorgado en la primera aplicaci\u00f3n.<\/p>\n<p>La ubicaci\u00f3n de los m\u00f3dulos se puede consultar en www.edomex.gob.mx\/vacunacion.html. Autoridades enfatizaron que no es necesario pernoctar o llegar de madrugada a las sedes, y en la medida de lo posible tratar de escalonar su arribo para no exponerse a largas filas o aglomeraciones que pongan en riesgo su salud.<\/p>\n<p>A los adultos mayores de 60 a\u00f1os que por diversas razones no pudieron aplicarse la primera dosis, se les pide mantenerse atentos de los medios de comunicaci\u00f3n oficiales, a trav\u00e9s de los cuales se dar\u00e1n a conocer fechas y lugares donde podr\u00e1n vacunarse.<\/p>\n","protected":false},"excerpt":{"rendered":"<p>Como parte de la Estrategia de Vacunaci\u00f3n que se lleva a cabo en territorio mexiquense, los gobiernos federal, del Estado de M\u00e9xico y de los ayuntamientos de Nezahualc\u00f3yotl y Texcoco informaron que el pr\u00f3ximo lunes 3 de mayo iniciar\u00e1 la aplicaci\u00f3n de la segunda dosis de la vacuna contra Covid-19 a los adultos mayores de dichas demarcaciones.<\/p>\n","protected":false},"author":3,"featured_media":505291,"comment_status":"open","ping_status":"open","sticky":false,"template":"","format":"standard","meta":{"_monsterinsights_skip_tracking":false,"_monsterinsights_sitenote_active":false,"_monsterinsights_sitenote_note":"","_monsterinsights_sitenote_category":0,"footnotes":""},"categories":[5],"tags":[43675,1577,92714,540,452,4713],"class_list":["post-505249","post","type-post","status-publish","format-standard","has-post-thumbnail","hentry","category-estado-de-mexico","tag-estado-de-mexico","tag-nezahualcoyotl","tag-segunda-dosis","tag-texcoco","tag-toluca","tag-vacuna"],"_links":{"self":[{"href":"https:\/\/www.diarioimagen.net\/index.php?rest_route=\/wp\/v2\/posts\/505249","targetHints":{"allow":["GET"]}}],"collection":[{"href":"https:\/\/www.diarioimagen.net\/index.php?rest_route=\/wp\/v2\/posts"}],"about":[{"href":"https:\/\/www.diarioimagen.net\/index.php?rest_route=\/wp\/v2\/types\/post"}],"author":[{"embeddable":true,"href":"https:\/\/www.diarioimagen.net\/index.php?rest_route=\/wp\/v2\/users\/3"}],"replies":[{"embeddable":true,"href":"https:\/\/www.diarioimagen.net\/index.php?rest_route=%2Fwp%2Fv2%2Fcomments&post=505249"}],"version-history":[{"count":0,"href":"https:\/\/www.diarioimagen.net\/index.php?rest_route=\/wp\/v2\/posts\/505249\/revisions"}],"wp:featuredmedia":[{"embeddable":true,"href":"https:\/\/www.diarioimagen.net\/index.php?rest_route=\/wp\/v2\/media\/505291"}],"wp:attachment":[{"href":"https:\/\/www.diarioimagen.net\/index.php?rest_route=%2Fwp%2Fv2%2Fmedia&parent=505249"}],"wp:term":[{"taxonomy":"category","embeddable":true,"href":"https:\/\/www.diarioimagen.net\/index.php?rest_route=%2Fwp%2Fv2%2Fcategories&post=505249"},{"taxonomy":"post_tag","embeddable":true,"href":"https:\/\/www.diarioimagen.net\/index.php?rest_route=%2Fwp%2Fv2%2Ftags&post=505249"}],"curies":[{"name":"wp","href":"https:\/\/api.w.org\/{rel}","templated":true}]}}