{"id":505251,"date":"2021-04-30T00:05:44","date_gmt":"2021-04-30T05:05:44","guid":{"rendered":"https:\/\/www.diarioimagen.net\/?p=505251"},"modified":"2021-05-02T23:55:23","modified_gmt":"2021-05-03T04:55:23","slug":"mil-300-pacientes-covid-de-issemym-toluca-continuan-rehabilitacion","status":"publish","type":"post","link":"https:\/\/www.diarioimagen.net\/?p=505251","title":{"rendered":"Mil 300 pacientes Covid de ISSEMyM-Toluca contin\u00faan rehabilitaci\u00f3n"},"content":{"rendered":"<p>&nbsp;<\/p>\n<ul>\n<li><strong><em>Tratamientos para reforzar capacidad respiratoria<\/em><\/strong><\/li>\n<\/ul>\n<p><strong>\u00a0<\/strong><\/p>\n<div id=\"attachment_505288\" style=\"width: 470px\" class=\"wp-caption aligncenter\"><a href=\"https:\/\/www.diarioimagen.net\/?attachment_id=505288\" rel=\"attachment wp-att-505288\"><img loading=\"lazy\" decoding=\"async\" aria-describedby=\"caption-attachment-505288\" class=\"size-full wp-image-505288\" src=\"https:\/\/www.diarioimagen.net\/wp-content\/uploads\/2021\/04\/EDOMEX1-10.jpg\" alt=\"\" width=\"460\" height=\"270\" \/><\/a><p id=\"caption-attachment-505288\" class=\"wp-caption-text\">La capacitaci\u00f3n que los m\u00e9dicos requieren en esta materia abarca desde el primero hasta el tercer nivel de atenci\u00f3n.<\/p><\/div>\n<p>&nbsp;<\/p>\n<p><strong>Toluca, Estado de M\u00e9xico.- <\/strong>La rehabilitaci\u00f3n pulmonar es vital para los pacientes recuperados de COVID-19, por lo que es necesario considerar tratamientos adicionales para reforzar la capacidad respiratoria y mejorar la funci\u00f3n del organismo.<\/p>\n<p>De acuerdo con el Instituto de Seguridad Social del Estado de M\u00e9xico y Municipios (ISSEMyM), la atenci\u00f3n para pacientes post-Covid en el Centro M\u00e9dico ISSEMyM Toluca incluye seguimiento cl\u00ednico de las \u00e1reas de neumolog\u00eda, cardiolog\u00eda, neurolog\u00eda, psicolog\u00eda, cirug\u00eda de t\u00f3rax y rehabilitaci\u00f3n f\u00edsica.<\/p>\n<p>El objetivo es lograr la reactivaci\u00f3n de los pacientes que estuvieron hospitalizados, mediante la implementaci\u00f3n de protocolos de valoraci\u00f3n y seguimiento impartidos por el Instituto Nacional de Enfermedades Respiratorias, el Instituto Nacional de Rehabilitaci\u00f3n y el Hospital Central Militar, los cuales, permiten la implementaci\u00f3n de herramientas, conocimientos y habilidades m\u00e9dicas integrales.<\/p>\n<p>De acuerdo con la Instituci\u00f3n, la capacitaci\u00f3n que los m\u00e9dicos requieren en esta materia abarca desde el primero hasta el tercer nivel de atenci\u00f3n, por lo que personal de Salud de todas las Unidades M\u00e9dicas han recibido conocimientos sobre, cambios fisiopatol\u00f3gicos en el paciente con afecciones cardiopulmonares, impacto psicosocial, control de factores de riesgo y acondicionamiento f\u00edsico.<\/p>\n<p>Algunos de los aspectos fundamentales a trabajar en este tipo de pacientes son la adaptaci\u00f3n cardiopulmonar al ejercicio, rehabilitaci\u00f3n cardiaca, reserva ventilatoria ante el esfuerzo f\u00edsico, diferencias entre consumo m\u00e1ximo y consumo pico de ox\u00edgeno, atenci\u00f3n domiciliaria, entre otros.<\/p>\n<p>La dependencia de seguridad social agreg\u00f3 que actualmente alrededor de mil 300 pacientes post Covid-19 reciben atenci\u00f3n multidisciplinaria de manera presencial en las instalaciones del Centro M\u00e9dico ISSEMyM-Toluca, cuya mayor incidencia se registra en el g\u00e9nero femenino.<\/p>\n","protected":false},"excerpt":{"rendered":"<p>La rehabilitaci\u00f3n pulmonar es vital para los pacientes recuperados de COVID-19, por lo que es necesario considerar tratamientos adicionales para reforzar la capacidad respiratoria y mejorar la funci\u00f3n del organismo.<\/p>\n","protected":false},"author":3,"featured_media":505288,"comment_status":"open","ping_status":"open","sticky":false,"template":"","format":"standard","meta":{"_monsterinsights_skip_tracking":false,"_monsterinsights_sitenote_active":false,"_monsterinsights_sitenote_note":"","_monsterinsights_sitenote_category":0,"footnotes":""},"categories":[5],"tags":[91906,43675,92885,452],"class_list":["post-505251","post","type-post","status-publish","format-standard","has-post-thumbnail","hentry","category-estado-de-mexico","tag-covid","tag-estado-de-mexico","tag-issemym-toluca","tag-toluca"],"_links":{"self":[{"href":"https:\/\/www.diarioimagen.net\/index.php?rest_route=\/wp\/v2\/posts\/505251","targetHints":{"allow":["GET"]}}],"collection":[{"href":"https:\/\/www.diarioimagen.net\/index.php?rest_route=\/wp\/v2\/posts"}],"about":[{"href":"https:\/\/www.diarioimagen.net\/index.php?rest_route=\/wp\/v2\/types\/post"}],"author":[{"embeddable":true,"href":"https:\/\/www.diarioimagen.net\/index.php?rest_route=\/wp\/v2\/users\/3"}],"replies":[{"embeddable":true,"href":"https:\/\/www.diarioimagen.net\/index.php?rest_route=%2Fwp%2Fv2%2Fcomments&post=505251"}],"version-history":[{"count":0,"href":"https:\/\/www.diarioimagen.net\/index.php?rest_route=\/wp\/v2\/posts\/505251\/revisions"}],"wp:featuredmedia":[{"embeddable":true,"href":"https:\/\/www.diarioimagen.net\/index.php?rest_route=\/wp\/v2\/media\/505288"}],"wp:attachment":[{"href":"https:\/\/www.diarioimagen.net\/index.php?rest_route=%2Fwp%2Fv2%2Fmedia&parent=505251"}],"wp:term":[{"taxonomy":"category","embeddable":true,"href":"https:\/\/www.diarioimagen.net\/index.php?rest_route=%2Fwp%2Fv2%2Fcategories&post=505251"},{"taxonomy":"post_tag","embeddable":true,"href":"https:\/\/www.diarioimagen.net\/index.php?rest_route=%2Fwp%2Fv2%2Ftags&post=505251"}],"curies":[{"name":"wp","href":"https:\/\/api.w.org\/{rel}","templated":true}]}}