{"id":505253,"date":"2021-04-30T00:04:09","date_gmt":"2021-04-30T05:04:09","guid":{"rendered":"https:\/\/www.diarioimagen.net\/?p=505253"},"modified":"2021-04-30T06:20:47","modified_gmt":"2021-04-30T11:20:47","slug":"ayuntamiento-de-huixquilucan-se-deslinda-del-borrado-de-un-mural-en-honor-a-mujeres","status":"publish","type":"post","link":"https:\/\/www.diarioimagen.net\/?p=505253","title":{"rendered":"Ayuntamiento de Huixquilucan se deslinda del borrado de un mural en honor a mujeres"},"content":{"rendered":"<p>&nbsp;<\/p>\n<ul>\n<li><strong><em>Ha sido un aliado permanente de la lucha feminista<\/em><\/strong><\/li>\n<\/ul>\n<p>&nbsp;<\/p>\n<div id=\"attachment_505342\" style=\"width: 470px\" class=\"wp-caption aligncenter\"><a href=\"https:\/\/www.diarioimagen.net\/?attachment_id=505342\" rel=\"attachment wp-att-505342\"><img loading=\"lazy\" decoding=\"async\" aria-describedby=\"caption-attachment-505342\" class=\"size-full wp-image-505342\" src=\"https:\/\/www.diarioimagen.net\/wp-content\/uploads\/2021\/04\/CAMACHO30-a.jpg\" alt=\"\" width=\"460\" height=\"270\" \/><\/a><p id=\"caption-attachment-505342\" class=\"wp-caption-text\">El gobierno de Huixquilucan se deslinda sobre el aparente borrado de un mural en honor a las v\u00edctimas de ataques con \u00e1cido.<\/p><\/div>\n<p>&nbsp;<\/p>\n<p><strong>Huixquilucan, Estado de M\u00e9xico<\/strong>.- Con respecto a los se\u00f1alamientos realizados por la Fundaci\u00f3n Carmen S\u00e1nchez MX sobre el aparente borrado de un mural en honor a las v\u00edctimas de ataques con \u00e1cido, el gobierno de Huixquilucan precisa lo siguiente:<\/p>\n<p><strong>1.<\/strong>\u00a0 Se niegan y rechazan categ\u00f3ricamente las acusaciones vertidas sobre esta administraci\u00f3n, toda vez que el gobierno municipal ha sido un aliado permanente de la lucha feminista, para lograr que las mujeres tengan una vida libre de violencia.<\/p>\n<p>2<strong>.<\/strong> Ninguno de los servidores p\u00fablicos que laboran en este gobierno, ha asumido la tarea de realizar el blanqueamiento de bardas y\/o mobiliario urbano. Desde que inici\u00f3 el proceso electoral 2020-2021, esa ha sido una responsabilidad de particulares, en la que la administraci\u00f3n municipal no tiene ni tendr\u00e1 alguna injerencia.<\/p>\n<p><strong>3.<\/strong>\u00a0 Durante el mes de marzo, un partido pol\u00edtico con presencia en Huixquilucan hizo del conocimiento p\u00fablico que voluntariamente ced\u00eda los espacios de este tipo a colectivos feministas para apoyar su lucha; sin embargo, recientemente, se ha observado que estos mensajes han ido desapareciendo paulatinamente para colocar propaganda pol\u00edtica a su favor.<\/p>\n<p><strong>4.<\/strong>\u00a0 En todo este tiempo y como siempre ha sucedido, el gobierno municipal respet\u00f3 esos mensajes de concientizaci\u00f3n sobre la violencia de g\u00e9nero, por lo que resulta extra\u00f1o que, ante el inicio del proceso electoral, se quiera atribuir la desaparici\u00f3n de uno de ellos a esta administraci\u00f3n, lo que parece ser m\u00e1s una campa\u00f1a de desprestigio de manera equ\u00edvoca.<\/p>\n<p><strong>5.<\/strong>\u00a0 En los se\u00f1alamientos, se atribuye la acci\u00f3n err\u00f3neamente al alcalde con licencia, Enrique Vargas del Villar, quien, como parte de sus derechos pol\u00edtico-electorales, se separ\u00f3 del cargo desde el pasado 15 de abril, por lo que las decisiones de gobierno no recaen en \u00e9l, desde entonces.<\/p>\n<p>6<strong>.<\/strong>\u00a0 El gobierno de Huixquilucan siempre se ha pronunciado a favor de la lucha de las mujeres para lograr que vivan en paz, por lo que se ha sumado al Paro Nacional de Mujeres, ha respetado las diversas expresiones que se han realizado para concientizar sobre esta problem\u00e1tica y, especialmente, ha buscado el empoderamiento de este g\u00e9nero, a trav\u00e9s de acciones de gobierno.<\/p>\n","protected":false},"excerpt":{"rendered":"<p>Con respecto a los se\u00f1alamientos realizados por la Fundaci\u00f3n Carmen S\u00e1nchez MX sobre el aparente borrado de un mural en honor a las v\u00edctimas de ataques con \u00e1cido, el gobierno de Huixquilucan precisa lo siguiente:<\/p>\n","protected":false},"author":3,"featured_media":505342,"comment_status":"open","ping_status":"open","sticky":false,"template":"","format":"standard","meta":{"_monsterinsights_skip_tracking":false,"_monsterinsights_sitenote_active":false,"_monsterinsights_sitenote_note":"","_monsterinsights_sitenote_category":0,"footnotes":""},"categories":[5],"tags":[92886,43675,1097,81349],"class_list":["post-505253","post","type-post","status-publish","format-standard","has-post-thumbnail","hentry","category-estado-de-mexico","tag-borrado","tag-estado-de-mexico","tag-huixquilucan","tag-mural"],"_links":{"self":[{"href":"https:\/\/www.diarioimagen.net\/index.php?rest_route=\/wp\/v2\/posts\/505253","targetHints":{"allow":["GET"]}}],"collection":[{"href":"https:\/\/www.diarioimagen.net\/index.php?rest_route=\/wp\/v2\/posts"}],"about":[{"href":"https:\/\/www.diarioimagen.net\/index.php?rest_route=\/wp\/v2\/types\/post"}],"author":[{"embeddable":true,"href":"https:\/\/www.diarioimagen.net\/index.php?rest_route=\/wp\/v2\/users\/3"}],"replies":[{"embeddable":true,"href":"https:\/\/www.diarioimagen.net\/index.php?rest_route=%2Fwp%2Fv2%2Fcomments&post=505253"}],"version-history":[{"count":0,"href":"https:\/\/www.diarioimagen.net\/index.php?rest_route=\/wp\/v2\/posts\/505253\/revisions"}],"wp:featuredmedia":[{"embeddable":true,"href":"https:\/\/www.diarioimagen.net\/index.php?rest_route=\/wp\/v2\/media\/505342"}],"wp:attachment":[{"href":"https:\/\/www.diarioimagen.net\/index.php?rest_route=%2Fwp%2Fv2%2Fmedia&parent=505253"}],"wp:term":[{"taxonomy":"category","embeddable":true,"href":"https:\/\/www.diarioimagen.net\/index.php?rest_route=%2Fwp%2Fv2%2Fcategories&post=505253"},{"taxonomy":"post_tag","embeddable":true,"href":"https:\/\/www.diarioimagen.net\/index.php?rest_route=%2Fwp%2Fv2%2Ftags&post=505253"}],"curies":[{"name":"wp","href":"https:\/\/api.w.org\/{rel}","templated":true}]}}