{"id":505260,"date":"2021-04-30T00:01:18","date_gmt":"2021-04-30T05:01:18","guid":{"rendered":"https:\/\/www.diarioimagen.net\/?p=505260"},"modified":"2021-04-30T05:00:46","modified_gmt":"2021-04-30T10:00:46","slug":"grupo-presidente-en-alianza-con-intercontinental-hotels-resorts-ihg-abrio-staybridge-suites-guadalajara-novena","status":"publish","type":"post","link":"https:\/\/www.diarioimagen.net\/?p=505260","title":{"rendered":"Grupo Presidente, en alianza con <em>InterContinental Hotels &#038; Resorts<\/em> (iHG), abri\u00f3 <em>Staybridge Suites Guadalajara Novena<\/em>"},"content":{"rendered":"<h2>De cinco estrellas<\/h2>\n<h5>Victoria Gonz\u00e1lez Prado<\/h5>\n<p>&nbsp;<\/p>\n<ul>\n<li><strong>Shop Small<em> de <\/em>American Express<em>, apoya la reactivaci\u00f3n econ\u00f3mica para beneficiar a m\u00e1s de 770 mil peque\u00f1os establecimientos<\/em><\/strong><\/li>\n<li><strong><em>Con inversi\u00f3n de m\u00e1s de 100 millones de d\u00f3lares, abrir\u00e1 en 2022, complejo <\/em>Wyndham Grand Mexico City<em> y <\/em>Esplendor by Wyndham La Condesa <\/strong><\/li>\n<\/ul>\n<p>&nbsp;<\/p>\n<div id=\"attachment_505282\" style=\"width: 470px\" class=\"wp-caption aligncenter\"><a href=\"https:\/\/www.diarioimagen.net\/?attachment_id=505282\" rel=\"attachment wp-att-505282\"><img loading=\"lazy\" decoding=\"async\" aria-describedby=\"caption-attachment-505282\" class=\"size-full wp-image-505282\" src=\"https:\/\/www.diarioimagen.net\/wp-content\/uploads\/2021\/04\/turismo-10.jpg\" alt=\"\" width=\"460\" height=\"270\" \/><\/a><p id=\"caption-attachment-505282\" class=\"wp-caption-text\">Braulio Arsuaga Losada.<\/p><\/div>\n<p>&nbsp;<\/p>\n<p>Grupo Presidente, en alianza con su socio <em>InterContinental Hotels &amp; <\/em>Resorts (iHG), abri\u00f3 <em>Staybridge Suites Guadalajara Novena,<\/em> propiedad n\u00famero 11 de la marca <em>Staybridge Suites<\/em> en el pa\u00eds.<\/p>\n<p>El inmueble est\u00e1 ubicado en el Centro Comercial Novena M\u00e9xico, desarrollo de uso mixto que cuenta con oficinas, restaurantes, agencias de autos y servicios de conveniencia, a 10 minutos de la glorieta La Minerva, y a solo 5 minutos del nuevo consulado de Estados Unidos, actualmente en construcci\u00f3n.<\/p>\n<p>Ideal para viajeros que pasan largas temporadas fuera de casa, y pensando en la comodidad de los hu\u00e9spedes cuenta servicio de lavander\u00eda, gimnasio, terraza al aire libre, y centro de negocios abierto las 24 horas, adem\u00e1s de aceptar mascotas gracias a su programa <em>pet friendly<\/em>. <em>Buffet <\/em>estilo americano en cortes\u00eda y como complemento, de martes a jueves en <em>The Social,<\/em> los hu\u00e9spedes pueden disfrutar canap\u00e9s, vino, cerveza y bebidas refrescantes, tambi\u00e9n en cortes\u00eda.<\/p>\n<p>En sus 12 pisos, se encuentran 119 suites equipadas con cocina, horno de microondas, parrillas, refrigerador, lavavajillas, vajilla de porcelana cristaler\u00eda, plancha, caja de seguridad, cafetera, TV HD 43\u201d, internet de alta velocidad, sof\u00e1 cama y un escritorio ejecutivo con una c\u00f3moda silla ergon\u00f3mica.<\/p>\n<p>El inmueble es propiedad de PIKIV, empresa conformada por varios grupos empresariales tapat\u00edos.<\/p>\n<p><strong>Braulio Arsuaga Losada<\/strong>, director general de Grupo Presidente dijo: <em>\u201c<\/em>Estamos muy emocionados con la apertura de este hotel ubicado en una regi\u00f3n tan importante y de visible crecimiento como lo es el estado de Jalisco\u201d.<\/p>\n<p>Porsu parte,<strong> Jorge Apaez<\/strong>, <em>Chief Operating Officer<\/em> para M\u00e9xico, Am\u00e9rica Latina y el Caribe en IHG, destac\u00f3: \u201cEl segmento de larga estancia juega un papel crucial y continuar\u00e1 siendo clave para la recuperaci\u00f3n del turismo de negocios y de la industria tur\u00edstica nacional en general. Abrir, de la mano de Grupo Presidente, la nueva propiedad nos enorgullece y en especial en un destino tan relevante como lo es Guadalajara\u201d.<\/p>\n<p><strong>\u00a0<\/strong><\/p>\n<p>\u2730\u2730\u2730\u2730\u2730 Con la intenci\u00f3n de conectar a m\u00e1s de 770 mil peque\u00f1as empresas con tarjetahabientes de\u00a0<em>American Express<\/em>, a trav\u00e9s de actividades de visibilidad y oferta para promover las ventas en estos negocios, la edici\u00f3n renovada\u00a0de\u00a0<em>Shop Small<\/em>\u00a0lleg\u00f3 a M\u00e9xico en este 2021<\/p>\n<p>Desde el 23 de abril al 20 de junio todos los tarjetahabientes de<em>\u00a0American Express<\/em>\u00a0ser\u00e1n recompensados por apoyar a sus peque\u00f1as empresas al recibir 100 pesos de reembolso al comprar por lo menos 100 pesos en diferentes establecimientos participantes en\u00a0<em>Shop Small<\/em>, (hasta\u00a0cinco veces, 500 pesos). El reembolso se reflejar\u00e1 en el estado de cuenta del cliente.\u00a0Para poder disfrutar la bonificaci\u00f3n, deber\u00e1n registrarse en <em>Shop Small<\/em>\u00a0a trav\u00e9s del servicio en l\u00ednea o\u00a0<em>Amex App<\/em>\u00a0y realizar la compra con la misma tarjeta.<\/p>\n<p>Como es bien sabido, el impacto econ\u00f3mico por el Covid-19 se sinti\u00f3 en el mundo entero, y el sector de las peque\u00f1as y medianas empresas fue\u00a0uno de los m\u00e1s afectados. De enero a diciembre de 2020, seg\u00fan el INEGI, s\u00f3lo sobrevivieron 3.9 millones de micro, peque\u00f1as y medianas empresas, un mill\u00f3n menos de las registradas en el Censo de 2019.<\/p>\n<p>Este tipo de negocios, que representan m\u00e1s de 90\u00a0por ciento del total de empresas, generan entre 60 y 70\u00a0por ciento del empleo, y son las responsables del 50\u00a0por ciento del Producto Interior Bruto (PIB) a nivel mundial, seg\u00fan los datos del Consejo Internacional para la peque\u00f1a empresa, por eso la importancia que\u00a0la casa crediticia\u00a0ve en accionar iniciativas que impulsen su reactivaci\u00f3n.<\/p>\n<p><strong>Santiago Fern\u00e1ndez Vidal<\/strong>, presidente y director general de la compa\u00f1\u00eda coment\u00f3: \u201c<em>Shop Sma<\/em>ll apoya el comercio local impulsamos la econom\u00eda del pa\u00eds. Estamos convencidos que conectar a nuestros tarjetahabientes y establecimientos hace la diferencia para fomentar el desarrollo de nuestras comunidades\u201d.<\/p>\n<p>De acuerdo con informaci\u00f3n de la agencia de investigaci\u00f3n <em>Kantar3<\/em>, el aumento del consumo local de bienes y servicios, es tendencia internacional que probablemente continuar\u00e1 a medida que el mundo vaya saliendo del confinamiento. 65\u00a0por ciento de los consumidores ahora prefiere comprar bienes y servicios en su pa\u00eds.<\/p>\n<p>Asimismo, la relaci\u00f3n calidad-precio ser\u00e1 tendencia mundial pues el porcentaje de consumidores que dice prestar \u201cm\u00e1s atenci\u00f3n a los precios\u201d aument\u00f3 de 59 a 68\u00a0por ciento de marzo a abrll de 2020.<\/p>\n<p>Adem\u00e1s, 45 por ciento cree que las marcas deber\u00edan hacer m\u00e1s para ayudar a los consumidore ofreciendo descuentos y promociones.<\/p>\n<p>Para m\u00e1s informaci\u00f3n sobre c\u00f3mo participar en el programa\u00a0<em>Shop Small, visita: <\/em>www.shopsmall.mx<\/p>\n<p>\u2730\u2730\u2730\u2730\u2730 Con inversi\u00f3n de m\u00e1s de 100 millones de d\u00f3lares, Grupo Murano propietario del complejo <em>Wyndham Grand Mexico City y Esplendor by Wyndham La Condesa \u2014que abrir\u00e1 a principios de 2022\u2014 <\/em>buscan ser los nuevos <em>hotspot<\/em> de la Ciudad de M\u00e9xico.<\/p>\n<p><strong>Eduardo Cruz del R\u00edo<\/strong>, vicepresidente de Operaciones para Latinoam\u00e9rica y el Caribe de la marca hotelera dijo: \u201cconfiamos plenamente en la recuperaci\u00f3n de la industria tur\u00edstica del pa\u00eds, sobre todo en la Ciudad de M\u00e9xico, que es uno de los centros de negocios y esparcimiento m\u00e1s importantes del territorio mexicano La apertura de esta nueva propuesta no s\u00f3lo beneficia a los amantes de la hospitalidad, sino tambi\u00e9n tiene un impacto profundo en la comunidad\u00a8.<\/p>\n<p>Los hoteles, est\u00e1n basadas en complejo a gran escala que brinda hospitalidad, experiencia urbana, sofisticada y disruptiva, con dise\u00f1o inspirado en lo mejor de la cultura local.<\/p>\n<p>El complejo tendr\u00e1 la oferta de valor m\u00e1s integral de la zona al combinar dos hoteles que albergar\u00e1n 408 habitaciones y suites, dos <em>rooftops <\/em>con vistas panor\u00e1micas de la ciudad, variedad de oferta gastron\u00f3mica, amplios salones para eventos, adem\u00e1s de extensa gama de servicios como: <em>Club lounge, coworking space, concierge,<\/em> <em>in room dining<\/em> 24 horas, <em>pets program<\/em>, todo esto atendido por personal altamente comprometido.<\/p>\n<p>Los inmuebles se ubicar\u00e1n en el emblem\u00e1tico Conjunto Aristos construido por el arquitecto <strong>Jos\u00e9 Luis Benlliure<\/strong> en la d\u00e9cada de los 60, <em>\u2014<\/em>una de las obras de la arquitectura moderna mexicana m\u00e1s importantes del siglo XX<em>\u2014<\/em>. Las dos marcas \u2013en el mismo espacio\u2013 compartir\u00e1n servicios y \u00e1reas comunes, lo que permitir\u00e1 a hu\u00e9spedes disfrutar de las amenidades, ubicaci\u00f3n, estilo, arquitectura y dise\u00f1o en mismo espacio.<\/p>\n<p>&nbsp;<\/p>\n<blockquote>\n<p style=\"text-align: right;\">\u201c<strong>El<\/strong> <strong>\u00e1ngel de la fama tiene sus alas hechas de papel&#8230; peri\u00f3dico\u201d.<br \/>\n<\/strong><\/p>\n<\/blockquote>\n<p>&nbsp;<\/p>\n<p><em><span class=\"Apple-converted-space\"><a href=\"mailto:victoriagprado@gmail.com\" target=\"_blank\" rel=\"noopener noreferrer\">victoriagprado@gmail.com<\/a><br \/>\nTwitter: <a href=\"https:\/\/twitter.com\/victoriagprado\" target=\"_blank\" rel=\"noopener noreferrer\">@victoriagprado<\/a><\/span><\/em><\/p>\n","protected":false},"excerpt":{"rendered":"<p>Grupo Presidente, en alianza con su socio <em>InterContinental Hotels &#038; <\/em>Resorts (iHG), abri\u00f3 <em>Staybridge Suites Guadalajara Novena,<\/em> propiedad n\u00famero 11 de la marca <em>Staybridge Suites<\/em> en el pa\u00eds.<\/p>\n","protected":false},"author":3,"featured_media":505282,"comment_status":"open","ping_status":"open","sticky":false,"template":"","format":"standard","meta":{"_monsterinsights_skip_tracking":false,"_monsterinsights_sitenote_active":false,"_monsterinsights_sitenote_note":"","_monsterinsights_sitenote_category":0,"footnotes":""},"categories":[11],"tags":[107,43674,43681,106],"class_list":["post-505260","post","type-post","status-publish","format-standard","has-post-thumbnail","hentry","category-turismo","tag-de-cinco-estrellas","tag-opinion","tag-turismo","tag-victoria-gonzalez-prado"],"_links":{"self":[{"href":"https:\/\/www.diarioimagen.net\/index.php?rest_route=\/wp\/v2\/posts\/505260","targetHints":{"allow":["GET"]}}],"collection":[{"href":"https:\/\/www.diarioimagen.net\/index.php?rest_route=\/wp\/v2\/posts"}],"about":[{"href":"https:\/\/www.diarioimagen.net\/index.php?rest_route=\/wp\/v2\/types\/post"}],"author":[{"embeddable":true,"href":"https:\/\/www.diarioimagen.net\/index.php?rest_route=\/wp\/v2\/users\/3"}],"replies":[{"embeddable":true,"href":"https:\/\/www.diarioimagen.net\/index.php?rest_route=%2Fwp%2Fv2%2Fcomments&post=505260"}],"version-history":[{"count":0,"href":"https:\/\/www.diarioimagen.net\/index.php?rest_route=\/wp\/v2\/posts\/505260\/revisions"}],"wp:featuredmedia":[{"embeddable":true,"href":"https:\/\/www.diarioimagen.net\/index.php?rest_route=\/wp\/v2\/media\/505282"}],"wp:attachment":[{"href":"https:\/\/www.diarioimagen.net\/index.php?rest_route=%2Fwp%2Fv2%2Fmedia&parent=505260"}],"wp:term":[{"taxonomy":"category","embeddable":true,"href":"https:\/\/www.diarioimagen.net\/index.php?rest_route=%2Fwp%2Fv2%2Fcategories&post=505260"},{"taxonomy":"post_tag","embeddable":true,"href":"https:\/\/www.diarioimagen.net\/index.php?rest_route=%2Fwp%2Fv2%2Ftags&post=505260"}],"curies":[{"name":"wp","href":"https:\/\/api.w.org\/{rel}","templated":true}]}}