{"id":505344,"date":"2021-04-30T00:01:21","date_gmt":"2021-04-30T05:01:21","guid":{"rendered":"https:\/\/www.diarioimagen.net\/?p=505344"},"modified":"2021-04-30T06:26:33","modified_gmt":"2021-04-30T11:26:33","slug":"david-parra-candidato-a-diputado-por-el-distrito-32","status":"publish","type":"post","link":"https:\/\/www.diarioimagen.net\/?p=505344","title":{"rendered":"David Parra, candidato a diputado por el Distrito 32"},"content":{"rendered":"<p>&nbsp;<\/p>\n<p><a href=\"https:\/\/www.diarioimagen.net\/?attachment_id=505345\" rel=\"attachment wp-att-505345\"><img loading=\"lazy\" decoding=\"async\" class=\"aligncenter size-full wp-image-505345\" src=\"https:\/\/www.diarioimagen.net\/wp-content\/uploads\/2021\/04\/CAMACHO30-d.jpg\" alt=\"\" width=\"460\" height=\"270\" \/><\/a><\/p>\n<p>&nbsp;<\/p>\n<p><strong>Naucalpan, Estado de M\u00e9xico.\u2013<\/strong> David Parra inicia campa\u00f1a para ser candidato a diputado del Distrito 32. La ciudadan\u00eda naucalpense necesita a un buen l\u00edder, una persona comprometida y responsable con las decisiones de los ciudadanos.<\/p>\n<p>Cabe mencionar que el candidato tiene m\u00e1s de tres d\u00e9cadas al en servir a su municipio. Un personaje en la pol\u00edtica que ha escalado su carrera pol\u00edtica desde cero, ha ocupado diversos cargos p\u00fablicos y obtenido grandes logros, por eso es considerado la mejor opci\u00f3n para los y las naucalpenses.<\/p>\n","protected":false},"excerpt":{"rendered":"<p>David Parra inicia campa\u00f1a para ser candidato a diputado del Distrito 32. La ciudadan\u00eda naucalpense necesita a un buen l\u00edder, una persona comprometida y responsable con las decisiones de los ciudadanos.<\/p>\n","protected":false},"author":1,"featured_media":505345,"comment_status":"open","ping_status":"open","sticky":false,"template":"","format":"standard","meta":{"_monsterinsights_skip_tracking":false,"_monsterinsights_sitenote_active":false,"_monsterinsights_sitenote_note":"","_monsterinsights_sitenote_category":0,"footnotes":""},"categories":[5],"tags":[91497,43675,970],"class_list":["post-505344","post","type-post","status-publish","format-standard","has-post-thumbnail","hentry","category-estado-de-mexico","tag-david-parra","tag-estado-de-mexico","tag-naucalpan"],"_links":{"self":[{"href":"https:\/\/www.diarioimagen.net\/index.php?rest_route=\/wp\/v2\/posts\/505344","targetHints":{"allow":["GET"]}}],"collection":[{"href":"https:\/\/www.diarioimagen.net\/index.php?rest_route=\/wp\/v2\/posts"}],"about":[{"href":"https:\/\/www.diarioimagen.net\/index.php?rest_route=\/wp\/v2\/types\/post"}],"author":[{"embeddable":true,"href":"https:\/\/www.diarioimagen.net\/index.php?rest_route=\/wp\/v2\/users\/1"}],"replies":[{"embeddable":true,"href":"https:\/\/www.diarioimagen.net\/index.php?rest_route=%2Fwp%2Fv2%2Fcomments&post=505344"}],"version-history":[{"count":0,"href":"https:\/\/www.diarioimagen.net\/index.php?rest_route=\/wp\/v2\/posts\/505344\/revisions"}],"wp:featuredmedia":[{"embeddable":true,"href":"https:\/\/www.diarioimagen.net\/index.php?rest_route=\/wp\/v2\/media\/505345"}],"wp:attachment":[{"href":"https:\/\/www.diarioimagen.net\/index.php?rest_route=%2Fwp%2Fv2%2Fmedia&parent=505344"}],"wp:term":[{"taxonomy":"category","embeddable":true,"href":"https:\/\/www.diarioimagen.net\/index.php?rest_route=%2Fwp%2Fv2%2Fcategories&post=505344"},{"taxonomy":"post_tag","embeddable":true,"href":"https:\/\/www.diarioimagen.net\/index.php?rest_route=%2Fwp%2Fv2%2Ftags&post=505344"}],"curies":[{"name":"wp","href":"https:\/\/api.w.org\/{rel}","templated":true}]}}