{"id":505348,"date":"2021-05-03T00:05:32","date_gmt":"2021-05-03T05:05:32","guid":{"rendered":"https:\/\/www.diarioimagen.net\/?p=505348"},"modified":"2021-05-03T22:30:29","modified_gmt":"2021-05-04T03:30:29","slug":"responsable-ejercicio-de-finanzas-en-uaem-alfredo-barrera-baca","status":"publish","type":"post","link":"https:\/\/www.diarioimagen.net\/?p=505348","title":{"rendered":"Responsable ejercicio de finanzas en UAEM: Alfredo Barrera Baca"},"content":{"rendered":"<p>&nbsp;<\/p>\n<ul>\n<li><strong><em>Tras aprobarse los estados financieros del primer trimestre de 2021, el rector se\u00f1al\u00f3 que la instituci\u00f3n cuenta con un saldo a favor que permitir\u00e1 a la instituci\u00f3n afrontar sus compromisos durante el transcurso del a\u00f1o<\/em><\/strong><\/li>\n<\/ul>\n<p><strong>\u00a0<\/strong><\/p>\n<div id=\"attachment_505438\" style=\"width: 470px\" class=\"wp-caption aligncenter\"><a href=\"https:\/\/www.diarioimagen.net\/?attachment_id=505438\" rel=\"attachment wp-att-505438\"><img loading=\"lazy\" decoding=\"async\" aria-describedby=\"caption-attachment-505438\" class=\"size-full wp-image-505438\" src=\"https:\/\/www.diarioimagen.net\/wp-content\/uploads\/2021\/05\/Uaem.jpg\" alt=\"\" width=\"460\" height=\"270\" \/><\/a><p id=\"caption-attachment-505438\" class=\"wp-caption-text\">El rector de la UAEM, Alfredo Barrera Baca, presidi\u00f3 la sesi\u00f3n ordinaria del H. Consejo Universitario, correspondiente al mes de abril.<\/p><\/div>\n<p>&nbsp;<\/p>\n<p><strong>Toluca, Estado de M\u00e9xico.\u2013 <\/strong>Resultado del ejercicio y aplicaci\u00f3n responsable de las finanzas, la Universidad Aut\u00f3noma del Estado de M\u00e9xico podr\u00e1 afrontar sus compromisos durante el transcurso del a\u00f1o, sostuvo el rector Alfredo Barrera Baca al presidir la sesi\u00f3n ordinaria del H. Consejo Universitario, correspondiente al mes de abril.<\/p>\n<p>Luego de que el m\u00e1ximo \u00f3rgano colegiado de la UAEM aprob\u00f3 por unanimidad los estados financieros del primer trimestre de 2021, el rector se\u00f1al\u00f3 que la Aut\u00f3noma mexiquense cuenta con un saldo a favor.<\/p>\n<p>Asimismo, se aprobaron los estados financieros del cuarto trimestre del ejercicio fiscal 2020 de los cuales destacan, entre otros aspectos, por el pago puntual de las responsabilidades de la Aut\u00f3noma mexiquense ante el ISSEMyM.<\/p>\n<p>Durante esta sesi\u00f3n se aprob\u00f3 el presupuesto de ingresos y egresos para 2021 que considera las necesidades manifestadas por todos los espacios universitarios y que permitir\u00e1, entre otros beneficios, continuar entregando becas para los alumnos que m\u00e1s lo necesitan.<\/p>\n<p>Ante el pleno del \u00f3rgano universitario, Alfredo Barrera indic\u00f3 que se\u00a0 trata de un presupuesto incluyente que prioriza en las funciones sustantivas, pues pese al crecimiento de la matr\u00edcula estudiantil no se han incrementado las cuotas acad\u00e9micas desde 2009.<\/p>\n<p>El H. Consejo aprob\u00f3 la auditor\u00eda externa del ejercicio 2020 de la UAEM practicada por el despacho de contadores independientes Deghosa Internacional Consultores, que expresa que la situaci\u00f3n actual de esta Casa de Estudios refleja los avances obtenidos en los compromisos que permiten efectuar la rendici\u00f3n de cuentas a la sociedad.<\/p>\n<p>Finalmente, se instal\u00f3 el Comit\u00e9 de Depuraci\u00f3n de Saldos Contables de la Aut\u00f3noma mexiquense que ser\u00e1 un organismo t\u00e9cnico, colegiado y auxiliar de las \u00e1reas de finanzas y administraci\u00f3n que permitan depurar la contabilidad universitaria.<\/p>\n","protected":false},"excerpt":{"rendered":"<p>Resultado del ejercicio y aplicaci\u00f3n responsable de las finanzas, la Universidad Aut\u00f3noma del Estado de M\u00e9xico podr\u00e1 afrontar sus compromisos durante el transcurso del a\u00f1o, sostuvo el rector Alfredo Barrera Baca al presidir la sesi\u00f3n ordinaria del H. Consejo Universitario, correspondiente al mes de abril.<\/p>\n","protected":false},"author":3,"featured_media":505438,"comment_status":"open","ping_status":"open","sticky":false,"template":"","format":"standard","meta":{"_monsterinsights_skip_tracking":false,"_monsterinsights_sitenote_active":false,"_monsterinsights_sitenote_note":"","_monsterinsights_sitenote_category":0,"footnotes":""},"categories":[5],"tags":[58572,43675,452],"class_list":["post-505348","post","type-post","status-publish","format-standard","has-post-thumbnail","hentry","category-estado-de-mexico","tag-alfredo-barrera-baca","tag-estado-de-mexico","tag-toluca"],"_links":{"self":[{"href":"https:\/\/www.diarioimagen.net\/index.php?rest_route=\/wp\/v2\/posts\/505348","targetHints":{"allow":["GET"]}}],"collection":[{"href":"https:\/\/www.diarioimagen.net\/index.php?rest_route=\/wp\/v2\/posts"}],"about":[{"href":"https:\/\/www.diarioimagen.net\/index.php?rest_route=\/wp\/v2\/types\/post"}],"author":[{"embeddable":true,"href":"https:\/\/www.diarioimagen.net\/index.php?rest_route=\/wp\/v2\/users\/3"}],"replies":[{"embeddable":true,"href":"https:\/\/www.diarioimagen.net\/index.php?rest_route=%2Fwp%2Fv2%2Fcomments&post=505348"}],"version-history":[{"count":0,"href":"https:\/\/www.diarioimagen.net\/index.php?rest_route=\/wp\/v2\/posts\/505348\/revisions"}],"wp:featuredmedia":[{"embeddable":true,"href":"https:\/\/www.diarioimagen.net\/index.php?rest_route=\/wp\/v2\/media\/505438"}],"wp:attachment":[{"href":"https:\/\/www.diarioimagen.net\/index.php?rest_route=%2Fwp%2Fv2%2Fmedia&parent=505348"}],"wp:term":[{"taxonomy":"category","embeddable":true,"href":"https:\/\/www.diarioimagen.net\/index.php?rest_route=%2Fwp%2Fv2%2Fcategories&post=505348"},{"taxonomy":"post_tag","embeddable":true,"href":"https:\/\/www.diarioimagen.net\/index.php?rest_route=%2Fwp%2Fv2%2Ftags&post=505348"}],"curies":[{"name":"wp","href":"https:\/\/api.w.org\/{rel}","templated":true}]}}