{"id":505367,"date":"2021-05-03T00:02:29","date_gmt":"2021-05-03T05:02:29","guid":{"rendered":"https:\/\/www.diarioimagen.net\/?p=505367"},"modified":"2021-05-03T04:55:45","modified_gmt":"2021-05-03T09:55:45","slug":"romina-contreras-carrasco-inicia-campana-y-se-reporta-lista-para-gobernar-huixquilucan","status":"publish","type":"post","link":"https:\/\/www.diarioimagen.net\/?p=505367","title":{"rendered":"Romina Contreras Carrasco inicia campa\u00f1a y se reporta lista para gobernar Huixquilucan"},"content":{"rendered":"<p>&nbsp;<\/p>\n<ul>\n<li><strong><em>Continuidad a lo hecho en los \u00faltimos 6 a\u00f1os<\/em><\/strong><\/li>\n<\/ul>\n<p>&nbsp;<\/p>\n<div id=\"attachment_505488\" style=\"width: 470px\" class=\"wp-caption aligncenter\"><a href=\"https:\/\/www.diarioimagen.net\/?attachment_id=505488\" rel=\"attachment wp-att-505488\"><img loading=\"lazy\" decoding=\"async\" aria-describedby=\"caption-attachment-505488\" class=\"size-full wp-image-505488\" src=\"https:\/\/www.diarioimagen.net\/wp-content\/uploads\/2021\/05\/romina.jpg\" alt=\"\" width=\"460\" height=\"270\" \/><\/a><p id=\"caption-attachment-505488\" class=\"wp-caption-text\">La panista Romina Contreras Carrasco afirm\u00f3 estar lista para defender los logros que se han obtenido en los \u00faltimos seis a\u00f1os en Huixquilucan.<\/p><\/div>\n<p>&nbsp;<\/p>\n<p><strong>Huixquilucan, Estado de M\u00e9xico<\/strong>.- Al dar inicio a su campa\u00f1a pol\u00edtica en el primer minuto de este viernes, la candidata del Partido Acci\u00f3n Nacional (PAN) a la presidencia municipal de Huixquilucan, Romina Contreras Carrasco, afirm\u00f3 estar lista para defender los logros que se han obtenido en los \u00faltimos seis a\u00f1os y, al mismo tiempo, sentar las bases para mantener un gobierno serio y responsable, que d\u00e9 resultados a la gente y en el que participe un equipo preparado y alejado de las improvisaciones.<\/p>\n<p>\u201cEstoy lista para defender los logros que se han obtenido en estos casi seis a\u00f1os. Estoy lista para ser la pr\u00f3xima presidenta de Huixquilucan. Huixquilucan no quiere un gobierno de improvisaciones, ni de saltos al vac\u00edo. Seguiremos avanzando con un gobierno serio y responsable, un gobierno que sabe dar resultados, formado por hombres y mujeres profesionales, un gobierno que tiene a la gente preparada para saber gobernar y para dar resultados, eso es lo que somos nosotros, eso lo ofrecemos una vez m\u00e1s\u201d, asever\u00f3.<\/p>\n<p>Acompa\u00f1ada de los presidentes nacional del PAN\u00a0y de la Comisi\u00f3n Pol\u00edtica Nacional de ese instituto pol\u00edtico, Marko Cort\u00e9s Mendoza y\u00a0Santiago Creel Miranda, respectivamente, as\u00ed como de la senadora la Rep\u00fablica,\u00a0Josefina V\u00e1zquez Mota; Romina Contreras asegur\u00f3 que\u00a0tambi\u00e9n defender\u00e1 la casa de los huixquiluquenses, por lo que en esta campa\u00f1a pol\u00edtica se ondear\u00e1 la bandera de Acci\u00f3n Nacional en las calles y colonias que lo conforman, con la intenci\u00f3n de llevar el mensaje de prosperidad y de que, con trabajo, los ciudadanos pueden tener una mejor calidad de vida.<\/p>\n<p>\u201cHago un llamado a todos los sectores, a todos los grupos, a todas las mujeres y a todos los hombres de todos los rincones de Huixquilucan, para que salgamos a votar, para que defendamos este proyecto. Huixquilucan tiene un gobierno que est\u00e1 siempre disponible, que tiene ojos y o\u00eddos que siempre est\u00e1n atentos a las necesidades de la gente\u201d, sostuvo.<\/p>\n<p>En un ambiente de fiesta en la cabecera municipal y arropada por vecinos de las diversas comunidades como Allende, El Olivo, Jes\u00fas del Monte, La Retama, Palo Solo, Piedra Grande y San Fernando, entre muchas otras, la candidata panista se comprometi\u00f3 a hacer que Huixquilucan contin\u00fae siendo un municipio seguro y a luchar por todas las mujeres y familias que viven en Huixquilucan, por lo que asegur\u00f3 que ser\u00e1 una alcaldesa cercana con la gente y con ganas de atender y resolver las problem\u00e1ticas que se enfrenten.<\/p>\n<p>Romina Contreras afirm\u00f3 que Huixquilucan seguir\u00e1 siendo el municipio mejor calificado del Estado de M\u00e9xico y un referente a nivel nacional, a trav\u00e9s de un gobierno 24Siete, que brinde resultados y que tenga un trabajo permanente, como el que ha realizado en casi seis a\u00f1os al frente del Sistema Municipal DIF.<\/p>\n<p>Por su parte, el presidente nacional del PAN, Marko Cort\u00e9s, asever\u00f3 que Romina Contreras se convertir\u00e1 en la primera y mejor presidenta municipal que haya tenido Huixquilucan, pues mencion\u00f3 que la candidata panista es una mujer sensible, humana y que siempre est\u00e1 buscando c\u00f3mo ayudar a las personas.<\/p>\n<p>Indic\u00f3 que a esto se sumar\u00e1 un equipo con experiencia y conocimiento como el que conforma Romina Contreras, junto con Jos\u00e9 Antonio Garc\u00eda y Diego Rosas Anaya, candidatos a diputados federal y local por los distritos 18 y 17, respectivamente, quienes le han sabido cumplir a la gente con resultados, de la mano de Enrique Vargas del Villar.<\/p>\n<p>Finalmente, el presidente del PAN Estado de M\u00e9xico,\u00a0Jorge Inzunza Armas, afirm\u00f3 que Huixquilucan se ha convertido en la tierra del buen gobierno, pues el trabajo que se ha realizado en los \u00faltimos seis a\u00f1os, coloca a Romina Contreras como la candidata panista con mayor posibilidad de triunfo entre los 125 municipios mexiquenses.<\/p>\n<p>\u201cEsto tiene un por qu\u00e9, no es casualidad, no es de a gratis, es por el trabajo que se est\u00e1 haciendo en Huixquilucan, donde s\u00ed hay gobierno y las cosas se hacen bien, aqu\u00ed hay medicinas, hay atenci\u00f3n m\u00e9dica y se combate a la inseguridad, por eso Romina Contreras encabeza las encuestas y Acci\u00f3n Nacional va a repetir y triunfar el 06 de junio\u201d, puntualiz\u00f3.<\/p>\n","protected":false},"excerpt":{"rendered":"<p>Al dar inicio a su campa\u00f1a pol\u00edtica en el primer minuto de este viernes, la candidata del Partido Acci\u00f3n Nacional (PAN) a la presidencia municipal de Huixquilucan, Romina Contreras Carrasco, afirm\u00f3 estar lista para defender los logros que se han obtenido en los \u00faltimos seis a\u00f1os y, al mismo tiempo, sentar las bases para mantener un gobierno serio y responsable, que d\u00e9 resultados a la gente y en el que participe un equipo preparado y alejado de las improvisaciones.<\/p>\n","protected":false},"author":3,"featured_media":505488,"comment_status":"open","ping_status":"open","sticky":false,"template":"","format":"standard","meta":{"_monsterinsights_skip_tracking":false,"_monsterinsights_sitenote_active":false,"_monsterinsights_sitenote_note":"","_monsterinsights_sitenote_category":0,"footnotes":""},"categories":[5],"tags":[43675,1097,57674],"class_list":["post-505367","post","type-post","status-publish","format-standard","has-post-thumbnail","hentry","category-estado-de-mexico","tag-estado-de-mexico","tag-huixquilucan","tag-romina-contreras-carrasco"],"_links":{"self":[{"href":"https:\/\/www.diarioimagen.net\/index.php?rest_route=\/wp\/v2\/posts\/505367","targetHints":{"allow":["GET"]}}],"collection":[{"href":"https:\/\/www.diarioimagen.net\/index.php?rest_route=\/wp\/v2\/posts"}],"about":[{"href":"https:\/\/www.diarioimagen.net\/index.php?rest_route=\/wp\/v2\/types\/post"}],"author":[{"embeddable":true,"href":"https:\/\/www.diarioimagen.net\/index.php?rest_route=\/wp\/v2\/users\/3"}],"replies":[{"embeddable":true,"href":"https:\/\/www.diarioimagen.net\/index.php?rest_route=%2Fwp%2Fv2%2Fcomments&post=505367"}],"version-history":[{"count":0,"href":"https:\/\/www.diarioimagen.net\/index.php?rest_route=\/wp\/v2\/posts\/505367\/revisions"}],"wp:featuredmedia":[{"embeddable":true,"href":"https:\/\/www.diarioimagen.net\/index.php?rest_route=\/wp\/v2\/media\/505488"}],"wp:attachment":[{"href":"https:\/\/www.diarioimagen.net\/index.php?rest_route=%2Fwp%2Fv2%2Fmedia&parent=505367"}],"wp:term":[{"taxonomy":"category","embeddable":true,"href":"https:\/\/www.diarioimagen.net\/index.php?rest_route=%2Fwp%2Fv2%2Fcategories&post=505367"},{"taxonomy":"post_tag","embeddable":true,"href":"https:\/\/www.diarioimagen.net\/index.php?rest_route=%2Fwp%2Fv2%2Ftags&post=505367"}],"curies":[{"name":"wp","href":"https:\/\/api.w.org\/{rel}","templated":true}]}}