{"id":505370,"date":"2021-05-03T00:01:25","date_gmt":"2021-05-03T05:01:25","guid":{"rendered":"https:\/\/www.diarioimagen.net\/?p=505370"},"modified":"2021-05-03T04:57:41","modified_gmt":"2021-05-03T09:57:41","slug":"llama-david-parra-a-habitantes-de-naucalpan-a-la-defensa-de-mexico","status":"publish","type":"post","link":"https:\/\/www.diarioimagen.net\/?p=505370","title":{"rendered":"Llama David Parra a habitantes de Naucalpan a la defensa de M\u00e9xico"},"content":{"rendered":"<p>&nbsp;<\/p>\n<p>&nbsp;<\/p>\n<ul>\n<li><strong><em>Candidato del PAN-PRI-PRD al Distrito 32<\/em><\/strong><\/li>\n<\/ul>\n<p>&nbsp;<\/p>\n<div id=\"attachment_505491\" style=\"width: 470px\" class=\"wp-caption aligncenter\"><a href=\"https:\/\/www.diarioimagen.net\/?attachment_id=505491\" rel=\"attachment wp-att-505491\"><img loading=\"lazy\" decoding=\"async\" aria-describedby=\"caption-attachment-505491\" class=\"size-full wp-image-505491\" src=\"https:\/\/www.diarioimagen.net\/wp-content\/uploads\/2021\/05\/david-parra.jpg\" alt=\"\" width=\"460\" height=\"270\" \/><\/a><p id=\"caption-attachment-505491\" class=\"wp-caption-text\">David Parra S\u00e1nchez, candidato a diputado local por el distrito 32 del Edomex con cabecera en Naucalpan, reiter\u00f3 la trascendente lucha que dar\u00e1n como coalici\u00f3n electoral con el PAN, PRI y PRD.<\/p><\/div>\n<p>&nbsp;<\/p>\n<p><strong>Naucalpan, Estado de M\u00e9xico<\/strong>.- Con un llamado categ\u00f3rico a los habitantes de la Cuenca de San Mateo, a recuperar el pa\u00eds desde el Congreso Mexiquense, y todas y cada una de las instituciones que s\u00fabitamente han desaparecido con el poder de su voto.<\/p>\n<p>David Parra S\u00e1nchez, candidato a diputado local por el distrito 32 del Edomex con cabecera en Naucalpan, reiter\u00f3 la trascendente lucha que habr\u00e1n de dar como coalici\u00f3n electoral con el PAN, PRI y PRD, en defensa de M\u00e9xico.<\/p>\n<p>En la apertura de su campa\u00f1a electoral esta ma\u00f1ana en la colonia \u201cLa Presa Tejocote\u201d, y cuidando completamente las medidas sanitarias por el Covid-19, Parra S\u00e1nchez lament\u00f3 la falta de insumos, el mal manejo de la pandemia global, que han impactado de manera directa en la salud y la econom\u00eda de las familias, registrando una ca\u00edda extraordinaria en las fuentes de trabajo como en d\u00e9cadas no se ten\u00eda.<\/p>\n<p>Destac\u00f3 adem\u00e1s el incremento de la inseguridad, los elevados \u00edndices de delincuencia y violencia, as\u00ed como la impresionante pobreza alimentaria, extrema y patrimonial.<\/p>\n<p>Frente a los dirigentes municipales de los partidos aliados, de Acci\u00f3n Nacional, Romana Godoy, secretaria general, Lucina Cort\u00e9s Cornejo, del Partido del Sol Azteca, y de Ang\u00e9lica Del Valle, del tricolor, adelant\u00f3 el prop\u00f3sito de trabajar todos los d\u00edas desde el Congreso y sus oficinas, por superar de la adversidad el abandono de numerosas colonias populares del distrito electoral que representa.<\/p>\n<p>Plante\u00f3 ante l\u00edderes locales de la zona, de organizaciones sociales y vecinos, la urgente necesidad de implementar un programa de reordenamiento territorial sustentable que mejore la calidad de vida de sus habitantes, el medio ambiente y la movilidad, asu vez y dar certeza patrimonial a los habitantes de la demarcaci\u00f3n, al tiempo de potencializar la econom\u00eda.<\/p>\n<p>Por otra parte, pidi\u00f3 a la poblaci\u00f3n sobre todo de los pueblos originarios de Naucalpan el estricto cuidado y respeto a las fuentes naturales de agua, cuando la radiograf\u00eda de estas, es dram\u00e1tica, al contar con algunas de ellas totalmente \u201csecas\u201d por la sobreexplotaci\u00f3n indiscriminado de los mantos fre\u00e1ticos.<\/p>\n<p>Parra mostr\u00f3 su rechazo total a la pretensi\u00f3n del gobierno de la CDMX, de llevarse agua de la Presa Mad\u00edn a la alcald\u00eda Iztapalapa, y dejar sin el suministro a la demandante poblaci\u00f3n de esta localidad que, al menos el 60 por ciento es abastecida de este cuerpo de agua.<\/p>\n<p>Antes, las dirigentes municipales del PAN, PRI, PRD, coincidieron en que su liderazgo, trayectoria y trabajo permanente de 48 a\u00f1os, hace mucha falta para cambiar la actual realidad que se vive.<\/p>\n<p>Cabe resaltar que la apertura de campa\u00f1a, inici\u00f3 con un minuto de aplausos en homenaje a todas la personas que murieron por la Pandemia Global del Covid-19.<\/p>\n<p>&nbsp;<\/p>\n","protected":false},"excerpt":{"rendered":"<p>Con un llamado categ\u00f3rico a los habitantes de la Cuenca de San Mateo, a recuperar el pa\u00eds desde el Congreso Mexiquense, y todas y cada una de las instituciones que s\u00fabitamente han desaparecido con el poder de su voto.<\/p>\n","protected":false},"author":3,"featured_media":505491,"comment_status":"open","ping_status":"open","sticky":false,"template":"","format":"standard","meta":{"_monsterinsights_skip_tracking":false,"_monsterinsights_sitenote_active":false,"_monsterinsights_sitenote_note":"","_monsterinsights_sitenote_category":0,"footnotes":""},"categories":[5],"tags":[29035,43675,970],"class_list":["post-505370","post","type-post","status-publish","format-standard","has-post-thumbnail","hentry","category-estado-de-mexico","tag-david-parra-sanchez","tag-estado-de-mexico","tag-naucalpan"],"_links":{"self":[{"href":"https:\/\/www.diarioimagen.net\/index.php?rest_route=\/wp\/v2\/posts\/505370","targetHints":{"allow":["GET"]}}],"collection":[{"href":"https:\/\/www.diarioimagen.net\/index.php?rest_route=\/wp\/v2\/posts"}],"about":[{"href":"https:\/\/www.diarioimagen.net\/index.php?rest_route=\/wp\/v2\/types\/post"}],"author":[{"embeddable":true,"href":"https:\/\/www.diarioimagen.net\/index.php?rest_route=\/wp\/v2\/users\/3"}],"replies":[{"embeddable":true,"href":"https:\/\/www.diarioimagen.net\/index.php?rest_route=%2Fwp%2Fv2%2Fcomments&post=505370"}],"version-history":[{"count":0,"href":"https:\/\/www.diarioimagen.net\/index.php?rest_route=\/wp\/v2\/posts\/505370\/revisions"}],"wp:featuredmedia":[{"embeddable":true,"href":"https:\/\/www.diarioimagen.net\/index.php?rest_route=\/wp\/v2\/media\/505491"}],"wp:attachment":[{"href":"https:\/\/www.diarioimagen.net\/index.php?rest_route=%2Fwp%2Fv2%2Fmedia&parent=505370"}],"wp:term":[{"taxonomy":"category","embeddable":true,"href":"https:\/\/www.diarioimagen.net\/index.php?rest_route=%2Fwp%2Fv2%2Fcategories&post=505370"},{"taxonomy":"post_tag","embeddable":true,"href":"https:\/\/www.diarioimagen.net\/index.php?rest_route=%2Fwp%2Fv2%2Ftags&post=505370"}],"curies":[{"name":"wp","href":"https:\/\/api.w.org\/{rel}","templated":true}]}}