{"id":505384,"date":"2021-05-03T00:02:18","date_gmt":"2021-05-03T05:02:18","guid":{"rendered":"https:\/\/www.diarioimagen.net\/?p=505384"},"modified":"2021-05-03T00:56:48","modified_gmt":"2021-05-03T05:56:48","slug":"candidato-de-michoacan-ramirez-bedolla-dice-que-el-es-raul-moron","status":"publish","type":"post","link":"https:\/\/www.diarioimagen.net\/?p=505384","title":{"rendered":"Candidato de Michoac\u00e1n, Ram\u00edrez Bedolla, dice que \u00e9l es Ra\u00fal Mor\u00f3n"},"content":{"rendered":"<h2>La Retaguardia<\/h2>\n<h5>Adriana Moreno Cordero<\/h5>\n<p>&nbsp;<\/p>\n<ul>\n<li><strong><em>Simplemente \u201cJuanita\u201d, la nueva candidata de Morena en Guerrero<\/em><\/strong><\/li>\n<\/ul>\n<p>&nbsp;<\/p>\n<p>Como se sabe, <strong>Alfredo Ram\u00edrez Bedolla<\/strong> es el sustituto de <strong>Ra\u00fal Mor\u00f3n<\/strong> como candidato de Morena al gobierno de Michoac\u00e1n, e inmediatamente que se dio el relevo, arranc\u00f3 campa\u00f1a y lo que hay que reconocerle al ahora ex abanderado, es que a diferencia del impresentable <strong>F\u00e9lix Salgado Macedonio<\/strong>, no se fue por la v\u00eda de las <em>Juanitas<\/em> y eso que tuvo la posibilidad de hacerlo.<\/p>\n<p>Sin embargo, Ram\u00edrez Bedolla s\u00ed se lanz\u00f3 en contra tanto de los consejeros del INE, como de los magistrados del Tribunal Electoral del Poder Judicial de la Federaci\u00f3n (TEPJF), al se\u00f1alar, por ejemplo, que \u201clos canallas, sinverg\u00fcenzas, esos que usan el poder para negocios, que se creen due\u00f1os del pa\u00eds, y que se creen due\u00f1os de Michoac\u00e1n, intentaron frenarnos, pero estamos aqu\u00ed\u201d. Acto seguido, el candidato hizo especial hincapi\u00e9 en que \u00e9l era Mor\u00f3n y se deshizo en halagos para el ex abanderado, calific\u00e1ndolo como \u201cun gigante de la historia en Michoac\u00e1n\u201d. \u00bfSer\u00e1?<\/p>\n<p>Tantas \u201cflores\u201d y elogios deber\u00edan, por lo menos, despertar cierta suspicacia en Ra\u00fal Mor\u00f3n, pues no tendr\u00e1 la oportunidad de gobernar \u00e9l detr\u00e1s de la silla de Ram\u00edrez Bedolla; lo m\u00e1s probable es que llegando \u00e9ste \u00faltimo al Palacio de Gobierno de Morelia, -si es que las urnas le dan el triunfo-, el ahora candidato empezar\u00e1 a tomar distancia del \u201cgigante de la historia michoacana\u201d. De hecho, las apuestas ya se corren.<\/p>\n<p>Y qui\u00e9n s\u00ed quiso asegurar que ser\u00e1 \u00e9l y nadie m\u00e1s quien gobierne el estado de Guerrero, es Salgado Macedonio quien, sin sorpresa para nadie, trabaj\u00f3 arduamente para que su hija mayor, <strong>Evelyn Salgado Pineda<\/strong>, lo sustituyera en la candidatura morenista y para reconciliarse y tapar de esta manera los pleitos cada vez mayores que se dan en la c\u00fapula del partido oficial, el dirigente nacional de Morena, <strong>Mario Mart\u00edn Delgado<\/strong>, le ayud\u00f3 al senador con licencia para tratar de presentar como un ejercicio democr\u00e1tico, una burda, ilegal y arbitraria encuesta <em>patito<\/em> en la que Salgado Macedonio meti\u00f3 \u201ccon calzador\u201d a su hija para que hoy sea ya la flamante candidata del partido oficial al gobierno guerrerense y para ello le quit\u00f3 obst\u00e1culos con nombre y apellido: Beatriz Mojica a quien lo le qued\u00f3 m\u00e1s remedio que disciplinarse. Con raz\u00f3n, el senador con licencia dijo que su apellido aparecer\u00eda en la boleta electoral; as\u00ed, no hay posibilidad de error.<\/p>\n<p>Para que pudiera alcanzar la victoria, la candidata tuvo toda una estructura de propaganda a su servicio en la que fue presentada como \u201cla hija de F\u00e9lix Salgado\u201d, aunque quienes la cuestionaron no s\u00f3lo por las \u201cex benditas redes sociales\u201d, la conocen como simplemente <em>Juanita<\/em> y no, no ser\u00e1 Evelyn Salgado la que gobierne por 6 a\u00f1os Guerrero, sin duda alguna ser\u00e1 su padre, que se ha convertido, seg\u00fan lo dijo ella misma, en su gu\u00eda. No hay que olvidar que la experiencia de la se\u00f1ora Salgado Pineda en estas cuestiones, es m\u00ednima.<\/p>\n<p>Pero lo que tambi\u00e9n est\u00e1 de pensarse, son los presuntos v\u00ednculos que tendr\u00edan tanto Evelyn Salgado como su padre, con personajes ligados al <em>narco<\/em>, al final, \u00bfqu\u00e9 tanto pesar\u00e1 eso en las urnas?<\/p>\n<p>Sobre todo ahora que nos enteramos que famosos narcotraficantes como <strong>H\u00e9ctor <em>El G\u00fcero<\/em> Palma<\/strong> podr\u00eda salir libre porque fue absuelto por el delito de delincuencia organizada. Otro caso es el de <strong>Eduardo Arellano F\u00e9lix<\/strong>, ex l\u00edder del C\u00e1rtel de Tijuana que, de acuerdo a informaci\u00f3n del gobierno de Washingon, estar\u00eda listo para salir de la c\u00e1rcel en agosto pr\u00f3ximo. \u00bfCu\u00e1ntos m\u00e1s se sumar\u00e1n a esta llamada cuarta transformaci\u00f3n?, o, \u00bfya se habr\u00e1n deslindado?<\/p>\n<p style=\"text-align: center;\"><strong>Municiones<\/strong><\/p>\n<p>*** El pasado 30 de abril, Movimiento Ciudadano (MC) arranc\u00f3 la campa\u00f1a electoral rumbo a los ya muy pr\u00f3ximos comicios del 6 de junio, para ganar el Ayuntamiento de Naucalpan, dos diputaciones federales y tres locales, por lo que postul\u00f3 a <strong>Jos\u00e9 Adolfo Murat Mac\u00edas<\/strong>, como candidato a presidente Municipal por Naucalpan. Con la afirmaci\u00f3n de \u201caqu\u00ed y ahora comienza el orden, atr\u00e1s van a quedar las m\u00e1s de dos d\u00e9cadas de malos manejos, de corrupci\u00f3n, de incompetencia\u201d Murat Mac\u00edas, acompa\u00f1ado de los candidatos, dirigentes y simpatizantes del partido Naranja, inici\u00f3 su campa\u00f1a y ratific\u00f3 que su compromiso es con todos los habitantes de este municipio donde \u201clos naucalpenses deben vivir en condiciones ordenadas de infraestructura hidr\u00e1ulica, vialidad y pavimentaci\u00f3n, seguridad, salud y educaci\u00f3n\u201d.\u00a0 Para el proceso electoral de junio pr\u00f3ximo, tambi\u00e9n fueron registrados por el Movimiento Ciudadano los candidatos federales por el Distrito 22, <strong>Erika Goycoolea Mu\u00f1oz<\/strong> y por el distrito 24, <strong>Abraham Ochoa Aguilar<\/strong>. En el caso de los candidatos al Congreso local, por el Distrito 29, <strong>Jonathan Mart\u00ednez<\/strong>, 30, <strong>Estefan\u00eda Dur\u00e1n<\/strong> y distrito 32, <strong>Miriam Alceda<\/strong>.<\/p>\n<p>*** A fin de que todos los bajacalifornianos conozcan sus propuestas de campa\u00f1a, el candidato del Partido Encuentro Social (PES) al gobierno de Baja California, <strong>Jorge Hank Rhon<\/strong>, present\u00f3 su plataforma digital. Inform\u00f3 que el objetivo de esta herramienta es facilitar la interacci\u00f3n con la ciudadan\u00eda, adem\u00e1s de conocer sus inquietudes y necesidades, por medio de un canal de comunicaci\u00f3n efectivo y directo que le permita dar respuesta inmediata. Para acceder a la plataforma, se debe escanear un c\u00f3digo QR que se podr\u00e1 localizar en las redes sociales de Hank Rhon, sin necesidad de aplicaciones espec\u00edficas o complicadas, por lo que por medio de un tel\u00e9fono inteligente, toda la ciudadan\u00eda podr\u00e1 conocer las propuestas del candidato pesista al gobierno de Baja California.<\/p>\n<p>*** Para el grupo parlamentario del PAN en el Senado de la Rep\u00fablica, que estrena coordinador con <strong>Julen Rementer\u00eda<\/strong>, se\u00f1al\u00f3 que el circo que mont\u00f3 Morena en la C\u00e1mara de Diputados para quitarle el fuero al gobernador de Tamaulipas, <strong>Francisco Garc\u00eda Cabeza de Vaca<\/strong>, es un linchamiento ilegal, burdo y descarado que s\u00f3lo busca escandalizar y golpear pol\u00edticamente a un adversario en pleno proceso electoral. Afirmaron que \u201cla desesperaci\u00f3n de Morena rumbo a la elecci\u00f3n es tan grande que no les importa torcer la ley para intentar golpear a sus adversarios\u201d, y advirtieron: \u201cno lo lograr\u00e1n\u201d. Subrayaron que la Secci\u00f3n Instructora se conform\u00f3 \u201ca modo\u201d de los intereses de los diputados de Morena, adem\u00e1s de que se viol\u00f3 el debido proceso, no se realiz\u00f3 el deshago de pruebas, existe el sustento de expertos periciales y vulnera la presunci\u00f3n de inocencia.<\/p>\n<p><u><a href=\"mailto:morcora@gmail.com\" target=\"_blank\" rel=\"noopener noreferrer\"><em>morcora@gmail.com<\/em><\/a><\/u><\/p>\n","protected":false},"excerpt":{"rendered":"<p><span style=\"color: #005497;\"><strong>Adriana Moreno Cordero<\/strong><\/span><\/p>\n","protected":false},"author":3,"featured_media":0,"comment_status":"open","ping_status":"open","sticky":false,"template":"","format":"standard","meta":{"_monsterinsights_skip_tracking":false,"_monsterinsights_sitenote_active":false,"_monsterinsights_sitenote_note":"","_monsterinsights_sitenote_category":0,"footnotes":""},"categories":[69370],"tags":[69369,69368,43674],"class_list":["post-505384","post","type-post","status-publish","format-standard","hentry","category-adriana-moreno-cordero","tag-adriana-moreno-cordero","tag-la-retaguardia","tag-opinion"],"_links":{"self":[{"href":"https:\/\/www.diarioimagen.net\/index.php?rest_route=\/wp\/v2\/posts\/505384","targetHints":{"allow":["GET"]}}],"collection":[{"href":"https:\/\/www.diarioimagen.net\/index.php?rest_route=\/wp\/v2\/posts"}],"about":[{"href":"https:\/\/www.diarioimagen.net\/index.php?rest_route=\/wp\/v2\/types\/post"}],"author":[{"embeddable":true,"href":"https:\/\/www.diarioimagen.net\/index.php?rest_route=\/wp\/v2\/users\/3"}],"replies":[{"embeddable":true,"href":"https:\/\/www.diarioimagen.net\/index.php?rest_route=%2Fwp%2Fv2%2Fcomments&post=505384"}],"version-history":[{"count":0,"href":"https:\/\/www.diarioimagen.net\/index.php?rest_route=\/wp\/v2\/posts\/505384\/revisions"}],"wp:attachment":[{"href":"https:\/\/www.diarioimagen.net\/index.php?rest_route=%2Fwp%2Fv2%2Fmedia&parent=505384"}],"wp:term":[{"taxonomy":"category","embeddable":true,"href":"https:\/\/www.diarioimagen.net\/index.php?rest_route=%2Fwp%2Fv2%2Fcategories&post=505384"},{"taxonomy":"post_tag","embeddable":true,"href":"https:\/\/www.diarioimagen.net\/index.php?rest_route=%2Fwp%2Fv2%2Ftags&post=505384"}],"curies":[{"name":"wp","href":"https:\/\/api.w.org\/{rel}","templated":true}]}}