{"id":505387,"date":"2021-05-03T00:04:55","date_gmt":"2021-05-03T05:04:55","guid":{"rendered":"https:\/\/www.diarioimagen.net\/?p=505387"},"modified":"2021-05-03T01:01:10","modified_gmt":"2021-05-03T06:01:10","slug":"hay-candidata-en-guerrero","status":"publish","type":"post","link":"https:\/\/www.diarioimagen.net\/?p=505387","title":{"rendered":"Hay candidata en Guerrero"},"content":{"rendered":"<h2>Perfil de M\u00e9xico<\/h2>\n<h5>Armando R\u00edos Ruiz<\/h5>\n<p>&nbsp;<\/p>\n<p>Acostumbrados los dirigentes de la 4T a verle la cara a los habitantes de este pa\u00eds, a quienes consideran retrasados mentales a fuerza de exhibir su propia debilidad cerebral, el s\u00e1bado pasado, el dirigente de Morena, Mario Delgado, dijo que a\u00fan se desconoc\u00edan los resultados de la encuesta para la selecci\u00f3n del nuevo candidato al gobierno de Guerrero, en sustituci\u00f3n de F\u00e9lix Salgado Macedonio.<\/p>\n<p>El presidente del partido no sab\u00eda lo que los mexicanos s\u00ed. Desde que se conoci\u00f3 el veredicto del Tribunal Federal Electoral y se determin\u00f3 que el candidato fuera mujer, la hija del depuesto aspirante comenz\u00f3 a realizar una serie de inserciones pagadas en diferentes diarios nacionales, en las que promov\u00eda su imagen. Analistas y ciudadanos comunes dedujeron inmediatamente que ya hab\u00eda sustituto sin equivocarse un \u00e1pice.<\/p>\n<p>El \u00e9mulo de su patr\u00f3n hasta en la enfermedad de proferir mentiras, quiso hacer ver que la nueva selecci\u00f3n se har\u00eda mediante una encuesta, igual que las practicadas para todos los candidatos de Morena a diferentes puestos de elecci\u00f3n popular, que s\u00f3lo existen en su cabeza. En todos los estados hubo protestas airadas, porque los sondeos jam\u00e1s se practicaron.<\/p>\n<p>Para muchos guerrerenses, la hija de Salgado Macedonio gan\u00f3 el t\u00edtulo de \u201cJuanita\u201d, en remembranza de aquel \u201cJuanito\u201d impuesto por L\u00f3pez y obligado a dimitir en favor de Clara Brugada, una vez que result\u00f3 triunfador en las elecciones para delegado. Aunque la se\u00f1ora Salgado asegura que no es su caso, moradores de la entidad suriana ven otra realidad y apuestan a adivinar que el mandatario estatal ser\u00e1 en realidad el padre.<\/p>\n<p>De esta manera, algunos pol\u00edticos de Guerrero consultados, aseguran que el Presidente se sali\u00f3 de todos modos con la suya. Empecinado en imponer contra viento y marea al senador a\u00fan con licencia, logr\u00f3 su cometido. Dicen que el empe\u00f1o no consiste en pelear por una condici\u00f3n pol\u00edtica, sino por otros intereses convenidos con personas cuyos nombres seguramente jam\u00e1s se conocer\u00e1n.<\/p>\n<p>En Guerrero, la hija de Salgado Macedonio fue acogida con sonoros aplausos por muchos morenistas que consideran que los ofrecimientos del padre en muchos rubros, principalmente en el de cargos p\u00fablicos, quedar\u00e1n intactos y de ganar las elecciones, quienes recibieron una promesa ser\u00e1n objeto de cumplimiento. Esto, sin tomar en cuenta que ahora incidir\u00e1n nuevas condiciones, como las peticiones de familiares queridos y del esposo, por ejemplo.<\/p>\n<p>Los consultados aseguran que los guerrerenses son as\u00ed. Defienden a rabiar al candidato del partido con el que comulgan. Una vez que \u00e9ste alcanza el puesto por el que compite y le resulta imposible otorgar cargos a tantos suspirantes, los v\u00edtores se transforman en mentadas de madre en menos de dos meses.<\/p>\n<p>Si desde el principio, el dedo presidencial hubiera apuntado a Pablo Am\u00edlcar Sandoval, a quien ya le hac\u00edan fiestas y acercamientos por la creencia de infinidad de moradores de la entidad suriana, de su inminente arribo a la candidatura, por tratarse del hermano Irma Er\u00e9ndira, supuestamente predilecta del mandatario, los mismos aplaudidores hubieran manifestado su adhesi\u00f3n a ultranza.<\/p>\n<p>Ahora, la se\u00f1ora Salgado tendr\u00e1 que enfrentar a un partido dividido. Muchos dicen que no tiene los merecimientos necesarios, debido a dos factores. No cuenta con ninguna experiencia en cargos p\u00fablicos, salvo en uno que su padre le alleg\u00f3 cuando fue presidente municipal de Acapulco. Adem\u00e1s no movi\u00f3 un dedo en se\u00f1al de trabajo como militante de Morena.<\/p>\n<p>Se dice tambi\u00e9n que dicha circunstancia abre posibilidades para Mario Moreno Arcos -otros candidatos son reconocidos con mucho trabajo, s\u00f3lo en sus casas-. Priista de toda su vida, ha ocupado cargos importantes en la estructura del gobierno, adem\u00e1s de la alcald\u00eda de Chilpancingo. No obstante, se habla de su burocratismo y de su carencia de dotes intelectuales.<\/p>\n<p>La moneda est\u00e1 en el aire y s\u00f3lo falta esperar la respuesta de la ciudadan\u00eda en el estado del sur, para determinar por qui\u00e9n se inclina a la hora de la verdad.<\/p>\n<p><a href=\"mailto:ariosruiz@gmail.com\" target=\"_blank\" rel=\"noopener noreferrer\"><em>ariosruiz@gmail.com<\/em><\/a><\/p>\n","protected":false},"excerpt":{"rendered":"<p><span style=\"color: #005497;\"><strong>Armando R\u00edos Ruiz<\/strong><\/span><\/p>\n","protected":false},"author":3,"featured_media":0,"comment_status":"open","ping_status":"open","sticky":false,"template":"","format":"standard","meta":{"_monsterinsights_skip_tracking":false,"_monsterinsights_sitenote_active":false,"_monsterinsights_sitenote_note":"","_monsterinsights_sitenote_category":0,"footnotes":""},"categories":[88405],"tags":[88407,43674,91193],"class_list":["post-505387","post","type-post","status-publish","format-standard","hentry","category-armando-rios-ruiz","tag-armando-rios-ruiz","tag-opinion","tag-perfil-de-mexico"],"_links":{"self":[{"href":"https:\/\/www.diarioimagen.net\/index.php?rest_route=\/wp\/v2\/posts\/505387","targetHints":{"allow":["GET"]}}],"collection":[{"href":"https:\/\/www.diarioimagen.net\/index.php?rest_route=\/wp\/v2\/posts"}],"about":[{"href":"https:\/\/www.diarioimagen.net\/index.php?rest_route=\/wp\/v2\/types\/post"}],"author":[{"embeddable":true,"href":"https:\/\/www.diarioimagen.net\/index.php?rest_route=\/wp\/v2\/users\/3"}],"replies":[{"embeddable":true,"href":"https:\/\/www.diarioimagen.net\/index.php?rest_route=%2Fwp%2Fv2%2Fcomments&post=505387"}],"version-history":[{"count":0,"href":"https:\/\/www.diarioimagen.net\/index.php?rest_route=\/wp\/v2\/posts\/505387\/revisions"}],"wp:attachment":[{"href":"https:\/\/www.diarioimagen.net\/index.php?rest_route=%2Fwp%2Fv2%2Fmedia&parent=505387"}],"wp:term":[{"taxonomy":"category","embeddable":true,"href":"https:\/\/www.diarioimagen.net\/index.php?rest_route=%2Fwp%2Fv2%2Fcategories&post=505387"},{"taxonomy":"post_tag","embeddable":true,"href":"https:\/\/www.diarioimagen.net\/index.php?rest_route=%2Fwp%2Fv2%2Ftags&post=505387"}],"curies":[{"name":"wp","href":"https:\/\/api.w.org\/{rel}","templated":true}]}}