{"id":505400,"date":"2021-05-03T00:06:29","date_gmt":"2021-05-03T05:06:29","guid":{"rendered":"https:\/\/www.diarioimagen.net\/?p=505400"},"modified":"2021-05-03T01:10:25","modified_gmt":"2021-05-03T06:10:25","slug":"continuan-las-celebraciones-por-50-anos-de-los-cch","status":"publish","type":"post","link":"https:\/\/www.diarioimagen.net\/?p=505400","title":{"rendered":"Contin\u00faan las celebraciones por 50 a\u00f1os de los CCH"},"content":{"rendered":"<h2>Como veo, doy<\/h2>\n<h5>Jorge Luis Galicia Palacios<\/h5>\n<p>&nbsp;<\/p>\n<ul>\n<li><strong><em>Pablo Gonz\u00e1lez Casanova, visionario del modelo de educaci\u00f3n te\u00f3rico-pr\u00e1ctico<\/em><\/strong><\/li>\n<\/ul>\n<p>&nbsp;<\/p>\n<p>La creaci\u00f3n de uno de los proyectos educativos m\u00e1s importantes del pa\u00eds a nivel medio superior es sin duda el del sistema de Colegios de Ciencias y Humanidades, com\u00fanmente llamados \u201ccecehaches\u201d, modelo de ense\u00f1anza universitaria que tiene como fecha fundacional el a\u00f1o de 1971, s\u00ed, hace cincuenta a\u00f1os, cuando el entonces rector de nuestra m\u00e1xima casa de estudios del pa\u00eds era nada m\u00e1s ni nada menos que el hoy multi-reconocido y galardonado acad\u00e9mico Pablo Gonz\u00e1lez Casanova.<\/p>\n<p>En ese marco de 50 a\u00f1os de existencia, acad\u00e9micos, alumnos, ex alumnos y personal administrativo han organizado una serie de eventos y foros para recordar momentos importantes desde que se abrieron las puertas de las aulas \u201ccecehacheras\u201d hasta nuestros d\u00edas, y en ese contexto hace unos d\u00edas el Comisionado Presidente del INFO CDMX, Julio C\u00e9sar Bonilla Guti\u00e9rrez, moder\u00f3 la mesa inaugural \u201cViaje a la memoria: a 50 a\u00f1os de la creaci\u00f3n del CCH\u201d, donde record\u00f3 algunos pasajes y an\u00e9cdotas del modelo abierto al aprendizaje y a la investigaci\u00f3n ideado por Gonz\u00e1lez Casanova y, desde sus inicios, en ese modelo se han fusionado la teor\u00eda y pr\u00e1ctica, teniendo como resultado una real comuni\u00f3n de muchos beneficios para el desarrollo de la sociedad mexicana.<\/p>\n<p>Durante este viaje a la memoria, realizado de manera virtual, adem\u00e1s del comisionado Comisionado Presidente del Instituto de Transparencia, Acceso a la Informaci\u00f3n P\u00fablica, Protecci\u00f3n de Datos Personales y Rendici\u00f3n de Cuentas de la Ciudad de M\u00e9xico (INFO CDMX), participaron Mario Rodr\u00edguez Mart\u00ednez, director de la Escuela Nacional de Estudios Superiores, Unidad Morelia (ENES), y C\u00e9sar Dom\u00ednguez P\u00e9rez-Tejada, director General de Divulgaci\u00f3n de la Ciencia de la UNAM; as\u00ed como Benjam\u00edn Barajas S\u00e1nchez, director general del CCH.<\/p>\n<p>En calidad de ex alumno del plantel Naucalpan, Bonilla Guti\u00e9rrez, asegur\u00f3 que se conmemora uno de los m\u00e1s grandes proyectos educativos en nuestro pa\u00eds, un generoso proyecto con un sistema innovador a nivel media superior, como respuesta a las demandas educativas y sociales de los a\u00f1os 70. Coment\u00f3 que la formaci\u00f3n de los y las alumnas del CCH, con los m\u00e9todos cient\u00edfico experimental e hist\u00f3rico social, permite a las personas j\u00f3venes ser sujetas de la cultura y de su propia educaci\u00f3n.<\/p>\n<p>En su oportunidad, Benjam\u00edn Barajas S\u00e1nchez, director general del CCH, explic\u00f3 que, desde 1971, el colegio \u201cha sido un espacio de libertad por donde han pasado m\u00e1s de un mill\u00f3n de j\u00f3venes, quienes se han formado no solo para continuar con sus estudios, sino tambi\u00e9n para ser mejores ciudadanos, se han formado para la vida\u201d, y cre\u00f3 las opciones t\u00e9cnicas que fueron adoptadas m\u00e1s tarde por otros sistemas de bachillerato del pa\u00eds.<\/p>\n<p>Mario Rodr\u00edguez Mart\u00ednez, director de la ENES, f\u00edsico astr\u00f3nomo y especialista en f\u00edsica espacial, comparti\u00f3 que es egresado del CCH Oriente y destac\u00f3 que el CCH es un espacio de capacidad, posibilidad que se abre cuando uno entiende la frase aprender a aprender.<\/p>\n<p>Por su parte, C\u00e9sar Dom\u00ednguez P\u00e9rez-Tejada, Director General de Divulgaci\u00f3n de la Ciencia de la UNAM, rememor\u00f3 su paso por el CCH Naucalpan y coincidi\u00f3 en que aprender a aprender fue fundamental en su vida y agreg\u00f3 que los maestros que imparten clases \u201cte marcan, te abren el panorama\u201d, la forma de ense\u00f1ar permite que los alumnos hagan sus propias investigaciones.<\/p>\n<p>Enhorabuena por esos primeros 50 a\u00f1os, universitarios en general nos sumamos a esos festejos y celebraciones de la Universidad Nacional Aut\u00f3noma de M\u00e9xico, donde a la sola menci\u00f3n de las siglas UNAM casi siempre nos surgen espont\u00e1neamente los coros de la ya tradicional porra universitaria \u201cgoya&#8230;\u201d y qu\u00e9 decir del prestigiado Pablo Gonz\u00e1lez Casanova, la comunidad cecehachera se siente orgullosa de su creaci\u00f3n.<\/p>\n<p><strong>VA MI RESTO.-<\/strong> A prop\u00f3sito de\u00a0 los cincuenta a\u00f1os del CCH, un recuerdo del plantel sur. Uno de la materia Ciencias de la Comunicaci\u00f3n:<\/p>\n<p>Curs\u00e1bamos el \u00faltimo a\u00f1o y para concluir el semestre el \u00e1rea organizaba la llamada \u201cSemana de la Comunicaci\u00f3n\u201d en la cual todos los grupos presentaban trabajos alusivos a la clase. Uno de los equipos optamos por un ejercicio teatral y nos organizamos para presentar una obra de teatro.<\/p>\n<p>El hermano de nuestra compa\u00f1era Adriana, de nombre Ezequiel (<em>Cheque<\/em> para los cuates) dirigi\u00f3 al grupo y en pocos d\u00edas nos hizo aprender los di\u00e1logos para representar una obra del autor mexicano, Willebaldo L\u00f3pez, de quien con el tiempo me enterar\u00eda que fue uno de los mejores guionistas dentro del teatro nacional y que por cierto falleci\u00f3 en abril del a\u00f1o pasado.<\/p>\n<p><em>Los arrieros con sus burros por la hermosa capital<\/em> es la escenificaci\u00f3n que presentamos para acreditar nuestra materia y como a los organizadores les gust\u00f3 la puesta, fue seleccionada para clausurar la semana en cuesti\u00f3n.<\/p>\n<p>Fue en 1980, y a reserva de omitir los nombres de algunos, tambi\u00e9n participaron M\u00f3nica, Mar\u00eda Luisa, Leticia, Aracel\u00ed, Luis, Jairo, <em>El Charro<\/em>, Francisco, y Carlos (quien nos ayud\u00f3 con la escenograf\u00eda y algo de luz y sonido). Hace 40 a\u00f1os de eso y aunque dif\u00edcil es recordar los apellidos de mis compa\u00f1eros, la puesta en escena estuvo divertida y esa peque\u00f1a experiencia fue de mucho aprendizaje para todos\u00a0 en nuestro paso por el CCH Sur y hasta ah\u00ed porque como veo doy.<\/p>\n<p><em><a href=\"mailto:jorgelgalicia@yahoo.com.mx\" target=\"_blank\" rel=\"noopener noreferrer\">jorgelgalicia@yahoo.com.mx<\/a><\/em><\/p>\n","protected":false},"excerpt":{"rendered":"<p><span style=\"color: #005497;\"><strong>Jorge Luis Galicia Palacios<\/strong><\/span><\/p>\n","protected":false},"author":3,"featured_media":0,"comment_status":"open","ping_status":"open","sticky":false,"template":"","format":"standard","meta":{"_monsterinsights_skip_tracking":false,"_monsterinsights_sitenote_active":false,"_monsterinsights_sitenote_note":"","_monsterinsights_sitenote_category":0,"footnotes":""},"categories":[63916],"tags":[28722,63917,43674],"class_list":["post-505400","post","type-post","status-publish","format-standard","hentry","category-jorge-luis-galicia-palacios","tag-como-veo-doy","tag-jorge-luis-galicia-palacios","tag-opinion"],"_links":{"self":[{"href":"https:\/\/www.diarioimagen.net\/index.php?rest_route=\/wp\/v2\/posts\/505400","targetHints":{"allow":["GET"]}}],"collection":[{"href":"https:\/\/www.diarioimagen.net\/index.php?rest_route=\/wp\/v2\/posts"}],"about":[{"href":"https:\/\/www.diarioimagen.net\/index.php?rest_route=\/wp\/v2\/types\/post"}],"author":[{"embeddable":true,"href":"https:\/\/www.diarioimagen.net\/index.php?rest_route=\/wp\/v2\/users\/3"}],"replies":[{"embeddable":true,"href":"https:\/\/www.diarioimagen.net\/index.php?rest_route=%2Fwp%2Fv2%2Fcomments&post=505400"}],"version-history":[{"count":0,"href":"https:\/\/www.diarioimagen.net\/index.php?rest_route=\/wp\/v2\/posts\/505400\/revisions"}],"wp:attachment":[{"href":"https:\/\/www.diarioimagen.net\/index.php?rest_route=%2Fwp%2Fv2%2Fmedia&parent=505400"}],"wp:term":[{"taxonomy":"category","embeddable":true,"href":"https:\/\/www.diarioimagen.net\/index.php?rest_route=%2Fwp%2Fv2%2Fcategories&post=505400"},{"taxonomy":"post_tag","embeddable":true,"href":"https:\/\/www.diarioimagen.net\/index.php?rest_route=%2Fwp%2Fv2%2Ftags&post=505400"}],"curies":[{"name":"wp","href":"https:\/\/api.w.org\/{rel}","templated":true}]}}