{"id":505420,"date":"2021-05-03T00:12:05","date_gmt":"2021-05-03T05:12:05","guid":{"rendered":"https:\/\/www.diarioimagen.net\/?p=505420"},"modified":"2021-05-03T01:30:54","modified_gmt":"2021-05-03T06:30:54","slug":"no-habra-desaparicion-de-organos-electorales-y-menos-del-ine-monreal","status":"publish","type":"post","link":"https:\/\/www.diarioimagen.net\/?p=505420","title":{"rendered":"No habr\u00e1 desaparici\u00f3n de \u00f3rganos electorales y menos del INE: Monreal\u00a0\u00a0"},"content":{"rendered":"<h2>Tras la puerta del poder<\/h2>\n<h5>Roberto Vizca\u00edno<\/h5>\n<p>&nbsp;<\/p>\n<p><strong>Ricardo Monreal<\/strong> no entr\u00f3 en la confrontaci\u00f3n. Y como equivocados, llam\u00f3 a quienes creen y aseguran que la Cuarta Transformaci\u00f3n quiere apoderarse de los \u00f3rganos electorales.<\/p>\n<p>Se trata, dijo, de una apreciaci\u00f3n falsa que se inscribe dentro del discurso anti-AMLO y anti-Morena.<\/p>\n<p>Eso requerir\u00eda de mayor\u00edas calificadas en ambas C\u00e1maras.<\/p>\n<p>\u201cY en este momento no tenemos (en Morena) mayor\u00eda calificada; tendr\u00edamos que acudir a un gran consenso con la oposici\u00f3n, pero, en este caso, est\u00e1 atrincherada en que no van a apoyar la desaparici\u00f3n de \u00f3rganos aut\u00f3nomos\u201d.<\/p>\n<p>As\u00ed que es pr\u00e1cticamente imposible, aun cuando ganara la mayor\u00eda Morena en las siguientes elecciones, porque el redise\u00f1o constitucional en M\u00e9xico debe tener un gran consenso para que procedan cambios de fondo como \u00e9ste, precis\u00f3.<\/p>\n<p>Del desafuero del gobernador tamaulipeco y panista <strong>Francisco Garc\u00eda Cabeza de Vaca<\/strong>, consider\u00f3 que no hay discusi\u00f3n: \u201cest\u00e1 muy claro que proceder\u00e1 la declaratoria de procedencia\u201d.<\/p>\n<p>Por lo dem\u00e1s explic\u00f3 que del 1 de febrero a fines de abril hubo 29 sesiones -2 presenciales y 27 a distancia o semipresenciales a causa de los protocolos anti-Covid-19-, en las cuales los senadores presentaron 487 iniciativas y 337 puntos de acuerdo y se realizaron 11 reformas constitucionales:<\/p>\n<p>\u2014 Justicia digital v\u00eda juicios en l\u00ednea v\u00eda expedientes electr\u00f3nicos; Reforma que faculta a Senado y Diputados a legislar en materia de seguridad privada; Eliminaci\u00f3n de partidas secretas en el Presupuesto de Egresos; Incorporaci\u00f3n de la justicia c\u00edvica como un instrumento para la prevenci\u00f3n del delito; reconocimiento de lenguas ind\u00edgenas como nacionales;\u00a0 Aprobaci\u00f3n de permiso a congresos locales para que legislen sobre s\u00edmbolos estatales, observando la supremac\u00eda de los s\u00edmbolos patrios; Ratificaci\u00f3n del nombre oficial de Veracruz de Ignacio de la Llave; y del nombre oficial de Michoac\u00e1n de Ocampo.<\/p>\n<p>Igual, se legisl\u00f3 sobre un lenguaje incluyente que evite pr\u00e1cticas discriminatorias por cuesti\u00f3n de g\u00e9nero; Acciones de inconstitucionalidad sobre adiciones y reformas a las constituciones de las entidades federativas;\u00a0 Establece una visi\u00f3n integral de planeaci\u00f3n para que M\u00e9xico, con objetivos y prioridades logre las condiciones necesarias de desarrollo integral de la Naci\u00f3n y de calidad de vida de sus ciudadanos.<\/p>\n<p>Hubo adem\u00e1s la aprobaci\u00f3n de 4 leyes nuevas:<\/p>\n<p>\u2014 Ley de la Fiscal\u00eda General de la Rep\u00fablica; Ley para la Transparencia, Prevenci\u00f3n y Combate de Pr\u00e1cticas Indebidas en materia de contrataci\u00f3n de Publicidad; Ley Federal de Remuneraci\u00f3n de los Servidores P\u00fablicos y Ley Org\u00e1nica del Poder Judicial de la Federaci\u00f3n y la Ley de Carrera Judicial del Poder Judicial de la Federaci\u00f3n.<\/p>\n<p>En este lapso de febrero, a fines de abril, igual, se aprobaron reformas a 35 leyes reglamentarias, desde la desconexi\u00f3n digital en el \u00e1mbito laboral, hasta temas de justicia y transparencia.<\/p>\n<p>El important\u00edsimo de imprescriptibilidad del ejercicio de la acci\u00f3n penal y de sanciones de los delitos sexuales cometidos contra menores de 18 a\u00f1os; as\u00ed como de educaci\u00f3n financiera, comercializaci\u00f3n de hidrocarburos.<\/p>\n<p>En materia de consulta popular, subcontrataci\u00f3n o <em>outsourcing<\/em>, creaci\u00f3n del Padr\u00f3n Nacional de Usuarios de Telefon\u00eda M\u00f3vil, alfabetizaci\u00f3n digital y otras m\u00e1s.<\/p>\n<p>En lo internacional, se ratificaron 7 instrumentos<\/p>\n<p>\u2014 Acuerdo sobre el reconocimiento mutuo y la protecci\u00f3n de las denominaciones de las bebidas espirituosas entre M\u00e9xico, Reino Unido e Irlanda del Norte; Tercer Protocolo Adicional al Tratado de Libre Comercio entre M\u00e9xico y Uruguay; Segundo Protocolo Modificatorio al Tratado de Libre Comercio entre M\u00e9xico y Uruguay; Acuerdo entre M\u00e9xico y Guatemala sobre Asistencia Administrativa Mutua e Intercambio de Informaci\u00f3n en Asuntos Aduaneros, firmado en la Ciudad de Hidalgo, Chiapas, M\u00e9xico; Acuerdo de Continuidad Comercial entre M\u00e9xico y Gran Breta\u00f1a e Irlanda del Norte; Acuerdo relativo al art\u00edculo 12 del Acuerdo de Continuidad Comercial entre M\u00e9xico Gran Breta\u00f1a e Irlanda del Norte; Acuerdo entre M\u00e9xico y Hong Kong para la Promoci\u00f3n y Protecci\u00f3n Rec\u00edproca de Inversiones, hecho en Davos, Suiza.<\/p>\n<p>Y se procedi\u00f3 a designar magistrados y magistradas del Tribunal Federal de Justicia Administrativa, del Tribunal Agrario, de la Sala Superior, del Consejo Nacional Ciudadano, del Sistema Nacional de B\u00fasqueda y de 11 embajadores y c\u00f3nsules.<\/p>\n<p style=\"text-align: center;\"><strong>Per\u00edodo muy productivo: Monreal <\/strong><\/p>\n<p>En este contexto, y con estos resultados, ya lejos de los temas conflictivos, <strong>Ricardo Monreal<\/strong>, presidente de la Junta de Coordinaci\u00f3n Pol\u00edtica consider\u00f3 que este per\u00edodo fue por dem\u00e1s productivo y positivo para el pa\u00eds.<\/p>\n<p>Acept\u00f3 que hubo temas que polarizaron a los diferentes grupos parlamentarios, pero que a pesar de ello hubo un ambiente que dio paso a acuerdos y a la aprobaci\u00f3n de temas importantes para el pa\u00eds.<\/p>\n<p><em><a href=\"mailto:rvizcainoa@gmail.com\" target=\"_blank\" rel=\"noopener noreferrer\">rvizcainoa@gmail.com<\/a><br \/>\n<u><a href=\"http:\/\/endirecto.mx\" target=\"_blank\" rel=\"noopener noreferrer\">www.endirecto.mx<\/a><br \/>\n<a href=\"https:\/\/twitter.com\/_rvizcaino\" target=\"_blank\" rel=\"noopener noreferrer\">@_RVizcaino<\/a><br \/>\n<a href=\"https:\/\/www.facebook.com\/rvizcainoa\" target=\"_blank\" rel=\"noopener noreferrer\">facebook.com\/rvizcainoa<\/a><\/u><\/em><\/p>\n","protected":false},"excerpt":{"rendered":"<p><span style=\"color: #005497;\"><strong>Roberto Vizca\u00edno<\/strong><\/span><br \/>\n<br \/>\n<strong>Ricardo Monreal<\/strong> no entr\u00f3 en la confrontaci\u00f3n. Y como equivocados, llam\u00f3 a quienes creen y aseguran que la Cuarta Transformaci\u00f3n quiere apoderarse de los \u00f3rganos electorales.<\/p>\n","protected":false},"author":3,"featured_media":0,"comment_status":"open","ping_status":"open","sticky":false,"template":"","format":"standard","meta":{"_monsterinsights_skip_tracking":false,"_monsterinsights_sitenote_active":false,"_monsterinsights_sitenote_note":"","_monsterinsights_sitenote_category":0,"footnotes":""},"categories":[136],"tags":[43674,93,94],"class_list":["post-505420","post","type-post","status-publish","format-standard","hentry","category-roberto-vizcaino-opinion","tag-opinion","tag-roberto-vizcaino","tag-tras-la-puerta-del-poder"],"_links":{"self":[{"href":"https:\/\/www.diarioimagen.net\/index.php?rest_route=\/wp\/v2\/posts\/505420","targetHints":{"allow":["GET"]}}],"collection":[{"href":"https:\/\/www.diarioimagen.net\/index.php?rest_route=\/wp\/v2\/posts"}],"about":[{"href":"https:\/\/www.diarioimagen.net\/index.php?rest_route=\/wp\/v2\/types\/post"}],"author":[{"embeddable":true,"href":"https:\/\/www.diarioimagen.net\/index.php?rest_route=\/wp\/v2\/users\/3"}],"replies":[{"embeddable":true,"href":"https:\/\/www.diarioimagen.net\/index.php?rest_route=%2Fwp%2Fv2%2Fcomments&post=505420"}],"version-history":[{"count":0,"href":"https:\/\/www.diarioimagen.net\/index.php?rest_route=\/wp\/v2\/posts\/505420\/revisions"}],"wp:attachment":[{"href":"https:\/\/www.diarioimagen.net\/index.php?rest_route=%2Fwp%2Fv2%2Fmedia&parent=505420"}],"wp:term":[{"taxonomy":"category","embeddable":true,"href":"https:\/\/www.diarioimagen.net\/index.php?rest_route=%2Fwp%2Fv2%2Fcategories&post=505420"},{"taxonomy":"post_tag","embeddable":true,"href":"https:\/\/www.diarioimagen.net\/index.php?rest_route=%2Fwp%2Fv2%2Ftags&post=505420"}],"curies":[{"name":"wp","href":"https:\/\/api.w.org\/{rel}","templated":true}]}}