{"id":505503,"date":"2021-05-04T00:01:42","date_gmt":"2021-05-04T05:01:42","guid":{"rendered":"https:\/\/www.diarioimagen.net\/?p=505503"},"modified":"2021-05-04T03:23:49","modified_gmt":"2021-05-04T08:23:49","slug":"amlo-se-alista-reforma-para-evitar-liberacion-de-reclusos-en-dias-inhabiles","status":"publish","type":"post","link":"https:\/\/www.diarioimagen.net\/?p=505503","title":{"rendered":"AMLO: se alista reforma para evitar liberaci\u00f3n de reclusos en d\u00edas inh\u00e1biles"},"content":{"rendered":"<p>&nbsp;<\/p>\n<ul>\n<li><strong><em>Para evitar caso como el del \u00abG\u00fcero\u00bb Palma<\/em><\/strong><\/li>\n<\/ul>\n<p>&nbsp;<\/p>\n<div id=\"attachment_505619\" style=\"width: 470px\" class=\"wp-caption aligncenter\"><a href=\"https:\/\/www.diarioimagen.net\/?attachment_id=505619\" rel=\"attachment wp-att-505619\"><img loading=\"lazy\" decoding=\"async\" aria-describedby=\"caption-attachment-505619\" class=\"size-full wp-image-505619\" src=\"https:\/\/www.diarioimagen.net\/wp-content\/uploads\/2021\/05\/amlo.jpg\" alt=\"\" width=\"460\" height=\"270\" \/><\/a><p id=\"caption-attachment-505619\" class=\"wp-caption-text\">El presidente Andr\u00e9s Manuel L\u00f3pez Obrador calific\u00f3 como un \u00absabadazo\u00bb la sentencia a favor del <em>G\u00fcero<\/em> Palma.<\/p><\/div>\n<p>&nbsp;<\/p>\n<p>Se alista una reforma que evite la liberaci\u00f3n de reclusos en d\u00edas inh\u00e1biles, como se intent\u00f3 con el caso de H\u00e9ctor Luis, <em>El G\u00fcero<\/em>, Palma Salazar, inform\u00f3 el presidente Andr\u00e9s Manuel L\u00f3pez Obrador, por lo que envi\u00f3 una orden a la Secretar\u00eda de Gobernaci\u00f3n (Segob)<\/p>\n<p>El mandatario calific\u00f3 como un \u201csabadazo\u201d la sentencia que emiti\u00f3 el secretario en funciones de juez del juzgado segundo de distrito de procesos penales federales en Jalisco, que absolvi\u00f3 a Palma Salazar del delito de delincuencia organizada para dejarlo en libertad.<\/p>\n<p>\u201cInformar de esta decisi\u00f3n del poder judicial con un procedimiento que no es lo m\u00e1s adecuado, no se puede emitir una orden para liberar a un recluso acusado de delincuencia organizada un s\u00e1bado en la madrugada. Eso coloquialmente se conoce como \u2018sabadazo\u2019. Y luego de manera terminante ordenar que se le liberara en la noche y todav\u00eda hasta ayer otra orden para liberarlo a las cuatro de la tarde\u201d, dijo.<\/p>\n<p>L\u00f3pez Obrador anunci\u00f3 que, tras las dos \u00f3rdenes de liberar al <em>G\u00fcero<\/em> Palma, el gobierno de M\u00e9xico logr\u00f3 una extensi\u00f3n de 48 horas para que las autoridades locales y federales, as\u00ed como los Estados Unidos, revisen si hay alg\u00fan proceso pendiente.<\/p>\n<p>\u201cNo es un asunto nada m\u00e1s de car\u00e1cter legal que corresponda al poder judicial, al poder ejecutivo, es un asunto de Estado. Se tiene que cuidar el decoro y la dignidad del Estado mexicano, no se puede exponer el prestigio. Imaginemos si se libera a cualquier persona y al d\u00eda siguiente, a los dos d\u00edas, aparece, como ya ha sucedido de que es buscado por agencias extranjeras. \u00bfC\u00f3mo queda el gobierno de la Rep\u00fablica? Bajo sospecha. Nuestro gobierno no establece relaciones de complicidad con nadie\u201d, destac\u00f3.<\/p>\n<p>El presidente reconoci\u00f3 que si los funcionarios de su gobierno no hubieran estado trabajando y atentos a sus labores, <em>El G\u00fcero<\/em> Palma hubiera quedado en libertad tal como ocurri\u00f3 con Caro Quintero.<\/p>\n<p>\u201cEntonces no podemos decir que el se\u00f1or debe permanecer en la prisi\u00f3n, porque el juez est\u00e1 ordenando que se le libere, pues ya termin\u00f3 su condena o ya ha quedado absuelto. Sin embargo, amerita que se explore, nos informemos todos de que no hay ning\u00fan pendiente y, de ser as\u00ed, que se cumpla el mandato del juez, pero no hacerlo el s\u00e1bado en la madrugada, primero de mayo\u201d, remarc\u00f3. para evitar liberaci\u00f3n de reclusos en d\u00edas inh\u00e1biles.<\/p>\n<p style=\"text-align: center;\"><strong>Gobierno de M\u00e9xico pide perd\u00f3n al pueblo maya por abusos <\/strong><\/p>\n<p>M\u00e1s tarde, el presidente L\u00f3pez Obrador, en el museo de la Guerra de Castas, en Tihosuco en Carrillo Puerto, Quintana Roo, encabez\u00f3 la ceremonia de petici\u00f3n de perd\u00f3n al pueblo maya por los abusos cometidos por autoridades nacionales y extranjeras durante los tres siglos de dominaci\u00f3n colonial y los dos siglos del M\u00e9xico independiente. En el evento estuvo acompa\u00f1ado por el presidente de Guatemala Alejandro Giammattei y los gobernadores de Quintana Roo, Campeche, Chiapas, Tabasco y Yucat\u00e1n.<\/p>\n<p>\u201cAqu\u00ed por un imperativo de \u00e9tica de gobierno, pero tambi\u00e9n por convicci\u00f3n propia ofrecemos las m\u00e1s sinceras disculpas al pueblo maya por los terribles abusos que cometieron particulares y autoridades nacionales y extranjeras en la conquista\u201d, dijo en este cuarto evento de conmemoraci\u00f3n de los 200 a\u00f1os de la consumaci\u00f3n de la Independencia.<\/p>\n","protected":false},"excerpt":{"rendered":"<p>Se alista una reforma que evite la liberaci\u00f3n de reclusos en d\u00edas inh\u00e1biles, como se intent\u00f3 con el caso de H\u00e9ctor Luis, El G\u00fcero, Palma Salazar, inform\u00f3 el presidente Andr\u00e9s Manuel L\u00f3pez Obrador, por lo que envi\u00f3 una orden a la Secretar\u00eda de Gobernaci\u00f3n (Segob)<\/p>\n","protected":false},"author":3,"featured_media":505619,"comment_status":"open","ping_status":"open","sticky":false,"template":"","format":"standard","meta":{"_monsterinsights_skip_tracking":false,"_monsterinsights_sitenote_active":false,"_monsterinsights_sitenote_note":"","_monsterinsights_sitenote_category":0,"footnotes":""},"categories":[3],"tags":[2545,43673,92892,442,43677],"class_list":["post-505503","post","type-post","status-publish","format-standard","has-post-thumbnail","hentry","category-nacional","tag-amlo","tag-nacional","tag-reclusos","tag-secretaria-de-gobernacion","tag-seguridad"],"_links":{"self":[{"href":"https:\/\/www.diarioimagen.net\/index.php?rest_route=\/wp\/v2\/posts\/505503","targetHints":{"allow":["GET"]}}],"collection":[{"href":"https:\/\/www.diarioimagen.net\/index.php?rest_route=\/wp\/v2\/posts"}],"about":[{"href":"https:\/\/www.diarioimagen.net\/index.php?rest_route=\/wp\/v2\/types\/post"}],"author":[{"embeddable":true,"href":"https:\/\/www.diarioimagen.net\/index.php?rest_route=\/wp\/v2\/users\/3"}],"replies":[{"embeddable":true,"href":"https:\/\/www.diarioimagen.net\/index.php?rest_route=%2Fwp%2Fv2%2Fcomments&post=505503"}],"version-history":[{"count":0,"href":"https:\/\/www.diarioimagen.net\/index.php?rest_route=\/wp\/v2\/posts\/505503\/revisions"}],"wp:featuredmedia":[{"embeddable":true,"href":"https:\/\/www.diarioimagen.net\/index.php?rest_route=\/wp\/v2\/media\/505619"}],"wp:attachment":[{"href":"https:\/\/www.diarioimagen.net\/index.php?rest_route=%2Fwp%2Fv2%2Fmedia&parent=505503"}],"wp:term":[{"taxonomy":"category","embeddable":true,"href":"https:\/\/www.diarioimagen.net\/index.php?rest_route=%2Fwp%2Fv2%2Fcategories&post=505503"},{"taxonomy":"post_tag","embeddable":true,"href":"https:\/\/www.diarioimagen.net\/index.php?rest_route=%2Fwp%2Fv2%2Ftags&post=505503"}],"curies":[{"name":"wp","href":"https:\/\/api.w.org\/{rel}","templated":true}]}}