{"id":505515,"date":"2021-05-04T00:02:34","date_gmt":"2021-05-04T05:02:34","guid":{"rendered":"https:\/\/www.diarioimagen.net\/?p=505515"},"modified":"2021-05-04T06:29:22","modified_gmt":"2021-05-04T11:29:22","slug":"arranca-el-abanderado-priista-adan-barron-elizalde-campana-para-alcaldia-de-tultitlan","status":"publish","type":"post","link":"https:\/\/www.diarioimagen.net\/?p=505515","title":{"rendered":"Arranca el abanderado pri\u00edsta Ad\u00e1n Barr\u00f3n Elizalde campa\u00f1a para alcald\u00eda de Tultitl\u00e1n"},"content":{"rendered":"<p>&nbsp;<\/p>\n<ul>\n<li><strong><em>Ofrece un gobierno transparente<\/em><\/strong><\/li>\n<\/ul>\n<p>&nbsp;<\/p>\n<div id=\"attachment_505681\" style=\"width: 470px\" class=\"wp-caption aligncenter\"><a href=\"https:\/\/www.diarioimagen.net\/?attachment_id=505681\" rel=\"attachment wp-att-505681\"><img loading=\"lazy\" decoding=\"async\" aria-describedby=\"caption-attachment-505681\" class=\"size-full wp-image-505681\" src=\"https:\/\/www.diarioimagen.net\/wp-content\/uploads\/2021\/05\/tultitlan.jpg\" alt=\"\" width=\"460\" height=\"270\" \/><\/a><p id=\"caption-attachment-505681\" class=\"wp-caption-text\">Jorge Ad\u00e1n Barr\u00f3n Elizalde resalt\u00f3 que los compromisos no solo se dicen en el escenario, sino se firman en la comunidad hablando y escuchando a la gente.<\/p><\/div>\n<p>&nbsp;<\/p>\n<p><strong>Tultitl\u00e1n, Estado de M\u00e9xico<\/strong>.\u2013 Ante la presencia de m\u00e1s de 11 mil personas que se dieron cita en la zona sur del municipio, el candidato a la presidencia municipal de Tultitl\u00e1n por el PRI, Jorge Ad\u00e1n Barr\u00f3n Elizalde, present\u00f3 su propuesta de campa\u00f1a en conjunto con la diputada local por el Distrito 11 Tultitl\u00e1n, Mariana Ruiz Ledezma, y la candidata a diputada local suplente Distrito 19, Berenice Rodr\u00edguez.<\/p>\n<p>\u201cSeremos un gobierno responsable, transparente, con valores y sobre todo honesto con las y los tultitlenses\u201d.<\/p>\n<p>De igual manera resalt\u00f3 que los compromisos no solo se dicen en el escenario, sino se firman en la comunidad hablando y escuchando a la gente.<\/p>\n<p>Cabe destacar que el mandatario por la alcald\u00eda municipal, enfatiz\u00f3 en reactivar la econom\u00eda del municipio a trav\u00e9s de apoyos sociales, con la generaci\u00f3n de empleos dejando a un lado los colores, apegado a principios y valores.<\/p>\n<p>Entre las propuestas de la militancia pri\u00edsta destacan las gestiones de apoyos sociales a madres, padres y adultos mayores, apoyo con despensas sin discriminaci\u00f3n, el derecho a la salud por lo que se implementar\u00e1 el seguro popular mexiquense, en cuanto a tema de seguridad se dotar\u00e1 de alarmas vecinales y botones de p\u00e1nico, apoyo a comerciantes que reactiven su negocio con la condonaci\u00f3n de un a\u00f1o de impuestos locales \u201clicencias de funcionamiento\u201d, imagen y estructura urbana, tema de agua, entre otras.<\/p>\n<p>Finalmente, Barr\u00f3n Elizalde reconoci\u00f3 su admiraci\u00f3n para las mujeres que contienden por las diputaciones locales y sean ellas quienes representen a las mujeres tultitlenses con un\u00a0sentido de unidad\u00a0a trav\u00e9s de la voz de la ciudadan\u00eda.<\/p>\n","protected":false},"excerpt":{"rendered":"<p>Ante la presencia de m\u00e1s de 11 mil personas que se dieron cita en la zona sur del municipio, el candidato a la presidencia municipal de Tultitl\u00e1n por el PRI, Jorge Ad\u00e1n Barr\u00f3n Elizalde, present\u00f3 su propuesta de campa\u00f1a en conjunto con la diputada local por el Distrito 11 Tultitl\u00e1n, Mariana Ruiz Ledezma, y la candidata a diputada local suplente Distrito 19, Berenice Rodr\u00edguez.<\/p>\n","protected":false},"author":3,"featured_media":505681,"comment_status":"open","ping_status":"open","sticky":false,"template":"","format":"standard","meta":{"_monsterinsights_skip_tracking":false,"_monsterinsights_sitenote_active":false,"_monsterinsights_sitenote_note":"","_monsterinsights_sitenote_category":0,"footnotes":""},"categories":[5],"tags":[69615,6185,43675,48077,578],"class_list":["post-505515","post","type-post","status-publish","format-standard","has-post-thumbnail","hentry","category-estado-de-mexico","tag-alcaldia","tag-campana","tag-estado-de-mexico","tag-jorge-adan-barron-elizalde","tag-tultitlan"],"_links":{"self":[{"href":"https:\/\/www.diarioimagen.net\/index.php?rest_route=\/wp\/v2\/posts\/505515","targetHints":{"allow":["GET"]}}],"collection":[{"href":"https:\/\/www.diarioimagen.net\/index.php?rest_route=\/wp\/v2\/posts"}],"about":[{"href":"https:\/\/www.diarioimagen.net\/index.php?rest_route=\/wp\/v2\/types\/post"}],"author":[{"embeddable":true,"href":"https:\/\/www.diarioimagen.net\/index.php?rest_route=\/wp\/v2\/users\/3"}],"replies":[{"embeddable":true,"href":"https:\/\/www.diarioimagen.net\/index.php?rest_route=%2Fwp%2Fv2%2Fcomments&post=505515"}],"version-history":[{"count":0,"href":"https:\/\/www.diarioimagen.net\/index.php?rest_route=\/wp\/v2\/posts\/505515\/revisions"}],"wp:featuredmedia":[{"embeddable":true,"href":"https:\/\/www.diarioimagen.net\/index.php?rest_route=\/wp\/v2\/media\/505681"}],"wp:attachment":[{"href":"https:\/\/www.diarioimagen.net\/index.php?rest_route=%2Fwp%2Fv2%2Fmedia&parent=505515"}],"wp:term":[{"taxonomy":"category","embeddable":true,"href":"https:\/\/www.diarioimagen.net\/index.php?rest_route=%2Fwp%2Fv2%2Fcategories&post=505515"},{"taxonomy":"post_tag","embeddable":true,"href":"https:\/\/www.diarioimagen.net\/index.php?rest_route=%2Fwp%2Fv2%2Ftags&post=505515"}],"curies":[{"name":"wp","href":"https:\/\/api.w.org\/{rel}","templated":true}]}}