{"id":505516,"date":"2021-05-04T00:03:57","date_gmt":"2021-05-04T05:03:57","guid":{"rendered":"https:\/\/www.diarioimagen.net\/?p=505516"},"modified":"2021-05-04T06:26:43","modified_gmt":"2021-05-04T11:26:43","slug":"defenderemos-la-casa-de-huixquiluquenses-ante-ocurrencias-romina-contreras","status":"publish","type":"post","link":"https:\/\/www.diarioimagen.net\/?p=505516","title":{"rendered":"Defenderemos la casa de huixquiluquenses, ante ocurrencias: Romina Contreras"},"content":{"rendered":"<p>&nbsp;<\/p>\n<p><a href=\"https:\/\/www.diarioimagen.net\/?attachment_id=505677\" rel=\"attachment wp-att-505677\"><img loading=\"lazy\" decoding=\"async\" class=\"aligncenter size-full wp-image-505677\" src=\"https:\/\/www.diarioimagen.net\/wp-content\/uploads\/2021\/05\/huix.jpg\" alt=\"\" width=\"460\" height=\"270\" \/><\/a><\/p>\n<p>&nbsp;<\/p>\n<p><strong>Huixquilucan, Estado de M\u00e9xico.-<\/strong> Al recorrer las comunidades de La Cima, La Ca\u00f1ada e Ignacio Allende, en la zona tradicional de Huixquilucan, la candidata del Partido Acci\u00f3n Nacional (PAN) a la presidencia municipal, Romina Contreras Carrasco, afirm\u00f3 que, en esta campa\u00f1a pol\u00edtica, se defender\u00e1 la casa de los huixquiluquenses de ocurrencias e improvisaciones.<\/p>\n<p>\u201cAqu\u00ed, en Huixquilucan, se defiende a casa, se defienden los logros. No daremos un paso atr\u00e1s, seguiremos brindando apoyo a la salud, a la educaci\u00f3n, habr\u00e1 m\u00e1s calles pavimentadas, m\u00e1s pozos de agua y trabajaremos por todas las mujeres y los adultos mayores\u201d, puntualiz\u00f3.<\/p>\n","protected":false},"excerpt":{"rendered":"<p>Al recorrer las comunidades de La Cima, La Ca\u00f1ada e Ignacio Allende, en la zona tradicional de Huixquilucan, la candidata del Partido Acci\u00f3n Nacional (PAN) a la presidencia municipal, Romina Contreras Carrasco, afirm\u00f3 que, en esta campa\u00f1a pol\u00edtica, se defender\u00e1 la casa de los huixquiluquenses de ocurrencias e improvisaciones.<\/p>\n","protected":false},"author":3,"featured_media":505677,"comment_status":"open","ping_status":"open","sticky":false,"template":"","format":"standard","meta":{"_monsterinsights_skip_tracking":false,"_monsterinsights_sitenote_active":false,"_monsterinsights_sitenote_note":"","_monsterinsights_sitenote_category":0,"footnotes":""},"categories":[5],"tags":[43675,1097,92895,92894],"class_list":["post-505516","post","type-post","status-publish","format-standard","has-post-thumbnail","hentry","category-estado-de-mexico","tag-estado-de-mexico","tag-huixquilucan","tag-la-canada","tag-la-cima"],"_links":{"self":[{"href":"https:\/\/www.diarioimagen.net\/index.php?rest_route=\/wp\/v2\/posts\/505516","targetHints":{"allow":["GET"]}}],"collection":[{"href":"https:\/\/www.diarioimagen.net\/index.php?rest_route=\/wp\/v2\/posts"}],"about":[{"href":"https:\/\/www.diarioimagen.net\/index.php?rest_route=\/wp\/v2\/types\/post"}],"author":[{"embeddable":true,"href":"https:\/\/www.diarioimagen.net\/index.php?rest_route=\/wp\/v2\/users\/3"}],"replies":[{"embeddable":true,"href":"https:\/\/www.diarioimagen.net\/index.php?rest_route=%2Fwp%2Fv2%2Fcomments&post=505516"}],"version-history":[{"count":0,"href":"https:\/\/www.diarioimagen.net\/index.php?rest_route=\/wp\/v2\/posts\/505516\/revisions"}],"wp:featuredmedia":[{"embeddable":true,"href":"https:\/\/www.diarioimagen.net\/index.php?rest_route=\/wp\/v2\/media\/505677"}],"wp:attachment":[{"href":"https:\/\/www.diarioimagen.net\/index.php?rest_route=%2Fwp%2Fv2%2Fmedia&parent=505516"}],"wp:term":[{"taxonomy":"category","embeddable":true,"href":"https:\/\/www.diarioimagen.net\/index.php?rest_route=%2Fwp%2Fv2%2Fcategories&post=505516"},{"taxonomy":"post_tag","embeddable":true,"href":"https:\/\/www.diarioimagen.net\/index.php?rest_route=%2Fwp%2Fv2%2Ftags&post=505516"}],"curies":[{"name":"wp","href":"https:\/\/api.w.org\/{rel}","templated":true}]}}