{"id":505537,"date":"2021-05-04T00:01:57","date_gmt":"2021-05-04T05:01:57","guid":{"rendered":"https:\/\/www.diarioimagen.net\/?p=505537"},"modified":"2021-05-05T00:24:31","modified_gmt":"2021-05-05T05:24:31","slug":"munoz-ledo-y-los-arrepentidos","status":"publish","type":"post","link":"https:\/\/www.diarioimagen.net\/?p=505537","title":{"rendered":"Mu\u00f1oz Ledo y los arrepentidos"},"content":{"rendered":"<h2>De pe a pa<\/h2>\n<h5>Alberto Vieyra G.<\/h5>\n<p>&nbsp;<\/p>\n<p><strong>\u201cDe arrepentidos est\u00e1 lleno el infierno\u201d<\/strong>, as\u00ed reza la m\u00e1xima del refranero, y Porfirio Alejandro Mu\u00f1oz Ledo y Lazo de la Vega, el \u00fanico pol\u00edtico en el mundo que ha sido l\u00edder de tres partidos pol\u00edticos nacionales y que ha militado en el PARM, PRI, PAN, PRD, FDN y Morena, no deja lugar a dudas de que es uno de los muchos millones de mexicanos arrepentidos que cre\u00edan ciegamente en que Andr\u00e9s Manuel L\u00f3pez Obrador era el tan esperado dios Quetzalc\u00f3atl cuando dijo:<\/p>\n<p><em>\u201cNo comparto el punto de vista del Presidente\u201d \u2026 \u201cVamos a parar esto. Es el momento de pararlo y es un momento para la restauraci\u00f3n de la democracia, no podemos ir hacia el pa\u00eds de un solo hombre\u201d porque \u201cM\u00e9xico no es un rancho\u201d.<\/em> Esos t\u00e9rminos empleados por Mu\u00f1oz Ledo nos hablan de un clar\u00edsimo arrepentimiento, de una ruptura pol\u00edtica y emplaza a AMLO a un debate nacional para demostrarle al pa\u00eds que el tabasque\u00f1o est\u00e1 llevando a M\u00e9xico al desastre de desastres.<\/p>\n<p>La misma idea de Mu\u00f1oz Ledo, y a s\u00f3lo un mes de las elecciones federales del 6 de junio, las \u00faltimas encuestas revelan que las preferencias de los electores por AMLO se desplomaron de un 49 a un 36 por ciento, es decir que estamos ante el arrepentimiento de muchos millones de mexicanos que, de acuerdo con los estudiosos de la sociolog\u00eda, jam\u00e1s van a decir abiertamente \u201cme equivoqu\u00e9\u201d y de acuerdo con los patrones de la mente humana podr\u00edan justificar su error diciendo que \u201cno lo dejan gobernar\u201d o \u201cno comparto el punto de vista del Presidente\u201d, como lo sostiene Mu\u00f1oz Ledo, quien ha advertido tambi\u00e9n que <em>\u201cMorena es el partido m\u00e1s corrupto de Am\u00e9rica Latina\u201d<\/em>. \u00bfMorena, no ser\u00e1 AMLO?.. No da mayores detalles, pero seguramente \u00e9l tiene datos duros que ya exhiben a AMLO como un pol\u00edtico farsante que lucra con la bandera de la anticorrupci\u00f3n.<\/p>\n<p>Recordar\u00e9 que, en 1989, durante los festejos por el bicentenario de la Revoluci\u00f3n Francesa en Par\u00eds, un grupo de acad\u00e9micos franceses en charla informal con periodistas mexicanos, sostuvieron que \u201cPorfirio Mu\u00f1oz Ledo es uno de los pol\u00edticos mexicanos m\u00e1s honestos y quiz\u00e1 tambi\u00e9n a nivel mundial\u201d. Por ello, tiene un inmenso valor lo que hoy propone el variopinto legislador morenista que pretende agrupar en el Frente Nacional en Defensa de la Constituci\u00f3n de M\u00e9xico y sus instituciones a juristas, acad\u00e9micos, periodistas y mexicanos interesados en parar el peligroso rumbo que AMLO le ha dado al pa\u00eds.<\/p>\n<p>Mu\u00f1oz Ledo y quienes conformen dicho frente nacional tendr\u00e1n que llevar a cabo una ambiciosa cruzada en todo M\u00e9xico para parar la polarizaci\u00f3n que AMLO lleva a cabo dividiendo a la naci\u00f3n azteca en chairos y fif\u00eds. S\u00ed, una cruzada por la unidad y la dignidad nacional.<\/p>\n<p>Si Mu\u00f1oz Ledo y compa\u00f1\u00eda logran parar este rumbo tan peligroso que AMLO le ha dado a M\u00e9xico y restaurar la democracia para evitar que el pa\u00eds sea de un solo hombre, como ocurri\u00f3 con Antonio L\u00f3pez de Santa Anna P\u00e9rez de Lebr\u00f3n, a Mu\u00f1oz Ledo le esperar\u00e1 un digno lugar en la rotonda de las personas ilustres.<\/p>\n<p><a href=\"mailto:info@agenciamn.com\" target=\"_blank\" rel=\"noopener noreferrer\"><em>info@agenciamn.com<\/em><\/a><\/p>\n","protected":false},"excerpt":{"rendered":"<p><span style=\"color: #005497;\"><strong>Alberto Vieyra G.<\/strong><\/span><\/p>\n","protected":false},"author":3,"featured_media":0,"comment_status":"open","ping_status":"open","sticky":false,"template":"","format":"standard","meta":{"_monsterinsights_skip_tracking":false,"_monsterinsights_sitenote_active":false,"_monsterinsights_sitenote_note":"","_monsterinsights_sitenote_category":0,"footnotes":""},"categories":[4596],"tags":[43697,4597,43674],"class_list":["post-505537","post","type-post","status-publish","format-standard","hentry","category-alberto-vieyra-g","tag-alberto-vieyra-g","tag-de-pe-a-pa","tag-opinion"],"_links":{"self":[{"href":"https:\/\/www.diarioimagen.net\/index.php?rest_route=\/wp\/v2\/posts\/505537","targetHints":{"allow":["GET"]}}],"collection":[{"href":"https:\/\/www.diarioimagen.net\/index.php?rest_route=\/wp\/v2\/posts"}],"about":[{"href":"https:\/\/www.diarioimagen.net\/index.php?rest_route=\/wp\/v2\/types\/post"}],"author":[{"embeddable":true,"href":"https:\/\/www.diarioimagen.net\/index.php?rest_route=\/wp\/v2\/users\/3"}],"replies":[{"embeddable":true,"href":"https:\/\/www.diarioimagen.net\/index.php?rest_route=%2Fwp%2Fv2%2Fcomments&post=505537"}],"version-history":[{"count":0,"href":"https:\/\/www.diarioimagen.net\/index.php?rest_route=\/wp\/v2\/posts\/505537\/revisions"}],"wp:attachment":[{"href":"https:\/\/www.diarioimagen.net\/index.php?rest_route=%2Fwp%2Fv2%2Fmedia&parent=505537"}],"wp:term":[{"taxonomy":"category","embeddable":true,"href":"https:\/\/www.diarioimagen.net\/index.php?rest_route=%2Fwp%2Fv2%2Fcategories&post=505537"},{"taxonomy":"post_tag","embeddable":true,"href":"https:\/\/www.diarioimagen.net\/index.php?rest_route=%2Fwp%2Fv2%2Ftags&post=505537"}],"curies":[{"name":"wp","href":"https:\/\/api.w.org\/{rel}","templated":true}]}}