{"id":505561,"date":"2021-05-04T00:10:30","date_gmt":"2021-05-04T05:10:30","guid":{"rendered":"https:\/\/www.diarioimagen.net\/?p=505561"},"modified":"2021-05-04T00:03:33","modified_gmt":"2021-05-04T05:03:33","slug":"gobernantes-sojuzgados","status":"publish","type":"post","link":"https:\/\/www.diarioimagen.net\/?p=505561","title":{"rendered":"Gobernantes sojuzgados"},"content":{"rendered":"<h2>De frente y de perfil<\/h2>\n<h5>Ram\u00f3n Zurita Sahag\u00fan<\/h5>\n<p>&nbsp;<\/p>\n<p>La desaparici\u00f3n de poderes en los estados, las licencias de los gobernadores, los cambios de los mismos, el desconocimiento de los mandatarios y otros pretextos m\u00e1s son usados en la pol\u00edtica mexicana, en contra de aquellos gobernantes que rompen con el Presidente en turno o no se sujetan a los designios del mismo.<\/p>\n<p>Es una forma barroca de enjuiciar a los gobernadores, otras m\u00e1s de premiarlos y las m\u00e1s de ellas para recordarles que son estados libres y soberanos, hasta que los otros poderes quieran.<\/p>\n<p>Los Congresos locales son simplemente ap\u00e9ndices del Ejecutivo en turno y de la misma forma que el federal, cuando un partido tiene la mayor\u00eda, act\u00faa al comp\u00e1s de la m\u00fasica que les dicten sus patrocinadores.<\/p>\n<p>De todo hay en la pol\u00edtica mexicana y los ejemplos cunden, en esta y en otras \u00e9pocas, aunque algunas veces se presentan en forma m\u00e1s recurrentes y en otras, los due\u00f1os del poder act\u00faan en forma m\u00e1s mesurada.<\/p>\n<p>La desaparici\u00f3n del fuero del gobernador de Tamaulipas, Francisco Javier Garc\u00eda Cabeza de Vaca, es una m\u00e1s de las licencias que se toman los legisladores, aprovechando las bondades de la Constituci\u00f3n Pol\u00edtica de los Estados Unidos Mexicanos.<\/p>\n<p>Pero si la C\u00e1mara de Diputados encontr\u00f3 en las pruebas presentadas por la Fiscal\u00eda General de la Rep\u00fablica los elementos necesarios para desaforar al gobernador, se requiere de una orden de aprehensi\u00f3n en su contra para actuar en su contra, mientras podr\u00e1 seguir como gobernador, sin fuero.<\/p>\n<p>En M\u00e9xico, los cambios de gobernadores son una constante, seg\u00fan el humor del Ejecutivo federal en turno, ya que en racimos van cayendo, al perder la confianza de los personajes, sean los Presidentes de la Rep\u00fablica, enfrentarse con ellos, no actuar en la forma que se requiere, pero casi nunca se procede en contra de ellos por las tantas acusaciones que se les lanzan.<\/p>\n<p>Ah\u00ed es preferible esperar a que terminen su gesti\u00f3n y si es que hay voluntad pol\u00edtica proceder en su contra, aunque con total lentitud que los gobernadores tienen tiempo para escapar de la acci\u00f3n justicia y recurrir a la extradici\u00f3n de los mismos.<\/p>\n<p>Pocas son las ocasiones en que el Congreso de la Uni\u00f3n asume su funci\u00f3n y ejecuta la desaparici\u00f3n de poderes como sucedi\u00f3 en Guerrero con Alejandro G\u00f3mez Maganda en los inicios de la d\u00e9cada de los 50, del siglo pasado. Otros como Manuel Bartlett Bautista y Tom\u00e1s Marentes fueron obligados a solicitar licencia definitiva. A \u00d3scar Soto Mayn\u00e9z le provocaron una insurrecci\u00f3n armada para librarse de \u00e9l por los mismos tiempos, durante la administraci\u00f3n de Adolfo Ruiz Cortines.<\/p>\n<p>La Presidencia de Carlos Salinas de Gortari es, posiblemente, la que m\u00e1s gobernadores cambi\u00f3, aunque lo hizo en funci\u00f3n de sus necesidades, para ocupar cargos de primera o segunda l\u00ednea, sin importar las opiniones de los Congresos estatales. Sin embargo, tres gobernadores fueron obligados a solicitar licencia, bajo pretextos balad\u00edes, aunque se sab\u00eda que era un castigo por haber perdido las elecciones presidenciales: Xicot\u00e9ncatl Leyva, Mario Ram\u00f3n Beteta y Luis Mart\u00ednez Villica\u00f1a, a los que se incorpor\u00f3 al gobierno federal con cargos de segundo nivel.<\/p>\n<p>Todos los Presidentes de M\u00e9xico han usado esa estrategia de quitar y poner gobernadores, sin necesidad de violar la ley, ya que han contado con la complicidad o apoyo de los Congresos locales o federal.<\/p>\n<p>En el caso de Tamaulipas, resulta ser una entidad penetrada por los grupos delincuenciales que en algunos casos han llegado hasta lo m\u00e1s profundo de las estructuras de gobierno, habr\u00e1 que seguir de cerca lo que suceda con Francisco Javier Garc\u00eda Cabeza de Vaca y que tan ciertas son las denuncias presentadas en su contra.<\/p>\n<p style=\"text-align: center;\"><strong>*****<\/strong><\/p>\n<p>Pobre papel el que hace Ricardo Anaya Cort\u00e9s en pleno proceso electoral, sus visitas y peroratas son de \u00ednfima calidad y mejor deb\u00eda aprovechar el tiempo de campa\u00f1as para preparar mejores ofertas, si es que quiere ser nuevamente candidato presidencial.<\/p>\n<p>Iniciaron las campa\u00f1as en el estado de M\u00e9xico para las alcald\u00edas y las diputaciones locales, donde el PRI no parece gozar de un buen augurio. Prefiri\u00f3 guardar varias cartas para las posiciones plurinominales al Congreso local, ante la posibilidad de ser avasallado en las urnas.<\/p>\n<p><a href=\"mailto:ramonzurita44@hotmail.com\" target=\"_blank\" rel=\"noopener noreferrer\"><em>ramonzurita44@hotmail.com<\/em><\/a><\/p>\n","protected":false},"excerpt":{"rendered":"<p><span style=\"color: #005497;\"><strong>Ram\u00f3n Zurita Sahag\u00fan<\/strong><\/span><br \/>\n<br \/>\nLa desaparici\u00f3n de poderes en los estados, las licencias de los gobernadores, los cambios de los mismos, el desconocimiento de los mandatarios y otros pretextos m\u00e1s son usados en la pol\u00edtica mexicana, en contra de aquellos gobernantes que rompen con el Presidente en turno o no se sujetan a los designios del mismo.\u00a0<\/p>\n","protected":false},"author":3,"featured_media":0,"comment_status":"open","ping_status":"open","sticky":false,"template":"","format":"standard","meta":{"_monsterinsights_skip_tracking":false,"_monsterinsights_sitenote_active":false,"_monsterinsights_sitenote_note":"","_monsterinsights_sitenote_category":0,"footnotes":""},"categories":[234],"tags":[304,43674,43687],"class_list":["post-505561","post","type-post","status-publish","format-standard","hentry","category-ramon-zurita-sahagun","tag-de-frente-y-de-perfil","tag-opinion","tag-ramon-zurita-sahagun"],"_links":{"self":[{"href":"https:\/\/www.diarioimagen.net\/index.php?rest_route=\/wp\/v2\/posts\/505561","targetHints":{"allow":["GET"]}}],"collection":[{"href":"https:\/\/www.diarioimagen.net\/index.php?rest_route=\/wp\/v2\/posts"}],"about":[{"href":"https:\/\/www.diarioimagen.net\/index.php?rest_route=\/wp\/v2\/types\/post"}],"author":[{"embeddable":true,"href":"https:\/\/www.diarioimagen.net\/index.php?rest_route=\/wp\/v2\/users\/3"}],"replies":[{"embeddable":true,"href":"https:\/\/www.diarioimagen.net\/index.php?rest_route=%2Fwp%2Fv2%2Fcomments&post=505561"}],"version-history":[{"count":0,"href":"https:\/\/www.diarioimagen.net\/index.php?rest_route=\/wp\/v2\/posts\/505561\/revisions"}],"wp:attachment":[{"href":"https:\/\/www.diarioimagen.net\/index.php?rest_route=%2Fwp%2Fv2%2Fmedia&parent=505561"}],"wp:term":[{"taxonomy":"category","embeddable":true,"href":"https:\/\/www.diarioimagen.net\/index.php?rest_route=%2Fwp%2Fv2%2Fcategories&post=505561"},{"taxonomy":"post_tag","embeddable":true,"href":"https:\/\/www.diarioimagen.net\/index.php?rest_route=%2Fwp%2Fv2%2Ftags&post=505561"}],"curies":[{"name":"wp","href":"https:\/\/api.w.org\/{rel}","templated":true}]}}