{"id":505565,"date":"2021-05-04T00:12:46","date_gmt":"2021-05-04T05:12:46","guid":{"rendered":"https:\/\/www.diarioimagen.net\/?p=505565"},"modified":"2021-05-04T00:07:23","modified_gmt":"2021-05-04T05:07:23","slug":"los-sondeos-cierran-margenes-y-comienzan-a-clarear-horizonte-electoral","status":"publish","type":"post","link":"https:\/\/www.diarioimagen.net\/?p=505565","title":{"rendered":"Los sondeos cierran m\u00e1rgenes y comienzan a clarear horizonte electoral"},"content":{"rendered":"<h2>Tras la puerta del poder<\/h2>\n<h5>Roberto Vizca\u00edno<\/h5>\n<p>&nbsp;<\/p>\n<p>Con apenas unos cuantos d\u00edas de distancia y a un mes de la elecci\u00f3n, las encuestas en curso advierten ya proyecciones <strong>importantes<\/strong>en el proceso electoral <strong>m\u00e1s grande<\/strong> y <strong>transcendental<\/strong> de M\u00e9xico.<\/p>\n<p>No hay error en los <strong>adjetivos<\/strong>. De c\u00f3mo se definan los resultados centrales, los de diputados federales, depender\u00e1 el futuro inmediato y mediato de M\u00e9xico.<\/p>\n<p>Aqu\u00ed va a ser muy, pero muy dif\u00edcil, que Morena por s\u00ed misma pueda siquiera rebasar su tope anterior, el de 2018, que fue de 37 por ciento y 191 diputados. Cuando bien le vaya, lograr\u00e1 quiz\u00e1 los 130 diputados. Ah\u00ed, alcanzar una mayor\u00eda en votaciones futuras en San L\u00e1zaro depender\u00e1 de lo que logren sus aliados del Verde, PT, Redes Sociales y Fuerza M\u00e9xico.\u00a0\u00a0\u00a0\u00a0 En este contexto no deja de tener su encanto e importancia la contienda por las 15 gubernaturas.<\/p>\n<p>Y las encuestas m\u00e1s recientes, las de Arias y <em>El Financiero<\/em> casi <strong>parejean, <\/strong>salvo en el caso emblem\u00e1tico de Baja California, d\u00f3nde Arias ya da como rotundo ganador al pri\u00edsta <strong>Jorge Hank<\/strong> con 43 por ciento de los votos mientras que <em>El Financiero<\/em> lo baja hasta 14 por ciento. O sea&#8230; Aqu\u00ed, alguno se va a arrepentir luego del 6 de junio.<\/p>\n<p>El caso es que Arias no es el \u00fanico encuestador que da como triunfador a <strong>Hank<\/strong>. Entonces&#8230;<\/p>\n<p>En BCS, ambas empresas colocan como puntero al panista <strong>Francisco Pelayo<\/strong> con 52.7. <em>El Financiero<\/em> y con 51 por ciento Arias. En Campeche, <em>El Financiero<\/em> pone adelante a <strong>Eliseo Fernandez<\/strong> de Movimiento Ciudadano con 48.8 por ciento y Arias al pri\u00edsta <strong>Christian Castro<\/strong> con 34 por ciento. En Ambos casos la morenista <strong>Layda Sansores<\/strong> queda en lejano tercer lugar. \u00a1Uyyy! va a volver a perder, creo que por cuarta o quinta vez, ya ni se cu\u00e1ntas veces a participado.<\/p>\n<p>En Chihuahua, ambas encuestadoras dan como ganadora a la panista <strong>Maru Campos<\/strong> con m\u00e1s del 40 por ciento y en Colima las dos empresas igual ponen como triunfadora a la morenista <strong>Indira Vizca\u00edno<\/strong> con casi el 40 por ciento.<\/p>\n<p>En Guerrero, <em>El Financiero<\/em> da 42 puntos a <strong>Gladys Salgado<\/strong> y Arias 34 por ciento, pero muy cerca viene el pri\u00edsta <strong>Mario Moreno<\/strong> con unos cuantos puntos abajo.<\/p>\n<p>En Michoac\u00e1n la pelea ser\u00e1 entre <strong>Carlos Herrera<\/strong> por la alianza PRI-PAN-PR y el de Morena.<\/p>\n<p>Nayarit seguro se resolver\u00e1 a favor del doctor <strong>Miguel \u00c1ngel Navarro<\/strong> de Morena con casi 50 puntos de ventaja y en Nuevo Le\u00f3n -plaza que le saca \u00falceras a <strong>Andr\u00e9s Manuel L\u00f3pez Obrador<\/strong>-, triunfar\u00e1 el senador <strong>Samuel Garc\u00eda<\/strong>, de Movimiento Ciudadano. Tendr\u00eda que ocurrir algo muy grave para que no lo logre.<\/p>\n<p>En Quer\u00e9taro, es donde todo es m\u00e1s claro. Ah\u00ed no hay pierde ganar\u00e1 el panista <strong>Mauricio Kuri<\/strong> y en la vecina San Luis Potos\u00ed, todo apunta a que ganar\u00e1 el verde <strong>Ricardo Gallardo<\/strong>, dicen, muy cercano a grupos muy malos de esos con jefes buscados por la DEA de EU.<\/p>\n<p>En Sinaloa, lleva caballo de hacienda el moreno <strong>Rub\u00e9n Rocha<\/strong> pero pis\u00e1ndole los talones <strong>Marco Zamora<\/strong> del PAN-PRI-PRD mientras que en Sonora <strong>Alfonso Durazo<\/strong> que quien sabe de que partido es porque ha pasado por tantos que parece paleta muy manchada de pintor de quinta, ya fue rebasado por el pri\u00edsta <strong>Ernesto G\u00e1ndara<\/strong> quien parece que es inevitable ya que se lleve el triunfo.<\/p>\n<p>Y en Tlaxcala, la morenista <strong>Lorena Cuellar<\/strong> igual ha sido adelantada por la aliancista <strong>Anabell Avalos<\/strong> quien va arriba con m\u00e1s de 40 puntos mientras que en Zacatecas pues la marca <strong>Monreal<\/strong> pinta para llevar a <strong>David<\/strong> a la gubernatura.<\/p>\n<p style=\"text-align: center;\"><strong>La judicial, una reforma contra corrupci\u00f3n y nepotismo <\/strong><\/p>\n<p>El presidente de la Junta de Coordinaci\u00f3n Pol\u00edtica del Senado, el zacatecano <strong>Ricardo Monreal<\/strong> no se anda con rodeos: la reforma al Poder Judicial es simple y llanamente el resultado de una lucha contra la corrupci\u00f3n, la deshonestidad, el nepotismo y la compra de resoluciones al mejor postor, que invadi\u00f3 a este poder, dice.<\/p>\n<p>Consider\u00f3 que la decisi\u00f3n del Legislativo de extender el cargo del presidente de la Suprema Corte deriv\u00f3 en miles de opiniones que han generado una polarizaci\u00f3n que deber\u00e1 ser resuelta por la Suprema Corte.<\/p>\n<p><strong>Monreal<\/strong> subray\u00f3 que en M\u00e9xico la democracia se atrofi\u00f3, y el poder judicial sufri\u00f3 un deterioro inocultable que lo llev\u00f3 a una grave crisis de legitimidad, agravada en las \u00faltimas d\u00e9cadas.<\/p>\n<p style=\"text-align: center;\"><strong>Va por su reelecci\u00f3n <\/strong><\/p>\n<p><strong>Esmeralda de los \u00c1ngeles Moreno Medina<\/strong>, diputada federal del PES por el Distrito 26 de Toluca, es una de las casi 450 legisladores y legisladoras federales que buscar\u00e1n la reelecci\u00f3n este 6 de junio.<\/p>\n<p>Como antecedente para lograrlo tiene su experiencia como ex ministerio P\u00fablico en la Fiscal\u00eda de Secuestros en el Estado de M\u00e9xico. De ah\u00ed, su valiosa aportaci\u00f3n en tareas de asesor\u00eda a mujeres y ni\u00f1os que son violentados o agredidos. Entre sus propuestas plantea buscar el impulso a la equidad econ\u00f3mica entre mujeres y hombres y el impulso a nuevas tecnolog\u00edas como un medio para el desarrollo personal y comunitario. Otra de sus vertientes legislativas es la lucha por la salud plena de sus representados.<\/p>\n<p><em><a href=\"mailto:rvizcainoa@gmail.com\" target=\"_blank\" rel=\"noopener noreferrer\">rvizcainoa@gmail.com<\/a><br \/>\n<u><a href=\"http:\/\/endirecto.mx\" target=\"_blank\" rel=\"noopener noreferrer\">www.endirecto.mx<\/a><br \/>\n<a href=\"https:\/\/twitter.com\/_rvizcaino\" target=\"_blank\" rel=\"noopener noreferrer\">@_RVizcaino<\/a><br \/>\n<a href=\"https:\/\/www.facebook.com\/rvizcainoa\" target=\"_blank\" rel=\"noopener noreferrer\">facebook.com\/rvizcainoa<\/a><\/u><\/em><\/p>\n","protected":false},"excerpt":{"rendered":"<p><span style=\"color: #005497;\"><strong>Roberto Vizca\u00edno<\/strong><\/span><br \/>\n<br \/>\nCon apenas unos cuantos d\u00edas de distancia y a un mes de la elecci\u00f3n, las encuestas en curso advierten ya proyecciones importantesen el proceso electoral m\u00e1s grande y transcendental de M\u00e9xico.<\/p>\n","protected":false},"author":3,"featured_media":0,"comment_status":"open","ping_status":"open","sticky":false,"template":"","format":"standard","meta":{"_monsterinsights_skip_tracking":false,"_monsterinsights_sitenote_active":false,"_monsterinsights_sitenote_note":"","_monsterinsights_sitenote_category":0,"footnotes":""},"categories":[136],"tags":[43674,93,94],"class_list":["post-505565","post","type-post","status-publish","format-standard","hentry","category-roberto-vizcaino-opinion","tag-opinion","tag-roberto-vizcaino","tag-tras-la-puerta-del-poder"],"_links":{"self":[{"href":"https:\/\/www.diarioimagen.net\/index.php?rest_route=\/wp\/v2\/posts\/505565","targetHints":{"allow":["GET"]}}],"collection":[{"href":"https:\/\/www.diarioimagen.net\/index.php?rest_route=\/wp\/v2\/posts"}],"about":[{"href":"https:\/\/www.diarioimagen.net\/index.php?rest_route=\/wp\/v2\/types\/post"}],"author":[{"embeddable":true,"href":"https:\/\/www.diarioimagen.net\/index.php?rest_route=\/wp\/v2\/users\/3"}],"replies":[{"embeddable":true,"href":"https:\/\/www.diarioimagen.net\/index.php?rest_route=%2Fwp%2Fv2%2Fcomments&post=505565"}],"version-history":[{"count":0,"href":"https:\/\/www.diarioimagen.net\/index.php?rest_route=\/wp\/v2\/posts\/505565\/revisions"}],"wp:attachment":[{"href":"https:\/\/www.diarioimagen.net\/index.php?rest_route=%2Fwp%2Fv2%2Fmedia&parent=505565"}],"wp:term":[{"taxonomy":"category","embeddable":true,"href":"https:\/\/www.diarioimagen.net\/index.php?rest_route=%2Fwp%2Fv2%2Fcategories&post=505565"},{"taxonomy":"post_tag","embeddable":true,"href":"https:\/\/www.diarioimagen.net\/index.php?rest_route=%2Fwp%2Fv2%2Ftags&post=505565"}],"curies":[{"name":"wp","href":"https:\/\/api.w.org\/{rel}","templated":true}]}}