{"id":505733,"date":"2021-05-05T00:02:54","date_gmt":"2021-05-05T05:02:54","guid":{"rendered":"https:\/\/www.diarioimagen.net\/?p=505733"},"modified":"2021-05-05T00:23:41","modified_gmt":"2021-05-05T05:23:41","slug":"seguro-que-ebrard-no-debe-nada-en-accidente-de-linea-12","status":"publish","type":"post","link":"https:\/\/www.diarioimagen.net\/?p=505733","title":{"rendered":"\u00bfSeguro que Ebrard no debe nada en accidente de L\u00ednea 12?"},"content":{"rendered":"<h2>La Retaguardia<\/h2>\n<h5>Adriana Moreno Cordero<\/h5>\n<p>&nbsp;<\/p>\n<ul>\n<li><strong><em>Claudia Sheinbaum todav\u00eda defiende a Serran\u00eda, directora del Metro<\/em><\/strong><\/li>\n<\/ul>\n<p>&nbsp;<\/p>\n<p>\u201cEl que nada debe, nada teme\u201d, reza un cl\u00e1sico refr\u00e1n del que ech\u00f3 mano ni m\u00e1s ni menos que el flamante secretario de Relaciones Exteriores, <strong>Marcelo Ebrard,<\/strong> porque en un p\u00e9simo momento, cuando se sent\u00eda \u00e9l y sus seguidores lo ve\u00edan como el \u201csupersecretario\u201d de las vacunas, el \u201cmisi\u00f3n cumplida\u201d, se registr\u00f3 este terrible accidente en la L\u00ednea 12 del Metro, que se construy\u00f3 e inaugur\u00f3 durante la gesti\u00f3n del hoy exitoso canciller, como jefe de Gobierno de la Ciudad de M\u00e9xico y que lo oblig\u00f3 a exiliarse en Par\u00eds por espacio de algo as\u00ed como dos a\u00f1os, entonces, \u00bfest\u00e1 completamente seguro el titular de la SRE que \u00e9l no debe nada?<\/p>\n<p>Desde luego que no es nuevo eso de que Ebrard Casaubon tiene responsabilidades en las irregularidades que esa L\u00ednea del Sistema de Transporte Colectivo ven\u00eda presentando y en qu\u00e9 mal momento le vino tanto a \u00e9l como a su partido, Morena, en plena cuenta regresiva para las elecciones del ya pr\u00f3ximo 6 de junio. Eso, se lo cobrar\u00e1n en las urnas.<\/p>\n<p>Y desde luego que si bien, en su gustad\u00edsima conferencia de prensa ma\u00f1anera, el presidente <strong>Andr\u00e9s Manuel L\u00f3pez Obrador<\/strong> -que durante toda la noche de la tragedia no se asom\u00f3 ni por casualidad-, dio todo el respaldo de Palacio Nacional a la jefa de Gobierno de la Ciudad de M\u00e9xico, <strong>Claudia Sheinbaum<\/strong>, s\u00ed tuvo a bien poner por delante a \u00bfla mejor alcaldesa del mundo?, que por cierto, no atinaba a qu\u00e9 hacer ante esa cat\u00e1strofe, as\u00ed como al propio Marcelo Ebrard, que ya se ve\u00eda cubierto de gloria por sus gestiones en Rusia para la adquisici\u00f3n o regalo de las vacunas Sputnik V y el tremendo colapso de la L\u00ednea 12, <em>la dorada<\/em>, de la que tanto se ufan\u00f3, le vino a amargar el momento y en la peor circunstancia.<\/p>\n<p>Desde que la flamante jefa del Gobierno capitalino, arrib\u00f3 al lugar del desastre, se le ve\u00eda seriamente afectada, con una palidez poco usual y con un conflicto cada vez m\u00e1s dif\u00edcil de controlar porque d\u00eda a d\u00eda se suman las voces para exigir la renuncia ni m\u00e1s ni menos que de la siempre eficiente directora del Sistema de Transporte Colectivo Metro, <strong>Florencia Serran\u00eda<\/strong>, que tartamudeando rechaz\u00f3 irse y prometi\u00f3 que colaborar\u00e1 con la Fiscal\u00eda de la CDMX para que se conozca la falla estructural que produjo la desgracia que dej\u00f3 un terrible saldo de 24 personas fallecidas.<\/p>\n<p>Puros lugares comunes, eso es lo que han dicho todos los funcionarios capitalinos, empezando por la propia Sheinbaum: llegar hasta el fondo; hacer justicia, realizar las investigaciones correspondientes; que el Metro se revisa todos los d\u00edas y una seria de palabrer\u00eda hueca.<\/p>\n<p>Pese a la angustia, la se\u00f1ora Sheinbaum Pardo se dio tiempo para defender a su eficiente funcionaria, la directora del Metro, argumentando que, \u201caqu\u00ed el tema es qui\u00e9n es responsable, \u2026entonces tenemos que saber c\u00f3mo est\u00e1n las responsabilidades y tomar decisiones\u201d.<\/p>\n<p>Otra parte importante de la estrategia que sigui\u00f3 el equipo del gobierno capitalino fue \u201cecharse la bolita\u201d unos a otros, porque es un hecho que hicieron caso omiso de las constantes denuncias de los vecinos sobre las afectaciones a la estructura en diversas estaciones del Metro. Nadie en el Antiguo Palacio del Ayuntamiento hizo caso y de manera tr\u00e1gica se dejaron sentir las consecuencias.<\/p>\n<p>Tampoco es desconocido que esta tristemente famosa <em>L\u00ednea Dorada<\/em>, ha registrado innumerables deficiencias que se han reflejado en accidentes e incluso, recientemente estuvo cerrada por alrededor de un a\u00f1o, mientras por toda la red del Sistema de Transporte Colectivo, los comentarios en torno a que los empleados son amenazados con despedirlos si se atreven a denunciar las muchas deficiencias que presenta el Metro en general, se han acentuado.<\/p>\n<p>As\u00ed que lo que deber\u00edan contemplar las autoridades capitalinas, es que tienen una bomba de tiempo en las manos, pues trabajadores del STC, podr\u00edan irse a huelga por las muchas deficiencias que se presentan en todas las l\u00edneas del Metro.<\/p>\n<p><strong>Jes\u00fas Urban<\/strong>, jefe de la estaci\u00f3n de la L\u00ednea 12 del Metro y dirigente sindical, hizo la voz de sus compa\u00f1eros para demandar que por dignidad, la se\u00f1ora ingeniera el\u00e9ctrica Florencia Serran\u00eda renuncie, porque goza de impunidad total y a decir de los trabajadores, s\u00f3lo trata de sacar beneficio en su gesti\u00f3n al frente del Metro, am\u00e9n de que no cumple con el perfil -ni ella ni su equipo-, porque desconoce la operatividad de este sistema de transporte.<\/p>\n<p>Finalmente, y aunque no se quiera, este tema ha adquirido una connotaci\u00f3n pol\u00edtica porqu, -como se anot\u00f3 en l\u00edneas anteriores-, se registr\u00f3 a casi un mes de los comicios de junio pr\u00f3ximo, por eso, \u00bfen qu\u00e9 medida afectar\u00e1 a Morena en las urnas?, adem\u00e1s de las posibilidades que se supone que tienen Ebrard y Sheinbaum para 2024, a lo mejor se esfuman.<\/p>\n<p style=\"text-align: center;\"><strong>Municiones<\/strong><\/p>\n<p>*** <strong>Electrolit<\/strong> y el Consejo Mundial de Boxeo (CMB) presentaron la alianza estrat\u00e9gica que llevar\u00e1n a cabo para la investigaci\u00f3n y divulgaci\u00f3n de los beneficios sobre la adecuada hidrataci\u00f3n en el deporte de los guantes. Dicha alianza tiene como objetivo informar eficazmente a todos los amantes y seguidores del boxeo, cu\u00e1les son las ventajas y beneficios que brinda el tener una buena hidrataci\u00f3n. La informaci\u00f3n ser\u00e1 difundida a trav\u00e9s de c\u00e1psulas audiovisuales que incluir\u00e1n recomendaciones b\u00e1sicas y sencillas sobre c\u00f3mo obtener mejores resultados en los entrenamientos, hidrat\u00e1ndose con la adecuada combinaci\u00f3n de glucosa y electrolitos que ofrece un suero rehidratante como Electrolit. Adem\u00e1s, se crear\u00e1 un comit\u00e9 m\u00e9dico que se encargar\u00e1 de realizar una investigaci\u00f3n detallada durante los entrenamientos del grupo de campeones que defender\u00e1n su t\u00edtulo, ya que estos deportistas experimentan un gran desgaste f\u00edsico durante cada entrenamiento. \u201cEstamos muy entusiasmados de iniciar este proceso de investigaci\u00f3n de la mano con Electrolit, ya que sabemos que la hidrataci\u00f3n es una pieza clave para lograr el mejor rendimiento en los campeones mundiales. En el tema del pesaje, la deshidrataci\u00f3n y rehidrataci\u00f3n juegan un papel de vital importancia para el CMB\u201d, asegur\u00f3 Mauricio Sulaim\u00e1n, presidente del Consejo Mundial de Boxeo. Por su parte, <strong>\u00d3scar Reveles Caballero<\/strong>, Gerente Nacional de Patrocinios y Eventos de Electrolit, asegur\u00f3 que la marca se siente honrada al ser nombrada como \u201cHidratador Oficial del CMB\u201d.<\/p>\n<p>&nbsp;<\/p>\n<p>*** La bancada del PAN en el Senado de la Rep\u00fablica, que coordina <strong>Julen Rementer\u00eda<\/strong>, anunci\u00f3 que presentar\u00e1 a la Comisi\u00f3n Permanente del Congreso de la Uni\u00f3n la creaci\u00f3n de una Comisi\u00f3n Especial para dar seguimiento a las investigaciones sobre estos tr\u00e1gicos registrados en el rumbo de Tl\u00e1huac. Lo malo es que el destino de las Comisiones Especiales\u00a0 que se han creado, es muy incierto porque pr\u00e1cticamente no sirven de mucho, o m\u00e1s bien de nada. Muy malo tambi\u00e9n, que los panistas <strong>Christian Von Roehrich, Federico D\u00f6ring<\/strong>, y <strong>Andr\u00e9s Atayde<\/strong>, se hayan apersonado en el lugar de la desgracia a hacer proselitismo, eso no es \u00e9tico y sin duda, algo deber\u00edan hacer en el CEN\u00a0 albiazul que encabeza <strong>Marko Cort\u00e9s<\/strong>.<\/p>\n<p><u><a href=\"mailto:morcora@gmail.com\" target=\"_blank\" rel=\"noopener noreferrer\"><em>morcora@gmail.com<\/em><\/a><\/u><\/p>\n","protected":false},"excerpt":{"rendered":"<p><span style=\"color: #005497;\"><strong>Adriana Moreno Cordero<\/strong><\/span><\/p>\n","protected":false},"author":3,"featured_media":0,"comment_status":"open","ping_status":"open","sticky":false,"template":"","format":"standard","meta":{"_monsterinsights_skip_tracking":false,"_monsterinsights_sitenote_active":false,"_monsterinsights_sitenote_note":"","_monsterinsights_sitenote_category":0,"footnotes":""},"categories":[69370],"tags":[69369,69368,43674],"class_list":["post-505733","post","type-post","status-publish","format-standard","hentry","category-adriana-moreno-cordero","tag-adriana-moreno-cordero","tag-la-retaguardia","tag-opinion"],"_links":{"self":[{"href":"https:\/\/www.diarioimagen.net\/index.php?rest_route=\/wp\/v2\/posts\/505733","targetHints":{"allow":["GET"]}}],"collection":[{"href":"https:\/\/www.diarioimagen.net\/index.php?rest_route=\/wp\/v2\/posts"}],"about":[{"href":"https:\/\/www.diarioimagen.net\/index.php?rest_route=\/wp\/v2\/types\/post"}],"author":[{"embeddable":true,"href":"https:\/\/www.diarioimagen.net\/index.php?rest_route=\/wp\/v2\/users\/3"}],"replies":[{"embeddable":true,"href":"https:\/\/www.diarioimagen.net\/index.php?rest_route=%2Fwp%2Fv2%2Fcomments&post=505733"}],"version-history":[{"count":0,"href":"https:\/\/www.diarioimagen.net\/index.php?rest_route=\/wp\/v2\/posts\/505733\/revisions"}],"wp:attachment":[{"href":"https:\/\/www.diarioimagen.net\/index.php?rest_route=%2Fwp%2Fv2%2Fmedia&parent=505733"}],"wp:term":[{"taxonomy":"category","embeddable":true,"href":"https:\/\/www.diarioimagen.net\/index.php?rest_route=%2Fwp%2Fv2%2Fcategories&post=505733"},{"taxonomy":"post_tag","embeddable":true,"href":"https:\/\/www.diarioimagen.net\/index.php?rest_route=%2Fwp%2Fv2%2Ftags&post=505733"}],"curies":[{"name":"wp","href":"https:\/\/api.w.org\/{rel}","templated":true}]}}