{"id":505735,"date":"2021-05-05T00:05:44","date_gmt":"2021-05-05T05:05:44","guid":{"rendered":"https:\/\/www.diarioimagen.net\/?p=505735"},"modified":"2021-05-05T00:26:19","modified_gmt":"2021-05-05T05:26:19","slug":"nuevo-colapso-en-el-metro","status":"publish","type":"post","link":"https:\/\/www.diarioimagen.net\/?p=505735","title":{"rendered":"Nuevo colapso en el Metro"},"content":{"rendered":"<h2>Desde el portal<\/h2>\n<h5>\u00c1ngel Soriano<\/h5>\n<p>&nbsp;<\/p>\n<p>Desde mala calidad de las estructuras, da\u00f1os originados por los sismos, fallas en la energ\u00eda el\u00e9ctrica y deficiencias -corrupci\u00f3n, p\u00e9sima\u00a0 calidad de los materiales, improvisaci\u00f3n-, todo se incluye entre los errores que provoc\u00f3 un nuevo colapso en el Metro, en la L\u00ednea 12, siempre cuestionada por su mala planeaci\u00f3n y ejecuci\u00f3n.<\/p>\n<p>En contraste, el resto de las l\u00edneas, las construidas hace m\u00e1s de 50 a\u00f1os, siguen vigentes y flamantes; desde luego que han tenido fallas, pero a consecuencia de la falta de mantenimiento y errores humanos, pero no al nivel de las que se han construido en las \u00faltimas d\u00e9cadas y entre las que se incluyen las administraciones de la llamada izquierda.<\/p>\n<p>La izquierda siempre ha criticado a la derecha y la ha culpado de todo; afortunadamente est\u00e1n vivitos y coleando -y en ascenso pol\u00edtico permanente-\u00a0los \u00faltimos responsables directos de la administraci\u00f3n capitalina que deben rendir cuentas a la ciudadan\u00eda, porque no es s\u00f3lo la L\u00ednea 12, es el centro de mantenimiento, en pleno Centro Hist\u00f3rico, y otros hechos.<\/p>\n<p>Gustavo D\u00edaz Ordaz seguramente descansa tranquilamente de haber construido para la ciudad, bajo el mando del general Alfonso Corona del Rosal, las primeras l\u00edneas del Metro, lo mismo que el general Porfirio D\u00edaz, con Bellas Artes, Palacio Postal y Miner\u00eca, El \u00c1ngel de la Independencia, y l\u00edneas f\u00e9reas por todo el pa\u00eds. \u00bfY nuestros \u00faltimos Presidentes que han hecho?<\/p>\n<p style=\"text-align: center;\"><strong>Turbulencias<br \/>\nNegocio il\u00edcito de 240 mdp mensuales en la Cuauht\u00e9moc<\/strong><\/p>\n<p>\u00a0Marco Rasc\u00f3n C\u00f3rdova, candidato de Movimiento Ciudadano a la alcald\u00eda de Cuauht\u00e9moc, se\u00f1al\u00f3 que la demarcaci\u00f3n representa un gran negocio de 60 millones de pesos semanales por concepto de ambulantaje, que se traduce en casi 240 millones de pesos mensuales que no ingresan a la Tesorer\u00eda local. Ante vecinos del Conjunto Habitacional Cipr\u00e9s de la colonia Atlampa dijo que esos recursos son fruto del \u201centre\u201d y la negociaci\u00f3n pol\u00edtica con grupos y l\u00edderes de ambulantes en toda la ciudad\u2026 El Instituto Oaxaque\u00f1o de Atenci\u00f3n al Migrante (IOAM) inform\u00f3 que de acuerdo al Banco de M\u00e9xico, de enero a marzo del presente a\u00f1o ingresaron al pa\u00eds un total de 10 mil 623.27 millones de d\u00f3lares en concepto de recepci\u00f3n de remesas, un incremento del 13% en comparaci\u00f3n con el mismo lapso de tiempo del 2020, cuando se recibieron un total de 9 mil 397.71 millones de d\u00f3lares, lo que representan mil 225.56 millones de d\u00f3lares de aumento&#8230; La\u00a0Coparmex CDMX firm\u00f3 un convenio de colaboraci\u00f3n con la empresa de consultor\u00eda Royal Moratti con un valor de 3 millones 800 mil d\u00f3lares, para ayudar a la recuperaci\u00f3n econ\u00f3mica de la Ciudad de M\u00e9xico y de manera especial al sector turismo que tuvo en 2020 el peor a\u00f1o para la industria, tanto en porcentaje de ocupaci\u00f3n hotelera, llegada de visitantes y derrama econ\u00f3mica, tras alcanzar m\u00e1s de 76,000 millones de pesos de p\u00e9rdidas comparado con 2019&#8230; Los \u00c1ngeles Azules y tequila Centenario\u00a0se unen en busca de personas de talento en M\u00e9xico, para formar parte de la Cumbia m\u00e1s Grande y as\u00ed ser parte de la historia musical. Del 6 de mayo al 20 los interesados podr\u00e1n subir su video a Facebook, utilizando el hashtag #CUMBIACENTENARIO, asegur\u00e1ndose que la privacidad de su video sea p\u00fablica para que los jueces puedan verlo y calificarlo.<\/p>\n<p><a href=\"mailto:asorianocarrasco@yahoo.com\" target=\"_blank\" rel=\"noopener noreferrer\"><em>asorianocarrasco@yahoo.com<\/em><\/a><br \/>\n<em><a href=\"https:\/\/revistabrecha.com\" target=\"_blank\" rel=\"noopener noreferrer\">www.revistabrecha.com<\/a><br \/>\n<a href=\"https:\/\/twitter.com\/brecharevista\" target=\"_blank\" rel=\"noopener noreferrer\">@BrechaRevista<\/a><\/em><\/p>\n","protected":false},"excerpt":{"rendered":"<p><span style=\"color: #005497;\"><strong>\u00c1ngel Soriano<\/strong><\/span><\/p>\n","protected":false},"author":3,"featured_media":0,"comment_status":"open","ping_status":"open","sticky":false,"template":"","format":"standard","meta":{"_monsterinsights_skip_tracking":false,"_monsterinsights_sitenote_active":false,"_monsterinsights_sitenote_note":"","_monsterinsights_sitenote_category":0,"footnotes":""},"categories":[135],"tags":[85,86,43674],"class_list":["post-505735","post","type-post","status-publish","format-standard","hentry","category-angel-soriano-opinion","tag-angel-soriano","tag-desde-el-portal","tag-opinion"],"_links":{"self":[{"href":"https:\/\/www.diarioimagen.net\/index.php?rest_route=\/wp\/v2\/posts\/505735","targetHints":{"allow":["GET"]}}],"collection":[{"href":"https:\/\/www.diarioimagen.net\/index.php?rest_route=\/wp\/v2\/posts"}],"about":[{"href":"https:\/\/www.diarioimagen.net\/index.php?rest_route=\/wp\/v2\/types\/post"}],"author":[{"embeddable":true,"href":"https:\/\/www.diarioimagen.net\/index.php?rest_route=\/wp\/v2\/users\/3"}],"replies":[{"embeddable":true,"href":"https:\/\/www.diarioimagen.net\/index.php?rest_route=%2Fwp%2Fv2%2Fcomments&post=505735"}],"version-history":[{"count":0,"href":"https:\/\/www.diarioimagen.net\/index.php?rest_route=\/wp\/v2\/posts\/505735\/revisions"}],"wp:attachment":[{"href":"https:\/\/www.diarioimagen.net\/index.php?rest_route=%2Fwp%2Fv2%2Fmedia&parent=505735"}],"wp:term":[{"taxonomy":"category","embeddable":true,"href":"https:\/\/www.diarioimagen.net\/index.php?rest_route=%2Fwp%2Fv2%2Fcategories&post=505735"},{"taxonomy":"post_tag","embeddable":true,"href":"https:\/\/www.diarioimagen.net\/index.php?rest_route=%2Fwp%2Fv2%2Ftags&post=505735"}],"curies":[{"name":"wp","href":"https:\/\/api.w.org\/{rel}","templated":true}]}}