{"id":505747,"date":"2021-05-05T00:11:06","date_gmt":"2021-05-05T05:11:06","guid":{"rendered":"https:\/\/www.diarioimagen.net\/?p=505747"},"modified":"2021-05-05T00:33:50","modified_gmt":"2021-05-05T05:33:50","slug":"nada-bien-le-pintan-las-elecciones-a-morena","status":"publish","type":"post","link":"https:\/\/www.diarioimagen.net\/?p=505747","title":{"rendered":"Nada bien le pintan las elecciones a Morena"},"content":{"rendered":"<h2>\u00cdndice pol\u00edtico<\/h2>\n<h5>Francisco Rodr\u00edguez<\/h5>\n<p>&nbsp;<\/p>\n<p>El pueblo est\u00e1 exhausto. No soporta m\u00e1s que la pol\u00edtica sea eso que s\u00f3lo le interesa a los pol\u00edticos, ni que se tome como una argucia para calmar instintos de perpetuidad en el poder. La pol\u00edtica es aquello que hoy nos interesa a todos porque esas dos posturas tradicionales son las que nos tienen en coma.<\/p>\n<p>La Naci\u00f3n, enferma, hambrienta, desempleada y sedienta de justicia es la que est\u00e1 de por medio. Si no la hemos tomado en cuenta en el pasado hoy es tiempo de hacerlo, de actuar pensando en la democracia, en la supervivencia y hasta de un elemental sentido del honor y del decoro.<\/p>\n<p>El voto de castigo vela armas desde ahora, porque la opacidad, el desmadre, la corrupci\u00f3n, el simulacro y la mentira han encarnado en el modito Tepetit\u00e1n de gobernar. Eso de esconder por cinco a\u00f1os los contratos de las vacunas imposibles ha colmado el plato.<\/p>\n<p>Lo mismo que la t\u00e1ctica de no hacer p\u00fablico el informe sobre los costos y los concesionarios de la refiner\u00eda de Dos Bocas, ni los datos sobre los terrenos para la construcci\u00f3n de los cuartelillos de ese bodrio que a final de cuentas es la Guardia Nacional, o el poner en reserva por cinco a\u00f1os la informaci\u00f3n sobre los proyectos fracasados de Pemex. Todo huele a zorrillo aplastado a media carretera.<\/p>\n<p style=\"text-align: center;\"><strong>\u00bfSobrevivir\u00e1 la Naci\u00f3n despu\u00e9s de la destrucci\u00f3n de dos a\u00f1os?<\/strong><\/p>\n<p>Todo es materia de encubrimiento: las razones para liberar a Ovidio\u00a0<em>El Rat\u00f3n<\/em>\u00a0Guzm\u00e1n, la informaci\u00f3n sobre la compra de los terrenos de Santa Luc\u00eda, la reserva de la investigaci\u00f3n sobre el caso Cienfuegos, los dispendios de Beatriz Guti\u00e9rrez la c\u00f3nyuge sedicente, todo es materia de soslayo, de secretos de polic\u00edas chinos sobre materias ya juzgadas por la opini\u00f3n p\u00fablica.<\/p>\n<p>Debemos conocer de primera mano los trastupijes de quien se piensa \u201ccaudillo\u201d, pero no es m\u00e1s que un caporal habilitado para encubrir las actividades del narcotr\u00e1fico, encargado de desaparecer toda duda\u200e sobre las sarracinas que se cometan, tiene que pasar a la b\u00e1scula, o m\u00ednimo ser reducido a funciones que no sean una amenaza para la seguridad nacional.<\/p>\n<p>Al fin y al cabo, los ricos empoderados s\u00f3lo son pobres diablos que quieren acumular m\u00e1s dinero. Ahora debemos obligarlos a que creen empleos y hagan con el poder algo de provecho. Ese es el punto fino de la fiesta. Que hasta aqu\u00ed lleguen, porque todos somos iguales. La pregunta a resolver es si puede sobrevivir la Naci\u00f3n despu\u00e9s de toda la destrucci\u00f3n llevada a cabo en s\u00f3lo dos a\u00f1os.<\/p>\n<p>La pregunta es \u00bfqu\u00e9 queda si ya se burl\u00f3 el sentido del voto popular de hace dos a\u00f1os? \u00bfSi el voto del cambio esperado s\u00f3lo cambi\u00f3 el aparato administrativo, pero no el sistema, ni el r\u00e9gimen, ni la depredaci\u00f3n? \u00a1Si no se ha cumplido ning\u00fan compromiso de justicia, de distribuci\u00f3n, de planeaci\u00f3n? \u00bf Qu\u00e9 puede quedar, si no es la restauraci\u00f3n?<\/p>\n<p style=\"text-align: center;\"><strong>Pa\u00eds de un solo sujeto que hace todo lo que las leyes le proh\u00edben<\/strong><\/p>\n<p>La pandemia enquistada por incompetencia y las enfermedades ordinarias, imposibles de atender por la falta de medicinas, cuyo presupuesto se ha dedicado a la obsesi\u00f3n electoral, es un c\u00f3ctel peligroso que atenta directamente contra los m\u00e1s pobres y engorda los bolsillos de quienes m\u00e1s tienen.<\/p>\n<p>En un abrir y cerrar de ojos, en s\u00f3lo dos a\u00f1os, M\u00e9xico se ha convertido en una dictadura feroz. La divisa generalizada es s\u00f3lo apropiarse de los dem\u00e1s, con un a\u00f1adido macabro: nadie tiene derecho a vivir fuera de sus redes de complicidad, ni a reprochar el pantano de sus truculencias, pues seg\u00fan ellos, todo se hace en nombre de una enga\u00f1osa transformaci\u00f3n.<\/p>\n<p>Nadie puede, ni debe, resistirse a sus corruptelas. El que lo haga, est\u00e1 de antemano fuera de su mundo. Su ferocidad es cobarde y ventajosa en grado sumo. Este es el pa\u00eds de un solo sujeto enfebrecido por el poder, capaz de hacer todo lo que las leyes proh\u00edben, a contrapelo del mundo y de la convivencia pac\u00edfica. Y as\u00ed no se puede.<\/p>\n<p style=\"text-align: center;\"><strong>Imperativo actuar, antes de que M\u00e9xico sea pasto de las llamas<\/strong><\/p>\n<p>El objetivo de las elecciones intermedias no es otro que desarmar a los traidores a las causas nacionales, a los farsantes que se formaron en las comedias del populacho estudiantil para despu\u00e9s agacharse ante la m\u00ednima solicitud de los poderosos, y a\u00fan sin ella. Dispuestos a todas las verg\u00fcenzas, con tal de conservar sus privilegios y su desatada ambici\u00f3n.<\/p>\n<p>El remedio no puede ser otro que lo contrario a los que estos sujetos han representado para la suerte del pa\u00eds. Es por eso que ya nadie se sorprende cuando se le dice que se necesita revisar lo prestado e imponer otro estilo de vida para luchar en serio contra la injusticia, la inseguridad, el militarismo, el hambre y la miseria. Ya nadie quiere seguir encadenado a esta locura.<\/p>\n<p>Es un imperativo nacional. No lo oye s\u00f3lo el enajenado que no quiere escuchar. Es el momento de actuar, ma\u00f1ana puede ser demasiado tarde y adem\u00e1s no lo perdonar\u00e1 nadie que pueda subsistir en este territorio en llamas.<\/p>\n<p style=\"text-align: center;\"><strong>En elecciones locales Morena se ha derrumbado hasta en un 60%<\/strong><\/p>\n<p>Unidos, sociedad y gobierno, debemos recuperar la interlocucion, sembrar los puntos de acuerdo, generar la confianza necesaria para que regrese la inversi\u00f3n productiva, para hacer que renazcan las actividades agropecuarias, mercantiles, industriales y de servicios.<\/p>\n<p>Un ligero acercamiento a los pron\u00f3sticos electorales del pr\u00f3ximo e inminente mes de junio, nos indica que los \u00e1nimos del votante antisistema morenista est\u00e1n realmente caldeados: la votaci\u00f3n por Morena en las elecciones locales se ha derrumbado hasta en un sesenta\u00a0\u00a0por ciento en promedio, de la obtenida en las presidenciales de 2018.<\/p>\n<p>Nos indican los estudios demosc\u00f3picos serios que la votaci\u00f3n obtenida en su peor momento por los partidos de la alianza federalista, PAN, PRI y PRD ser\u00eda comparable o mayor que la obtenida por Morena. En los peores momentos, los partidos de la coalici\u00f3n han alcanzado seis o siete puntos por encima del partido oficial. Y se trata de datos duros, incluso levantados en los distritos que est\u00e1n en juego.<\/p>\n<p style=\"text-align: center;\"><strong>Imposible que los nuevos partidos puedan conservar su registro<\/strong><\/p>\n<p>Las esperanzas del oficialismo radican en que los partidos sat\u00e9lites a los que se les concedi\u00f3 el registro de \u00faltima hora, puedan aportar la cantidad de votos que sea necesaria para lograr la mayor\u00eda en la C\u00e1mara de Diputados y ganar la mayor\u00eda de las quince gubernaturas en disputa, m\u00e1s alcald\u00edas y diputaciones locales.<\/p>\n<p>\u00a1L\u00e1stima! Es una misi\u00f3n imposible para los partidarios de Morena. Los partiditos sat\u00e9lites no han podido comprobar que puedan conservar su registro. Mientras el PT y el Verde son chivos demasiado vistos como para generar avalanchas de simpat\u00edas.<\/p>\n<p>Para lo \u00fanico que est\u00e1n sirviendo es para ser el colch\u00f3n de ca\u00edda donde se postulen los candidatos desechados por las tribus de Morena y est\u00e9n en posibilidades de competir. Los votos que puedan atraer los Verdes y los del Trabajo, coaligados con Morena, pero resentidos por haber sido hechos a un lado en candidaturas donde quer\u00edan puntear, son tan inciertos como enga\u00f1osos.<\/p>\n<p style=\"text-align: center;\"><strong>Momento de que en las \u201cma\u00f1aneras\u201d empiece a recoger sus varas<\/strong><\/p>\n<p>Los estudios en cuesti\u00f3n no toman en cuenta el hartazgo de la gente que vive en los estados aplastados por la inequitativa distribuci\u00f3n del presupuesto. Ah\u00ed, en esos estados que cuentan con el mayor n\u00famero de electores del pa\u00eds, est\u00e1 anidado un voto de castigo, imposible de capturar por los brigadistas de Morena.<\/p>\n<p>Por el partido oficial menos, porque simplemente, no existe. Y lo que existe, est\u00e1 desgarrado en reyertas intestinas. La ambici\u00f3n por el poder ha hecho que resurjan personajes impresentables, ligados con grupos delincuenciales.<\/p>\n<p>La restauraci\u00f3n es posible. Pero la ignorancia es atrevida, y de aqu\u00ed a entonces ocupar\u00e1 el fervor\u00edn de las \u201cma\u00f1aneras\u201d para seguir insultando a todos. Deben empezar a recoger las varas. Su destino est\u00e1 marcado.<\/p>\n<p>\u00bfNo cree usted?<\/p>\n<p><strong><em>\u00cdndice Flam\u00edgero<\/em><\/strong><em>:<\/em> Est\u00e1 muy nervioso. Irritable. As\u00ed describen algunos de los cercanos al actual Andr\u00e9s Manuel L\u00f3pez Obrador. \u00bfLa raz\u00f3n? La p\u00e9sima conducci\u00f3n de Morena, a cargo de Mario Delgado, personero de Marcelo Ebrard. Por los pleitos internos que no cesan. Por las deserciones. Por lo poco que ya queda de aquel Movimiento que en 2018 consigui\u00f3 echar de Los Pinos a quienes, hasta ahora, han sido los gobernantes m\u00e1s corruptos despu\u00e9s de Miguel Alem\u00e1n Vald\u00e9s. Y en las \u201cma\u00f1aneras\u201d ya se le empieza a notar.<\/p>\n<p><em><u><a href=\"http:\/\/www.indicepolitico.com\" target=\"_blank\" rel=\"noopener noreferrer\">www.indicepolitico.com<\/a><\/u><u><br \/>\n<\/u><a href=\"mailto:indicepolitico@gmail.com\" target=\"_blank\" rel=\"noopener noreferrer\">indicepolitico@gmail.com<\/a><\/em><br \/>\n<em><a href=\"https:\/\/twitter.com\/indicepolitico?lang=es\" target=\"_blank\" rel=\"noopener noreferrer\">@IndicePolitico<\/a><\/em><br \/>\n<em><u><a href=\"https:\/\/twitter.com\/pacorodriguez\" target=\"_blank\" rel=\"noopener noreferrer\">@pacorodriguez<\/a><\/u><\/em><\/p>\n","protected":false},"excerpt":{"rendered":"<p><span style=\"color: #005497;\"><strong>Francisco Rodr\u00edguez<\/strong><\/span><br \/>\n<br \/>\nEl pueblo est\u00e1 exhausto. No soporta m\u00e1s que la pol\u00edtica sea eso que s\u00f3lo le interesa a los pol\u00edticos, ni que se tome como una argucia para calmar instintos de perpetuidad en el poder. La pol\u00edtica es aquello que hoy nos interesa a todos porque esas dos posturas tradicionales son las que nos tienen en coma.<\/p>\n","protected":false},"author":3,"featured_media":0,"comment_status":"open","ping_status":"open","sticky":false,"template":"","format":"standard","meta":{"_monsterinsights_skip_tracking":false,"_monsterinsights_sitenote_active":false,"_monsterinsights_sitenote_note":"","_monsterinsights_sitenote_category":0,"footnotes":""},"categories":[549],"tags":[43689,550,43674],"class_list":["post-505747","post","type-post","status-publish","format-standard","hentry","category-francisco-rodriguez","tag-francisco-rodriguez","tag-indice-politico","tag-opinion"],"_links":{"self":[{"href":"https:\/\/www.diarioimagen.net\/index.php?rest_route=\/wp\/v2\/posts\/505747","targetHints":{"allow":["GET"]}}],"collection":[{"href":"https:\/\/www.diarioimagen.net\/index.php?rest_route=\/wp\/v2\/posts"}],"about":[{"href":"https:\/\/www.diarioimagen.net\/index.php?rest_route=\/wp\/v2\/types\/post"}],"author":[{"embeddable":true,"href":"https:\/\/www.diarioimagen.net\/index.php?rest_route=\/wp\/v2\/users\/3"}],"replies":[{"embeddable":true,"href":"https:\/\/www.diarioimagen.net\/index.php?rest_route=%2Fwp%2Fv2%2Fcomments&post=505747"}],"version-history":[{"count":0,"href":"https:\/\/www.diarioimagen.net\/index.php?rest_route=\/wp\/v2\/posts\/505747\/revisions"}],"wp:attachment":[{"href":"https:\/\/www.diarioimagen.net\/index.php?rest_route=%2Fwp%2Fv2%2Fmedia&parent=505747"}],"wp:term":[{"taxonomy":"category","embeddable":true,"href":"https:\/\/www.diarioimagen.net\/index.php?rest_route=%2Fwp%2Fv2%2Fcategories&post=505747"},{"taxonomy":"post_tag","embeddable":true,"href":"https:\/\/www.diarioimagen.net\/index.php?rest_route=%2Fwp%2Fv2%2Ftags&post=505747"}],"curies":[{"name":"wp","href":"https:\/\/api.w.org\/{rel}","templated":true}]}}