{"id":505761,"date":"2021-05-05T00:12:33","date_gmt":"2021-05-05T05:12:33","guid":{"rendered":"https:\/\/www.diarioimagen.net\/?p=505761"},"modified":"2021-05-05T00:44:50","modified_gmt":"2021-05-05T05:44:50","slug":"piden-comision-legislativa-que-acompane-la-investigacion","status":"publish","type":"post","link":"https:\/\/www.diarioimagen.net\/?p=505761","title":{"rendered":"Piden comisi\u00f3n legislativa que acompa\u00f1e la investigaci\u00f3n"},"content":{"rendered":"<h2>Tras la puerta del poder<\/h2>\n<h5>Roberto Vizca\u00edno<\/h5>\n<p>&nbsp;<\/p>\n<p>El mundo pol\u00edtico mexicano se meti\u00f3 de lleno al colapso de la L\u00ednea 12 del Metro, y senadores y diputados de oposici\u00f3n pidieron crear sendas comisiones legislativas que acompa\u00f1en a las investigaciones t\u00e9cnicas y penales del percance, para as\u00ed garantizar juicio y castigo a culpables, y un posible juicio pol\u00edtico a autoridades responsables.<\/p>\n<p>Frente a estos reclamos, el zacatecano <strong>Ricardo Monreal<\/strong>, el personaje m\u00e1s emblem\u00e1tico e influyente de la 4T en el Congreso y el poder pol\u00edtico en M\u00e9xico, le exigi\u00f3 a opositores guardar objetividad y madurez, y alejarse de posiciones electoreras para permitir que \u201caflore\u201d la verdad en estos hechos.<\/p>\n<p>Poco m\u00e1s tarde promover\u00eda un minuto de silencio en homenaje a las v\u00edctimas, mientras <strong>Eduardo Ram\u00edrez<\/strong>, presidente del Senado, acompa\u00f1ado por el veracruzano <strong>Julen Rementer\u00eda<\/strong>, coordinador de los senadores del PAN; de <strong>Abelardo Mart\u00edn, <\/strong>coordinador de Comunicaci\u00f3n Social y de <strong>Eduardo Fern\u00e1ndez, <\/strong>director del Canal del Congreso, izaba la bandera a media asta.<\/p>\n<p>El zacatecano confi\u00f3 en que las autoridades cumplan con su responsabilidad y pronto lleguen a la verdad de estos hechos.<\/p>\n<p>Entre las primeras reacciones la Constructora ICA se deslind\u00f3 y se\u00f1al\u00f3 a Carso, de la familia <strong>Slim<\/strong>, de tener responsabilidad en estos hechos.<\/p>\n<p>En este contexto, entre el estupor y el dolor de los mexicanos, <strong>Fernando Espino<\/strong> l\u00edder de m\u00e1s de 8 mil trabajadores del Metro adelant\u00f3 que ir\u00e1n en los siguientes d\u00edas a una huelga en reclamo de programas de rehabilitaci\u00f3n y mantenimiento para evitar m\u00e1s hechos como \u00e9ste. Record\u00f3 que de la falla que provoc\u00f3 el derrumbe de antenoche se hicieron varios reportes desde 2019 a la fecha. Mientras la L\u00ednea 12 volver\u00e1 a permanecer cerrada de manera indefinida.<\/p>\n<p style=\"text-align: center;\"><strong>La pandemia obliga a modernizar el IEPS <\/strong><\/p>\n<p>Mientras tanto, senadores, especialistas y productores exigieron ir a la revisi\u00f3n y modernizaci\u00f3n del Impuesto Especial sobre Producci\u00f3n y Servicios, el controvertido IEPS, aplicado a bebidas alcoh\u00f3licas a fin de, dijeron, impulsar y fortalecer a las peque\u00f1as y medianas empresas.<\/p>\n<p>Todos ellos indicaron que urge pasar a un modelo recaudatorio de cuota fija, que permita competir a los peque\u00f1os productores.<\/p>\n<p>As\u00ed, durante el foro \u201cHacia la modernizaci\u00f3n del esquema fiscal de las bebidas alcoh\u00f3licas en M\u00e9xico\u201d, el senador <strong>Gerardo Novelo <\/strong>-suplente del senador<strong> Jaime Bonilla, <\/strong>hoy gobernador de Baja California-, indic\u00f3 que la ca\u00edda econ\u00f3mica generada por la pandemia de la Covid-19 obliga a buscar nuevas fuentes de financiamiento fiscal.<\/p>\n<p style=\"text-align: center;\"><strong>Debates definen alcances de candidatos <\/strong><\/p>\n<p>Con candidatos en su mayor\u00eda poco atractivos, las 15 entidades, donde se renovar\u00e1n gubernaturas tienen programados este mes de cierre electoral una serie de debates donde se espera expongan programas y propuestas.<\/p>\n<p>As\u00ed, el pasado fin de semana arranc\u00f3 en Quer\u00e9taro un encontronazo que no hizo mella al preferido de los votantes del estado, el panista <strong>Mauricio Kuri<\/strong>.<\/p>\n<p>En este debate participaron los 10 candidatos que aparecer\u00e1n en la boleta local a saber: <strong>Kuri<\/strong> (PAN); <strong>Abigail Arredondo<\/strong> (PRI); <strong>Raquel Ruiz<\/strong> (PRD); <strong>Celia Maya<\/strong> (Morena); <strong>Miguel Nava<\/strong> (RSP); <strong>Beatriz Le\u00f3n<\/strong> (MC); <strong>Juan Carlos Mart\u00ednez<\/strong> (Fuerza por M\u00e9xico); <strong>Katia Res\u00e9ndiz<\/strong> (PVEM); <strong>Pen\u00e9lope Ram\u00edrez<\/strong> (PT); <strong>Mar\u00eda de Jes\u00fas Ibarra<\/strong> (PES). Demasiados aspirantes para tan poco premio, porque <strong>Kuri <\/strong>solito se levanta el 52 por ciento de las preferencias electorales.<\/p>\n<p>Donde hubo m\u00e1s expectaci\u00f3n fue el pasado fin de semana en Baja California ya que la candidata del sistema, la morenista <strong>Marina del Pilar \u00c1vila<\/strong> -dicen, protegida del gobernador saliente, el tambi\u00e9n senador con licencia <strong>Jaime Bonilla<\/strong>-, no asisti\u00f3 al debate.<\/p>\n<p>Y pues le dej\u00f3 cancha abierta y puesta al preferido de las encuestas, al ingeniero y due\u00f1o de Caliente, el pri\u00edsta <strong>Jorge Hank<\/strong>, quien aprovech\u00f3 para promover sus aplicaciones digitales donde los ciudadanos y quien quiera pueden consultar sus propuestas y pronunciamientos m\u00e1s importantes.<\/p>\n<p>El golpe pol\u00edtico y electoral contra la candidata de Morena, <strong>Marina del Pilar<\/strong>, vino no de <strong>Hank,<\/strong> sino del Departamento de Estado de Estados Unidos que recomend\u00f3 este mismo fin de semana a sus ciudadanos no visitar Mexicali, por los altos \u00edndices de delincuencia y violencia que se presentan en la capital bajacaliforniana. Resulta que <strong>Mar\u00edna del Pilar<\/strong> era hasta hace unos meses alcaldesa de esa ciudad. Como dir\u00eda <strong><em>Robin<\/em><\/strong> a <strong><em>Batman<\/em><\/strong>: <em>\u00a1Santas -e inoportunas- recomendaciones!<\/em><\/p>\n<p>Otro debate por dem\u00e1s esperado es el de Nuevo Le\u00f3n, donde se medir\u00e1n finalmente el senador <strong>Samuel Garc\u00eda<\/strong> (puntero con m\u00e1s de 30 puntos de preferencias electorales) y el pri\u00edsta <strong>Adri\u00e1n de la Garza<\/strong> (con m\u00e1s fe 20 puntos) y con la neomorenista <strong>Clara Luz Flores<\/strong> ya en un lejano tercer sitio.<\/p>\n<p><em><a href=\"mailto:rvizcainoa@gmail.com\" target=\"_blank\" rel=\"noopener noreferrer\">rvizcainoa@gmail.com<\/a><br \/>\n<u><a href=\"http:\/\/endirecto.mx\" target=\"_blank\" rel=\"noopener noreferrer\">www.endirecto.mx<\/a><br \/>\n<a href=\"https:\/\/twitter.com\/_rvizcaino\" target=\"_blank\" rel=\"noopener noreferrer\">@_RVizcaino<\/a><br \/>\n<a href=\"https:\/\/www.facebook.com\/rvizcainoa\" target=\"_blank\" rel=\"noopener noreferrer\">facebook.com\/rvizcainoa<\/a><\/u><\/em><\/p>\n","protected":false},"excerpt":{"rendered":"<p><span style=\"color: #005497;\"><strong>Roberto Vizca\u00edno<\/strong><\/span><br \/>\n<br \/>\nEl mundo pol\u00edtico mexicano se meti\u00f3 de lleno al colapso de la L\u00ednea 12 del Metro, y senadores y diputados de oposici\u00f3n pidieron crear sendas comisiones legislativas que acompa\u00f1en a las investigaciones t\u00e9cnicas y penales del percance, para as\u00ed garantizar juicio y castigo a culpables, y un posible juicio pol\u00edtico a autoridades responsables.\u00a0<\/p>\n","protected":false},"author":3,"featured_media":0,"comment_status":"open","ping_status":"open","sticky":false,"template":"","format":"standard","meta":{"_monsterinsights_skip_tracking":false,"_monsterinsights_sitenote_active":false,"_monsterinsights_sitenote_note":"","_monsterinsights_sitenote_category":0,"footnotes":""},"categories":[136],"tags":[43674,93,94],"class_list":["post-505761","post","type-post","status-publish","format-standard","hentry","category-roberto-vizcaino-opinion","tag-opinion","tag-roberto-vizcaino","tag-tras-la-puerta-del-poder"],"_links":{"self":[{"href":"https:\/\/www.diarioimagen.net\/index.php?rest_route=\/wp\/v2\/posts\/505761","targetHints":{"allow":["GET"]}}],"collection":[{"href":"https:\/\/www.diarioimagen.net\/index.php?rest_route=\/wp\/v2\/posts"}],"about":[{"href":"https:\/\/www.diarioimagen.net\/index.php?rest_route=\/wp\/v2\/types\/post"}],"author":[{"embeddable":true,"href":"https:\/\/www.diarioimagen.net\/index.php?rest_route=\/wp\/v2\/users\/3"}],"replies":[{"embeddable":true,"href":"https:\/\/www.diarioimagen.net\/index.php?rest_route=%2Fwp%2Fv2%2Fcomments&post=505761"}],"version-history":[{"count":0,"href":"https:\/\/www.diarioimagen.net\/index.php?rest_route=\/wp\/v2\/posts\/505761\/revisions"}],"wp:attachment":[{"href":"https:\/\/www.diarioimagen.net\/index.php?rest_route=%2Fwp%2Fv2%2Fmedia&parent=505761"}],"wp:term":[{"taxonomy":"category","embeddable":true,"href":"https:\/\/www.diarioimagen.net\/index.php?rest_route=%2Fwp%2Fv2%2Fcategories&post=505761"},{"taxonomy":"post_tag","embeddable":true,"href":"https:\/\/www.diarioimagen.net\/index.php?rest_route=%2Fwp%2Fv2%2Ftags&post=505761"}],"curies":[{"name":"wp","href":"https:\/\/api.w.org\/{rel}","templated":true}]}}