{"id":505869,"date":"2021-05-06T00:05:32","date_gmt":"2021-05-06T05:05:32","guid":{"rendered":"https:\/\/www.diarioimagen.net\/?p=505869"},"modified":"2021-05-06T23:36:04","modified_gmt":"2021-05-07T04:36:04","slug":"arranca-vacunacion-a-personas-de-50-a-59-anos-en-toluca-metepec-y-huixquilucan","status":"publish","type":"post","link":"https:\/\/www.diarioimagen.net\/?p=505869","title":{"rendered":"Arranca vacunaci\u00f3n a personas de 50 a 59 a\u00f1os en Toluca, Metepec y Huixquilucan"},"content":{"rendered":"<p>&nbsp;<\/p>\n<h3 style=\"text-align: center;\">Reitera Salud que las dosis son seguras y efectivas<\/h3>\n<p>&nbsp;<\/p>\n<ul>\n<li><em><strong>Recomiendan que una vez inmunizados se debe continuar con medidas preventivas<\/strong> <\/em><\/li>\n<\/ul>\n<p>&nbsp;<\/p>\n<div id=\"attachment_505966\" style=\"width: 470px\" class=\"wp-caption aligncenter\"><a href=\"https:\/\/www.diarioimagen.net\/?attachment_id=505966\" rel=\"attachment wp-att-505966\"><img loading=\"lazy\" decoding=\"async\" aria-describedby=\"caption-attachment-505966\" class=\"size-full wp-image-505966\" src=\"https:\/\/www.diarioimagen.net\/wp-content\/uploads\/2021\/05\/EDOMEX-3.jpg\" alt=\"\" width=\"460\" height=\"270\" \/><\/a><p id=\"caption-attachment-505966\" class=\"wp-caption-text\">Comenz\u00f3 la aplicaci\u00f3n del biol\u00f3gico contra Covid-19 a personas de 50 a 59 a\u00f1os de edad en los municipios de Toluca, Metepec y Huixquilucan.<\/p><\/div>\n<p>&nbsp;<\/p>\n<p><strong>Toluca, Estado de M\u00e9xico.- <\/strong>Este mi\u00e9rcoles inici\u00f3 con gran participaci\u00f3n la aplicaci\u00f3n del biol\u00f3gico contra COVID-19 a personas de 50 a 59 a\u00f1os de edad en los municipios de Toluca, Metepec y Huixquilucan, as\u00ed lo dio a conocer la Secretar\u00eda de Salud del Estado de M\u00e9xico, quien reiter\u00f3 que las vacunas son seguras y previenen las complicaciones graves de la enfermedad.<\/p>\n<p>Inform\u00f3 que durante los d\u00edas en que se llevar\u00e1n a cabo las jornadas de vacunaci\u00f3n, la meta proyectada es de alrededor de 80 mil primeras dosis en adultos de 50 a 59 a\u00f1os de edad residentes en el municipio de Toluca; 23 mil primeras dosis para habitantes de Metepec y alrededor de 25 mil para este sector de la poblaci\u00f3n en Huixquilucan.<\/p>\n<p>Con el apoyo de las T\u00e9cnicas de Atenci\u00f3n Primaria a la Salud (TAPS), personal de salud y enfermeras, arranc\u00f3 la inmunizaci\u00f3n a los adultos que acudieron a las diversas sedes establecidas en coordinaci\u00f3n con las autoridades municipales de acuerdo con la letra inicial de su apellido.<\/p>\n<p>Autoridades recordaron que para agilizar el proceso es importante llevar impreso el formato generado al registrarse en el portal https:\/\/mivacuna.salud.gob.mx\/index.php, adem\u00e1s de presentar una identificaci\u00f3n oficial que acredite su edad y residencia en estos municipios, as\u00ed como CURP.<\/p>\n<p>La Secretar\u00eda de Salud del Estado de M\u00e9xico record\u00f3 que todas las vacunas han pasado por diversas fases de investigaci\u00f3n que han confirmado su efectividad y seguridad, por lo que, en el caso de Toluca, Metepec y Huixquilucan la inoculaci\u00f3n se realiza con la aplicaci\u00f3n del biol\u00f3gico de Pfizer-BioNTech.<\/p>\n<p>Exhortaron a todas las personas de este grupo de edad que residan en dichas demarcaciones a que acudan a las sedes habilitadas de acuerdo con la letra inicial de su primer apellido.<\/p>\n<p>Se\u00f1alaron que es importante acudir desayunados, si padecen alguna enfermedad, que tomen sus medicamentos, se hidraten bien y se protejan con una gorra, sombrero o sombrilla del sol e hizo hincapi\u00e9 en portar en todo momento cubrebocas, respetar la sana distancia, pero fundamentalmente continuar con las medidas preventivas una vez que hayan sido vacunados, pues el biol\u00f3gico refuerza el sistema inmunol\u00f3gico y sirve para crear defensas en el ser humano y evitar que su estado de salud se agrave en caso de contraer el virus.<\/p>\n<p>La vacunaci\u00f3n en los municipios de Huixquilucan y Metepec se realizar\u00e1 del 5 al 7 de mayo de acuerdo con el siguiente esquema:<\/p>\n<p>Las personas con letra inicial de primer apellido A, B, C, D, E, F, G, H, reciben su primera dosis el 5 de mayo; I, J, K, L, M, N, \u00d1, O, P, el 6 de mayo; Q, R, S, T, U, V, W, X, Y, Z y personas rezagadas, el 7 de mayo.<\/p>\n<p>Por su parte, en el municipio de Toluca la vacunaci\u00f3n a este sector de la poblaci\u00f3n se desarrollar\u00e1 del 5 al 8 de mayo, de acuerdo con lo siguiente:<\/p>\n<p>Las personas con letra inicial de primer apellido A, B, C, D, E, F reciben su primera dosis el 5 de mayo; G, H, I, J, K, L, el 6 de mayo; M, N, \u00d1, O, P, Q, el 7 de mayo; R, S, T, U, V, W, X, Y, Z y personas rezagadas, el 8 de mayo.<\/p>\n<p>Finalmente, autoridades hacen un llamado a las personas que van a aplicarse el biol\u00f3gico, para que no acudan a pernoctar o llegar de madrugada a las sedes y, en la medida de lo posible, escalonen su arribo para no exponerse a largas filas o aglomeraciones que pongan en riesgo su salud.<\/p>\n","protected":false},"excerpt":{"rendered":"<p>Este mi\u00e9rcoles inici\u00f3 con gran participaci\u00f3n la aplicaci\u00f3n del biol\u00f3gico contra COVID-19 a personas de 50 a 59 a\u00f1os de edad en los municipios de Toluca, Metepec y Huixquilucan, as\u00ed lo dio a conocer la Secretar\u00eda de Salud del Estado de M\u00e9xico, quien reiter\u00f3 que las vacunas son seguras y previenen las complicaciones graves de la enfermedad.<\/p>\n","protected":false},"author":3,"featured_media":505966,"comment_status":"open","ping_status":"open","sticky":false,"template":"","format":"standard","meta":{"_monsterinsights_skip_tracking":false,"_monsterinsights_sitenote_active":false,"_monsterinsights_sitenote_note":"","_monsterinsights_sitenote_category":0,"footnotes":""},"categories":[5],"tags":[43675,452,2643],"class_list":["post-505869","post","type-post","status-publish","format-standard","has-post-thumbnail","hentry","category-estado-de-mexico","tag-estado-de-mexico","tag-toluca","tag-vacunacion"],"_links":{"self":[{"href":"https:\/\/www.diarioimagen.net\/index.php?rest_route=\/wp\/v2\/posts\/505869","targetHints":{"allow":["GET"]}}],"collection":[{"href":"https:\/\/www.diarioimagen.net\/index.php?rest_route=\/wp\/v2\/posts"}],"about":[{"href":"https:\/\/www.diarioimagen.net\/index.php?rest_route=\/wp\/v2\/types\/post"}],"author":[{"embeddable":true,"href":"https:\/\/www.diarioimagen.net\/index.php?rest_route=\/wp\/v2\/users\/3"}],"replies":[{"embeddable":true,"href":"https:\/\/www.diarioimagen.net\/index.php?rest_route=%2Fwp%2Fv2%2Fcomments&post=505869"}],"version-history":[{"count":0,"href":"https:\/\/www.diarioimagen.net\/index.php?rest_route=\/wp\/v2\/posts\/505869\/revisions"}],"wp:featuredmedia":[{"embeddable":true,"href":"https:\/\/www.diarioimagen.net\/index.php?rest_route=\/wp\/v2\/media\/505966"}],"wp:attachment":[{"href":"https:\/\/www.diarioimagen.net\/index.php?rest_route=%2Fwp%2Fv2%2Fmedia&parent=505869"}],"wp:term":[{"taxonomy":"category","embeddable":true,"href":"https:\/\/www.diarioimagen.net\/index.php?rest_route=%2Fwp%2Fv2%2Fcategories&post=505869"},{"taxonomy":"post_tag","embeddable":true,"href":"https:\/\/www.diarioimagen.net\/index.php?rest_route=%2Fwp%2Fv2%2Ftags&post=505869"}],"curies":[{"name":"wp","href":"https:\/\/api.w.org\/{rel}","templated":true}]}}